{"id":142814,"date":"2025-06-01T00:09:11","date_gmt":"2025-06-01T00:09:11","guid":{"rendered":"https:\/\/www.europesays.com\/fr\/142814\/"},"modified":"2025-06-01T00:09:11","modified_gmt":"2025-06-01T00:09:11","slug":"previsions-du-dimanche-1-juin-2025-5","status":"publish","type":"post","link":"https:\/\/www.europesays.com\/fr\/142814\/","title":{"rendered":"pr\u00e9visions du dimanche 1 juin 2025"},"content":{"rendered":"<p>La grisaille ne se dissipe toujours pas, il y aura encore des nuages aujourd&rsquo;hui. Il fera 20\u00b0C en moyenne \u00e0 Strasbourg. Il sera compliqu\u00e9 de rester au sec car de la pluie est annonc\u00e9e dans la matin\u00e9e. On pr\u00e9voit des valeurs avoisinant 20\u00b0C. Un l\u00e9ger vent de sud-ouest soufflera. Des pluies \u00e9parses tomberont dans l&rsquo;apr\u00e8s-midi. Les maximales pourront atteindre 24\u00b0C alors que les minimales seront de 22\u00b0C. On passera de dimanche \u00e0 lundi par une nuit brumeuse.<\/p>\n<p>Une baisse des temp\u00e9ratures est pr\u00e9vue \u00e0 Strasbourg, demain. Les valeurs seront comprises entre 15 et 22\u00b0C. Une modeste brise de nord-ouest sera ressentie par les habitants. Il y a une menace d&rsquo;averses le matin. On notera la pr\u00e9sence persistante de nuages demain apr\u00e8s-midi. Des pluies \u00e9parses sont pr\u00e9vues. Les valeurs iront de 19 \u00e0 22\u00b0C. Des \u00e9claircies sont attendues : on passera une soir\u00e9e cl\u00e9mente. Le mercure affichera 17\u00b0C en moyenne.<\/p>\n<p>Le temps restera stable les jours \u00e0 venir. Des temp\u00e9ratures dans les 16\u00b0C iront de pair avec un ciel pluvieux.<\/p>\n<p><\/p>\n","protected":false},"excerpt":{"rendered":"La grisaille ne se dissipe toujours pas, il y aura encore des nuages aujourd&rsquo;hui. Il fera 20\u00b0C en&hellip;\n","protected":false},"author":2,"featured_media":142815,"comment_status":"","ping_status":"","sticky":false,"template":"","format":"standard","meta":{"footnotes":""},"categories":[2820],"tags":[1111,11,2389,2649,1777,674,1011,27,775,12,2119,25,640],"class_list":{"0":"post-142814","1":"post","2":"type-post","3":"status-publish","4":"format-standard","5":"has-post-thumbnail","7":"category-strasbourg","8":"tag-actu","9":"tag-actualites","10":"tag-alsace","11":"tag-bas-rhin","12":"tag-eu","13":"tag-europe","14":"tag-fr","15":"tag-france","16":"tag-grand-est","17":"tag-news","18":"tag-previsions-meteo","19":"tag-republique-francaise","20":"tag-strasbourg"},"share_on_mastodon":{"url":"https:\/\/pubeurope.com\/@fr\/114605206068439496","error":""},"_links":{"self":[{"href":"https:\/\/www.europesays.com\/fr\/wp-json\/wp\/v2\/posts\/142814","targetHints":{"allow":["GET"]}}],"collection":[{"href":"https:\/\/www.europesays.com\/fr\/wp-json\/wp\/v2\/posts"}],"about":[{"href":"https:\/\/www.europesays.com\/fr\/wp-json\/wp\/v2\/types\/post"}],"author":[{"embeddable":true,"href":"https:\/\/www.europesays.com\/fr\/wp-json\/wp\/v2\/users\/2"}],"replies":[{"embeddable":true,"href":"https:\/\/www.europesays.com\/fr\/wp-json\/wp\/v2\/comments?post=142814"}],"version-history":[{"count":0,"href":"https:\/\/www.europesays.com\/fr\/wp-json\/wp\/v2\/posts\/142814\/revisions"}],"wp:featuredmedia":[{"embeddable":true,"href":"https:\/\/www.europesays.com\/fr\/wp-json\/wp\/v2\/media\/142815"}],"wp:attachment":[{"href":"https:\/\/www.europesays.com\/fr\/wp-json\/wp\/v2\/media?parent=142814"}],"wp:term":[{"taxonomy":"category","embeddable":true,"href":"https:\/\/www.europesays.com\/fr\/wp-json\/wp\/v2\/categories?post=142814"},{"taxonomy":"post_tag","embeddable":true,"href":"https:\/\/www.europesays.com\/fr\/wp-json\/wp\/v2\/tags?post=142814"}],"curies":[{"name":"wp","href":"https:\/\/api.w.org\/{rel}","templated":true}]}}