{"id":142818,"date":"2025-06-01T00:11:09","date_gmt":"2025-06-01T00:11:09","guid":{"rendered":"https:\/\/www.europesays.com\/fr\/142818\/"},"modified":"2025-06-01T00:11:09","modified_gmt":"2025-06-01T00:11:09","slug":"previsions-du-dimanche-1-juin-2025-6","status":"publish","type":"post","link":"https:\/\/www.europesays.com\/fr\/142818\/","title":{"rendered":"pr\u00e9visions du dimanche 1 juin 2025"},"content":{"rendered":"<p>Aujourd&rsquo;hui, un beau soleil rayonnera sur Nice. Les temp\u00e9ratures afficheront entre 18 et 23\u00b0C. Un l\u00e9ger vent de sud-est sera ressenti par les habitants. Dans la matin\u00e9e, les temp\u00e9ratures tourneront autour des 22\u00b0C. Les valeurs s&rsquo;\u00e9chelonneront entre 21 et 23\u00b0C pendant l&rsquo;apr\u00e8s-midi. Les temp\u00e9ratures seront comprises entre 20 et 21\u00b0C le soir. Pendant votre sommeil, dans la nuit de dimanche \u00e0 lundi, le ciel sera clair.<\/p>\n<p>Demain, les valeurs afficheront entre 18 et 23\u00b0C \u00e0 Nice. Un vent de sud-est rafra\u00eechira un peu l&rsquo;atmosph\u00e8re. Un magnifique soleil va briller et ce, tout au long de la matin\u00e9e. Les maximales iront jusqu&rsquo;\u00e0 23\u00b0C et les minimales seront de 19\u00b0C. C&rsquo;est \u00e0 un ciel tapiss\u00e9 de nuages qu&rsquo;il faudra s&rsquo;attendre demain apr\u00e8s-midi. Intemp\u00e9ries : on annonce des pluies \u00e9parses. Les temp\u00e9ratures s&rsquo;\u00e9chelonneront entre 21 et 23\u00b0C. La grisaille ne se dissipe toujours pas, il va y avoir encore des nuages demain soir. Il faudra emporter son parapluie pour se prot\u00e9ger des pluies \u00e9parses. Il va faire 20\u00b0C en moyenne.<\/p>\n<p>Le temps des journ\u00e9es suivantes va \u00e9voluer peu \u00e0 peu. La m\u00e9t\u00e9o perdurera mardi mais une d\u00e9gradation s&rsquo;ensuivra mercredi.<\/p>\n<p><\/p>\n","protected":false},"excerpt":{"rendered":"Aujourd&rsquo;hui, un beau soleil rayonnera sur Nice. Les temp\u00e9ratures afficheront entre 18 et 23\u00b0C. Un l\u00e9ger vent de&hellip;\n","protected":false},"author":2,"featured_media":142819,"comment_status":"","ping_status":"","sticky":false,"template":"","format":"standard","meta":{"footnotes":""},"categories":[2819],"tags":[1111,11,2898,1777,674,1011,27,12,2401,883,2119,882,25],"class_list":{"0":"post-142818","1":"post","2":"type-post","3":"status-publish","4":"format-standard","5":"has-post-thumbnail","7":"category-nice","8":"tag-actu","9":"tag-actualites","10":"tag-alpes-maritimes","11":"tag-eu","12":"tag-europe","13":"tag-fr","14":"tag-france","15":"tag-news","16":"tag-nice","17":"tag-paca","18":"tag-previsions-meteo","19":"tag-provence-alpes-cote-dazur","20":"tag-republique-francaise"},"share_on_mastodon":{"url":"https:\/\/pubeurope.com\/@fr\/114605213840753533","error":""},"_links":{"self":[{"href":"https:\/\/www.europesays.com\/fr\/wp-json\/wp\/v2\/posts\/142818","targetHints":{"allow":["GET"]}}],"collection":[{"href":"https:\/\/www.europesays.com\/fr\/wp-json\/wp\/v2\/posts"}],"about":[{"href":"https:\/\/www.europesays.com\/fr\/wp-json\/wp\/v2\/types\/post"}],"author":[{"embeddable":true,"href":"https:\/\/www.europesays.com\/fr\/wp-json\/wp\/v2\/users\/2"}],"replies":[{"embeddable":true,"href":"https:\/\/www.europesays.com\/fr\/wp-json\/wp\/v2\/comments?post=142818"}],"version-history":[{"count":0,"href":"https:\/\/www.europesays.com\/fr\/wp-json\/wp\/v2\/posts\/142818\/revisions"}],"wp:featuredmedia":[{"embeddable":true,"href":"https:\/\/www.europesays.com\/fr\/wp-json\/wp\/v2\/media\/142819"}],"wp:attachment":[{"href":"https:\/\/www.europesays.com\/fr\/wp-json\/wp\/v2\/media?parent=142818"}],"wp:term":[{"taxonomy":"category","embeddable":true,"href":"https:\/\/www.europesays.com\/fr\/wp-json\/wp\/v2\/categories?post=142818"},{"taxonomy":"post_tag","embeddable":true,"href":"https:\/\/www.europesays.com\/fr\/wp-json\/wp\/v2\/tags?post=142818"}],"curies":[{"name":"wp","href":"https:\/\/api.w.org\/{rel}","templated":true}]}}