{"id":142826,"date":"2025-06-01T00:16:10","date_gmt":"2025-06-01T00:16:10","guid":{"rendered":"https:\/\/www.europesays.com\/fr\/142826\/"},"modified":"2025-06-01T00:16:10","modified_gmt":"2025-06-01T00:16:10","slug":"previsions-du-dimanche-1-juin-2025-7","status":"publish","type":"post","link":"https:\/\/www.europesays.com\/fr\/142826\/","title":{"rendered":"pr\u00e9visions du dimanche 1 juin 2025"},"content":{"rendered":"<p>On notera la pr\u00e9sence persistante de nuages aujourd&rsquo;hui \u00e0 Bordeaux. Les maximales pourront atteindre 23\u00b0C alors que les minimales seront de 15\u00b0C. Une brise de nord-ouest soufflera l\u00e9g\u00e8rement. La grisaille ne se dissipe toujours pas, il va y avoir encore des nuages le matin. Des pluies \u00e9parses vont tomber sur la ville. Les temp\u00e9ratures s&rsquo;\u00e9chelonneront de 22 \u00e0 23\u00b0C sur l&rsquo;ensemble de l&rsquo;apr\u00e8s-midi. Le soir, toujours des nuages dans le ciel qui emp\u00eachent le soleil de faire son apparition. Les valeurs tourneront autour des 19\u00b0C. On s&rsquo;attend \u00e0 une nuit claire entre dimanche et lundi.<\/p>\n<p>Le soleil se fera d\u00e9sirer demain sur Bordeaux, o\u00f9 des nuages sont bien install\u00e9s. Une baisse des temp\u00e9ratures est pr\u00e9vue. Il va faire 15\u00b0C en moyenne. Un petit vent de nord-ouest sera ressenti par les habitants. Le matin, des nuages ne voudront pas faire place au soleil. Le temps sera marqu\u00e9 par des pluies \u00e9parses. De la bruine va tomber au cours de l&rsquo;apr\u00e8s-midi. Les temp\u00e9ratures afficheront entre 15 et 16\u00b0C. De la bruine l\u00e9g\u00e8re tombera dans la soir\u00e9e.<\/p>\n<p>Des conditions m\u00e9t\u00e9orologiques instables sont \u00e0 pr\u00e9voir les jours suivants. Mardi, les conditions m\u00e9t\u00e9orologiques seront ensoleill\u00e9es tandis qu&rsquo;une d\u00e9gradation est pr\u00e9vue mercredi.<\/p>\n<p><\/p>\n","protected":false},"excerpt":{"rendered":"On notera la pr\u00e9sence persistante de nuages aujourd&rsquo;hui \u00e0 Bordeaux. Les maximales pourront atteindre 23\u00b0C alors que les&hellip;\n","protected":false},"author":2,"featured_media":142827,"comment_status":"","ping_status":"","sticky":false,"template":"","format":"standard","meta":{"footnotes":""},"categories":[2817],"tags":[1111,11,3177,1997,1777,674,1011,27,2905,12,2219,2119,25],"class_list":{"0":"post-142826","1":"post","2":"type-post","3":"status-publish","4":"format-standard","5":"has-post-thumbnail","7":"category-bordeaux","8":"tag-actu","9":"tag-actualites","10":"tag-aquitaine","11":"tag-bordeaux","12":"tag-eu","13":"tag-europe","14":"tag-fr","15":"tag-france","16":"tag-gironde","17":"tag-news","18":"tag-nouvelle-aquitaine","19":"tag-previsions-meteo","20":"tag-republique-francaise"},"share_on_mastodon":{"url":"https:\/\/pubeurope.com\/@fr\/114605233540026103","error":""},"_links":{"self":[{"href":"https:\/\/www.europesays.com\/fr\/wp-json\/wp\/v2\/posts\/142826","targetHints":{"allow":["GET"]}}],"collection":[{"href":"https:\/\/www.europesays.com\/fr\/wp-json\/wp\/v2\/posts"}],"about":[{"href":"https:\/\/www.europesays.com\/fr\/wp-json\/wp\/v2\/types\/post"}],"author":[{"embeddable":true,"href":"https:\/\/www.europesays.com\/fr\/wp-json\/wp\/v2\/users\/2"}],"replies":[{"embeddable":true,"href":"https:\/\/www.europesays.com\/fr\/wp-json\/wp\/v2\/comments?post=142826"}],"version-history":[{"count":0,"href":"https:\/\/www.europesays.com\/fr\/wp-json\/wp\/v2\/posts\/142826\/revisions"}],"wp:featuredmedia":[{"embeddable":true,"href":"https:\/\/www.europesays.com\/fr\/wp-json\/wp\/v2\/media\/142827"}],"wp:attachment":[{"href":"https:\/\/www.europesays.com\/fr\/wp-json\/wp\/v2\/media?parent=142826"}],"wp:term":[{"taxonomy":"category","embeddable":true,"href":"https:\/\/www.europesays.com\/fr\/wp-json\/wp\/v2\/categories?post=142826"},{"taxonomy":"post_tag","embeddable":true,"href":"https:\/\/www.europesays.com\/fr\/wp-json\/wp\/v2\/tags?post=142826"}],"curies":[{"name":"wp","href":"https:\/\/api.w.org\/{rel}","templated":true}]}}