{"id":142834,"date":"2025-06-01T00:21:26","date_gmt":"2025-06-01T00:21:26","guid":{"rendered":"https:\/\/www.europesays.com\/fr\/142834\/"},"modified":"2025-06-01T00:21:26","modified_gmt":"2025-06-01T00:21:26","slug":"des-peines-jusqua-13-ans-de-prison","status":"publish","type":"post","link":"https:\/\/www.europesays.com\/fr\/142834\/","title":{"rendered":"des peines jusqu&rsquo;\u00e0 13 ans de prison"},"content":{"rendered":"<p>Au proc\u00e8s \u00a0\u00bb\u00c9mail diamant\u00a0\u00bb, tentaculaire dossier de blanchiment des fonds occultes de la bande criminelle corse du \u00a0\u00bbPetit Bar\u00a0\u00bb, des peines allant jusqu&rsquo;\u00e0 13 ans de prison et pr\u00e8s de 10 millions d&rsquo;euros d&rsquo;amende au total ont \u00e9t\u00e9 prononc\u00e9es ce mercredi \u00e0 Marseille.<\/p>\n<p>Chef incontest\u00e9 du \u00a0\u00bbPetit Bar\u00a0\u00bb, selon l&rsquo;accusation, Jacques Santoni, qui ne s&rsquo;est jamais pr\u00e9sent\u00e9 \u00e0 ce proc\u00e8s fleuve ouvert en f\u00e9vrier, a \u00e9t\u00e9 condamn\u00e9 par le tribunal correctionnel \u00e0 13 ans de prison avec mandat d&rsquo;arr\u00eat, 1,5 million d&rsquo;euros d&rsquo;amende, une interdiction d\u00e9finitive de g\u00e9rer une entreprise et une in\u00e9ligibilit\u00e9 de cinq ans. Il a par contre \u00e9t\u00e9 relax\u00e9 pour le volet extorsion de l&rsquo;affaire, tout comme les autres pr\u00e9venus concern\u00e9s.<\/p>\n<p>Parmi les 24 pr\u00e9venus, seuls Fran\u00e7ois-Xavier Susini, riche commer\u00e7ant de Courchevel, et Ang\u00e9lique Peretti, avocate et fille du marchand d&rsquo;art Jean-Marc Peretti, ont b\u00e9n\u00e9fici\u00e9 d&rsquo;une relaxe compl\u00e8te. Concernant le noyau dur de cette bande criminelle, 12 ans de prison ont \u00e9t\u00e9 prononc\u00e9s contre Michael Ettori, le \u00ab bras droit \u00bb du chef, en fuite, ainsi qu&rsquo;une amende de 1,5 million d&rsquo;euros et l&rsquo;interdiction de g\u00e9rer une soci\u00e9t\u00e9.<\/p>\n<p>  Des ex-compagnes condamn\u00e9es<\/p>\n<p>Pour Pascal Porri, autre \u00ab pi\u00e8ce ma\u00eetresse \u00bb du clan, le seul \u00e0 compara\u00eetre d\u00e9tenu, une peine de 10 ans de prison a \u00e9t\u00e9 prononc\u00e9e ainsi qu&rsquo;une amende d&rsquo;un million d&rsquo;euros et l&rsquo;interdiction de g\u00e9rer. Le chef d&rsquo;entreprise Antony Perrino a, lui, \u00e9t\u00e9 condamn\u00e9 \u00e0 cinq ans de prison dont 30 mois avec sursis, une interdiction de g\u00e9rer pendant trois ans avec ex\u00e9cution provisoire et une amende de 750 000 euros.<\/p>\n<p>Parmi les compagnes ou ex-compagnes du noyau dur du clan, Sonia Susini, ex-\u00e9pouse de Jacques Santoni, \u00ab son \u00e9gale au f\u00e9minin \u00bb, selon la procureure, a \u00e9t\u00e9 condamn\u00e9e \u00e0 cinq ans de prison dont deux avec sursis avec mandat d&rsquo;arr\u00eat et 150 000 euros, ainsi que l&rsquo;interdiction d\u00e9finitive de g\u00e9rer. Saveria Lucchini, compagne de Michael Ettori, a elle \u00e9t\u00e9 condamn\u00e9e \u00e0 quatre ans de prison dont 18 mois avec sursis, avec mandat d&rsquo;arr\u00eat, une interdiction d\u00e9finitive de g\u00e9rer une entreprise et une amende de 200 000 euros.<\/p>\n<p>Concernant \u00ab les financiers \u00bb du clan, le milliardaire Jean-Pierre Valentini, vivant entre Duba\u00ef et la Suisse, a \u00e9t\u00e9 condamn\u00e9 \u00e0 quatre ans de prison avec sursis, une interdiction de g\u00e9rer pendant trois ans avec ex\u00e9cution provisoire et 750 000 euros d&rsquo;amende. Le \u00ab marchand d&rsquo;art \u00bb Jean-Marc Peretti, en fuite, a \u00e9t\u00e9 condamn\u00e9 \u00e0 cinq ans de prison avec mandat d&rsquo;arr\u00eat et 750 000 euros d&rsquo;amende. A noter qu&rsquo;une peine d&rsquo;in\u00e9ligibilit\u00e9 de cinq ans a \u00e9t\u00e9 prononc\u00e9e pour tous les pr\u00e9venus condamn\u00e9s.<\/p>\n","protected":false},"excerpt":{"rendered":"Au proc\u00e8s \u00a0\u00bb\u00c9mail diamant\u00a0\u00bb, tentaculaire dossier de blanchiment des fonds occultes de la bande criminelle corse du \u00a0\u00bbPetit&hellip;\n","protected":false},"author":2,"featured_media":142835,"comment_status":"","ping_status":"","sticky":false,"template":"","format":"standard","meta":{"footnotes":""},"categories":[2814],"tags":[1111,11,271,272,1777,674,274,107,1011,27,329,884,12,882,25],"class_list":{"0":"post-142834","1":"post","2":"type-post","3":"status-publish","4":"format-standard","5":"has-post-thumbnail","7":"category-marseille","8":"tag-actu","9":"tag-actualites","10":"tag-crime","11":"tag-delit-et-contravention","12":"tag-eu","13":"tag-europe","14":"tag-faits-divers-justice","15":"tag-fil-info","16":"tag-fr","17":"tag-france","18":"tag-france-monde","19":"tag-marseille","20":"tag-news","21":"tag-provence-alpes-cote-dazur","22":"tag-republique-francaise"},"share_on_mastodon":{"url":"https:\/\/pubeurope.com\/@fr\/114605253792769127","error":""},"_links":{"self":[{"href":"https:\/\/www.europesays.com\/fr\/wp-json\/wp\/v2\/posts\/142834","targetHints":{"allow":["GET"]}}],"collection":[{"href":"https:\/\/www.europesays.com\/fr\/wp-json\/wp\/v2\/posts"}],"about":[{"href":"https:\/\/www.europesays.com\/fr\/wp-json\/wp\/v2\/types\/post"}],"author":[{"embeddable":true,"href":"https:\/\/www.europesays.com\/fr\/wp-json\/wp\/v2\/users\/2"}],"replies":[{"embeddable":true,"href":"https:\/\/www.europesays.com\/fr\/wp-json\/wp\/v2\/comments?post=142834"}],"version-history":[{"count":0,"href":"https:\/\/www.europesays.com\/fr\/wp-json\/wp\/v2\/posts\/142834\/revisions"}],"wp:featuredmedia":[{"embeddable":true,"href":"https:\/\/www.europesays.com\/fr\/wp-json\/wp\/v2\/media\/142835"}],"wp:attachment":[{"href":"https:\/\/www.europesays.com\/fr\/wp-json\/wp\/v2\/media?parent=142834"}],"wp:term":[{"taxonomy":"category","embeddable":true,"href":"https:\/\/www.europesays.com\/fr\/wp-json\/wp\/v2\/categories?post=142834"},{"taxonomy":"post_tag","embeddable":true,"href":"https:\/\/www.europesays.com\/fr\/wp-json\/wp\/v2\/tags?post=142834"}],"curies":[{"name":"wp","href":"https:\/\/api.w.org\/{rel}","templated":true}]}}