{"id":142838,"date":"2025-06-01T00:23:15","date_gmt":"2025-06-01T00:23:15","guid":{"rendered":"https:\/\/www.europesays.com\/fr\/142838\/"},"modified":"2025-06-01T00:23:15","modified_gmt":"2025-06-01T00:23:15","slug":"des-policiers-vises-par-des-tirs-de-mortiers-un-suspect-arrete","status":"publish","type":"post","link":"https:\/\/www.europesays.com\/fr\/142838\/","title":{"rendered":"des policiers vis\u00e9s par des tirs de mortiers, un suspect arr\u00eat\u00e9"},"content":{"rendered":"<p>Rillieux-la-Pape : des policiers vis\u00e9s par des tirs de mortiers, un suspect arr\u00eat\u00e9 &#8211; LyonMag<\/p>\n<p itemprop=\"description\"><strong>Un homme a \u00e9t\u00e9 interpell\u00e9 et plac\u00e9 en garde \u00e0 vue.<\/strong><\/p>\n<p>Alors qu\u2019ils intervenaient sur un accident vendredi soir, des policiers ont \u00e9t\u00e9 la cible de tirs de mortier d\u2019artifice \u00e0 Rillieux-la-Pape.<\/p>\n<p>Les faits se sont produits vers 23 heures, route de Strasbourg. Appel\u00e9s pour un accident de la circulation, les policiers ont \u00e9t\u00e9 pris \u00e0 partie par un groupe hostile. Ce dernier s\u2019est d\u00e9plac\u00e9 jusqu\u2019\u00e0 la rue Boileau, dans le quartier de la Ville nouvelle, o\u00f9 les tensions se sont intensifi\u00e9es.<\/p>\n<p>Un suspect a \u00e9t\u00e9 localis\u00e9 et arr\u00eat\u00e9 un peu plus loin, rue Michelet. Il a \u00e9t\u00e9 plac\u00e9 en garde \u00e0 vue, pr\u00e9cise le Progr\u00e8s.<\/p>\n<p>Ces violences interviennent dans un contexte tendu \u00e0 Rillieux-la-Pape. Le 7 mai, des policiers avaient d\u00e9j\u00e0 \u00e9t\u00e9 vis\u00e9s par des tirs de mortier, des jets de pierres et des bombes de peinture. Le 14 mai, une dizaine d\u2019individus habill\u00e9s en noir et le visage dissimul\u00e9 ont <a href=\"https:\/\/www.lyonmag.com\/article\/144029\/pres-de-lyon-une-dizaine-d-individus-s-en-prennent-au-commissariat-de-rillieux-la-pape-avec-des-cocktails-molotov\" target=\"_blank\" rel=\"noopener\">attaqu\u00e9 le commissariat de la Police nationale de Rillieux-la-Pape<\/a> \u00e0 l&rsquo;aide de cocktails Molotov.<\/p>\n","protected":false},"excerpt":{"rendered":"Rillieux-la-Pape : des policiers vis\u00e9s par des tirs de mortiers, un suspect arr\u00eat\u00e9 &#8211; LyonMag Un homme a&hellip;\n","protected":false},"author":2,"featured_media":142839,"comment_status":"","ping_status":"","sticky":false,"template":"","format":"standard","meta":{"footnotes":""},"categories":[1889],"tags":[1111,11,2813,2190,2430,1109,251,1112,2811,1777,674,118,1011,27,1922,1110,1114,2428,2810,12,241,316,25,2812,517,800],"class_list":{"0":"post-142838","1":"post","2":"type-post","3":"status-publish","4":"format-standard","5":"has-post-thumbnail","7":"category-lyon","8":"tag-actu","9":"tag-actualites","10":"tag-article","11":"tag-asvel","12":"tag-auvergne-rhone-alpes","13":"tag-breves","14":"tag-culture","15":"tag-depeches","16":"tag-economique","17":"tag-eu","18":"tag-europe","19":"tag-faits-divers","20":"tag-fr","21":"tag-france","22":"tag-info","23":"tag-informations","24":"tag-infos","25":"tag-lyon","26":"tag-lyonmag","27":"tag-news","28":"tag-ol","29":"tag-politique","30":"tag-republique-francaise","31":"tag-sociale","32":"tag-sport","33":"tag-transports"},"share_on_mastodon":{"url":"https:\/\/pubeurope.com\/@fr\/114605261049522035","error":""},"_links":{"self":[{"href":"https:\/\/www.europesays.com\/fr\/wp-json\/wp\/v2\/posts\/142838","targetHints":{"allow":["GET"]}}],"collection":[{"href":"https:\/\/www.europesays.com\/fr\/wp-json\/wp\/v2\/posts"}],"about":[{"href":"https:\/\/www.europesays.com\/fr\/wp-json\/wp\/v2\/types\/post"}],"author":[{"embeddable":true,"href":"https:\/\/www.europesays.com\/fr\/wp-json\/wp\/v2\/users\/2"}],"replies":[{"embeddable":true,"href":"https:\/\/www.europesays.com\/fr\/wp-json\/wp\/v2\/comments?post=142838"}],"version-history":[{"count":0,"href":"https:\/\/www.europesays.com\/fr\/wp-json\/wp\/v2\/posts\/142838\/revisions"}],"wp:featuredmedia":[{"embeddable":true,"href":"https:\/\/www.europesays.com\/fr\/wp-json\/wp\/v2\/media\/142839"}],"wp:attachment":[{"href":"https:\/\/www.europesays.com\/fr\/wp-json\/wp\/v2\/media?parent=142838"}],"wp:term":[{"taxonomy":"category","embeddable":true,"href":"https:\/\/www.europesays.com\/fr\/wp-json\/wp\/v2\/categories?post=142838"},{"taxonomy":"post_tag","embeddable":true,"href":"https:\/\/www.europesays.com\/fr\/wp-json\/wp\/v2\/tags?post=142838"}],"curies":[{"name":"wp","href":"https:\/\/api.w.org\/{rel}","templated":true}]}}