{"id":142840,"date":"2025-06-01T00:24:14","date_gmt":"2025-06-01T00:24:14","guid":{"rendered":"https:\/\/www.europesays.com\/fr\/142840\/"},"modified":"2025-06-01T00:24:14","modified_gmt":"2025-06-01T00:24:14","slug":"statu-quo-entre-quintin-et-lyon-en-n1-de-rink-hockey","status":"publish","type":"post","link":"https:\/\/www.europesays.com\/fr\/142840\/","title":{"rendered":"Statu quo entre Quintin et Lyon en N1 de rink-hockey"},"content":{"rendered":"<p>N1 Quintin &#8211; Lyon\u00a0: 4-4<\/p>\n<p>Avant l\u2019ultime journ\u00e9e du week-end prochain, les Bretons conservent leurs trois points d\u2019avance et leur place de premier non rel\u00e9gable devant les Rhodaniens, premier rel\u00e9gu\u00e9.<\/p>\n<p>Suite \u00e0 un exploit personnel, Boulau lance les hostilit\u00e9s (6\u2019). Bien servi par Passarini, Nedder lui r\u00e9pond de pr\u00e8s (14\u2019). Les locaux reprennent les devants par Le Roux sur un jeu de transition (18\u2019). La tension de l\u2019enjeu, d\u00e9j\u00e0 largement palpable lors du premier acte, monte d\u2019un cran au retour des vestiaires.<\/p>\n<p>Quintin peut s\u2019en vouloir\u00a0!<\/p>\n<p>Rousseau donne deux buts d\u2019avance aux Costarmoricains en transformant un penalty (27\u2019). Les visiteurs accusent le coup physiquement. Mais les \u00ab\u00a0Vert et Noir\u00a0\u00bb ne parviennent pas prendre le large malgr\u00e9 de nombreuses situations. Le gardien lyonnais, Aidoud, garde ses couleurs \u00e0 flot en multipliant les parades. Et Nedder (40\u2019) et Martinez (47\u2019) relancent compl\u00e8tement les visiteurs. La fin de partie est folle. Passarini profite d\u2019espaces pour permettre \u00e0 sa formation de mener pour la premi\u00e8re fois (48\u2019). Maitrallain, qui s\u2019\u00e9tait vu refuser un coup franc direct transform\u00e9 juste avant, arrache le partage des points (49\u2019). \u00ab\u00a0On peut s\u2019en vouloir \u00e0 nous-m\u00eame d\u2019abord, sans parler de l\u2019arbitrage catastrophique\u00a0! On a mal g\u00e9r\u00e9 nos \u00e9motions, moi le premier\u00a0! La saison est longue et usante mentalement\u00a0\u00bb, analysait agac\u00e9, le coach du QRC, Angel Puyan\u00e9. Tout se jouera donc samedi soir prochain, Quintin, qui se d\u00e9placera \u00e0 Dinan-Qu\u00e9vert, devra obtenir un meilleur r\u00e9sultat que Lyon (devant au goal-average particulier en cas d\u2019\u00e9galit\u00e9 de points), qui recevra Ploufragan.<\/p>\n<p class=\"titre-tech\">La fiche technique<\/p>\n<p class=\"tech\"><strong class=\"tech\">Arbitres\u00a0: <\/strong>MM. Tarassioux et Ribeiro.<\/p>\n<p class=\"tech\"><strong class=\"tech\">BUTS.<\/strong> Quintin\u00a0: Boulau (6\u2019), Le Roux (18\u2019), Rousseau (27\u2019 sp), Maitrallain (49\u2019)\u00a0; Lyon\u00a0: Nedder (14\u2019, 40\u2019), Martinez (46\u2019), Passarini (48\u2019)<\/p>\n<p class=\"tech\"><strong class=\"tech\">QUINTIN\u00a0:<\/strong> Montaland (puis Oliviero) (g.) &#8211; Degoulet, Le Roux, Maitrallain, Boulau. Puis\u00a0: Rousseau (cap.), Delbos, Manchaud et Latouche. Entr.\u00a0: Angel Puyan\u00e9.<\/p>\n<p class=\"tech\"><strong class=\"tech\">LYON\u00a0:<\/strong> Aidoud (g.)- Nedder (cap.), T. Moine, Martinez, Passarini. Puis\u00a0: M. Moine. Entr\u00a0: Omar Nedder.<\/p>\n","protected":false},"excerpt":{"rendered":"N1 Quintin &#8211; Lyon\u00a0: 4-4 Avant l\u2019ultime journ\u00e9e du week-end prochain, les Bretons conservent leurs trois points d\u2019avance&hellip;\n","protected":false},"author":2,"featured_media":142841,"comment_status":"","ping_status":"","sticky":false,"template":"","format":"standard","meta":{"footnotes":""},"categories":[1889],"tags":[1111,11,2430,1777,674,1011,27,2428,12,6608,25,15049,60],"class_list":{"0":"post-142840","1":"post","2":"type-post","3":"status-publish","4":"format-standard","5":"has-post-thumbnail","7":"category-lyon","8":"tag-actu","9":"tag-actualites","10":"tag-auvergne-rhone-alpes","11":"tag-eu","12":"tag-europe","13":"tag-fr","14":"tag-france","15":"tag-lyon","16":"tag-news","17":"tag-quintin","18":"tag-republique-francaise","19":"tag-rink-hockey","20":"tag-sports"},"share_on_mastodon":{"url":"https:\/\/pubeurope.com\/@fr\/114605264978547634","error":""},"_links":{"self":[{"href":"https:\/\/www.europesays.com\/fr\/wp-json\/wp\/v2\/posts\/142840","targetHints":{"allow":["GET"]}}],"collection":[{"href":"https:\/\/www.europesays.com\/fr\/wp-json\/wp\/v2\/posts"}],"about":[{"href":"https:\/\/www.europesays.com\/fr\/wp-json\/wp\/v2\/types\/post"}],"author":[{"embeddable":true,"href":"https:\/\/www.europesays.com\/fr\/wp-json\/wp\/v2\/users\/2"}],"replies":[{"embeddable":true,"href":"https:\/\/www.europesays.com\/fr\/wp-json\/wp\/v2\/comments?post=142840"}],"version-history":[{"count":0,"href":"https:\/\/www.europesays.com\/fr\/wp-json\/wp\/v2\/posts\/142840\/revisions"}],"wp:featuredmedia":[{"embeddable":true,"href":"https:\/\/www.europesays.com\/fr\/wp-json\/wp\/v2\/media\/142841"}],"wp:attachment":[{"href":"https:\/\/www.europesays.com\/fr\/wp-json\/wp\/v2\/media?parent=142840"}],"wp:term":[{"taxonomy":"category","embeddable":true,"href":"https:\/\/www.europesays.com\/fr\/wp-json\/wp\/v2\/categories?post=142840"},{"taxonomy":"post_tag","embeddable":true,"href":"https:\/\/www.europesays.com\/fr\/wp-json\/wp\/v2\/tags?post=142840"}],"curies":[{"name":"wp","href":"https:\/\/api.w.org\/{rel}","templated":true}]}}