{"id":142842,"date":"2025-06-01T00:27:18","date_gmt":"2025-06-01T00:27:18","guid":{"rendered":"https:\/\/www.europesays.com\/fr\/142842\/"},"modified":"2025-06-01T00:27:18","modified_gmt":"2025-06-01T00:27:18","slug":"en-direct-le-psg-champion-deurope-pres-de-300-interpellations-scenes-de-liesse-dans-la-capitale","status":"publish","type":"post","link":"https:\/\/www.europesays.com\/fr\/142842\/","title":{"rendered":"EN DIRECT &#8211; Le PSG champion d&rsquo;Europe : pr\u00e8s de 300 interpellations, sc\u00e8nes de liesse dans la capitale"},"content":{"rendered":"<p>En marge du match entre le PSG et l&rsquo;Inter de Milan, des affrontements ont \u00e9clat\u00e9 \u00e0 Paris entre des individus et les forces de l&rsquo;ordre \u00e0 Paris, notamment sur les Champs-\u00c9lys\u00e9es.\u00c0 la fin de la rencontre sportive, 81 personnes ont \u00e9t\u00e9 interpell\u00e9es, selon la pr\u00e9fecture de police de la capitale.Les forces de l&rsquo;ordre ont d\u00e9ploy\u00e9 des canons \u00e0 eau, mais des jets de projectiles et des tirs de mortier ont \u00e9t\u00e9 signal\u00e9s.<a href=\"https:\/\/www.tf1info.fr\/actualite\/football-ligue-des-champions-2024-2025-une-nouvelle-ere-s-ouvre-psg-lille-monaco-brest-real-madrid-machester-city-13795\/\" rel=\"noopener\" class=\"jsx-3118104007 Link jsx-1428418400 jsx-2089987738\" target=\"_blank\"><\/p>\n<p style=\"font-weight:400\" class=\"jsx-1837267516\">Suivez la couverture compl\u00e8te<\/p>\n<p style=\"font-weight:800\" class=\"jsx-1837267516\">Le PSG remporte sa premi\u00e8re Ligue des champions<\/p>\n<p><\/a>Les \u00e9l\u00e9ments marquants01:38ON FAIT LE POINT<\/p>\n<p>Voici un dernier bilan pour la nuit :\u00a0<\/p>\n<p>\u25fe La Pr\u00e9fecture de police indique que 194 personnes ont \u00e9t\u00e9 interpell\u00e9es dans la capitale \u00e0 2h du matin.<\/p>\n<p>\u25fe \u00c0 Grenoble, une voiture a renvers\u00e9 plusieurs passants en marge de rassemblement pour f\u00eater la victoire du PSG, faisant au moins 3 bless\u00e9s. Une personne voit son pronostic vital engag\u00e9 ce soir, une autre est en urgence absolue quand la troisi\u00e8me n&rsquo;a \u00e9t\u00e9 que l\u00e9g\u00e8rement touch\u00e9e.<\/p>\n<p>\u25fe Sur X, les pompiers de Paris ont appel\u00e9 \u00e0 ne pas saturer les lignes de secours. \u00ab\u00a0En raison des \u00e9v\u00e8nements qui touchent actuellement Paris, nous recevons un grand nombre d&rsquo;appels. Si votre appel ne rev\u00eat pas de caract\u00e8re d&rsquo;urgence, nous vous invitons \u00e0 lib\u00e9rer imm\u00e9diatement la ligne d&rsquo;appel d&rsquo;urgence\u00a0\u00bb, ont-ils demand\u00e9.<\/p>\n<p>\u25fe Aux alentours de 23h, une voiture a \u00e9t\u00e9 br\u00fbl\u00e9e Porte de Saint-Cloud, \u00e0 proximit\u00e9 du Parc des Princes. Un second a \u00e9t\u00e9 incendi\u00e9 aux alentours de minuit, mais le feu a \u00e9t\u00e9 rapidement ma\u00eetris\u00e9 par les pompiers.<\/p>\n<p>\u25fe Au cours de la seconde p\u00e9riode du match, un canon \u00e0 eau a \u00e9t\u00e9 utilis\u00e9 sur les Champs-\u00c9lys\u00e9es, ont constat\u00e9 nos reporters sur place, pour emp\u00eacher la foule d&rsquo;approcher l&rsquo;Arc de Triomphe, situ\u00e9 au centre de la place de l&rsquo;\u00c9toile, totalement interdite \u00e0 la circulation et aux pi\u00e9tons toute la soir\u00e9e sur ordre de la PP.\u00a0<\/p>\n<p>\u25fe Le PSG a appel\u00e9 ses supporters \u00e0 f\u00eater le titre avec \u00ab\u00a0respect et bienveillance\u00a0\u00bb, leur demandant \u00ab\u00a0d&rsquo;honorer nos couleurs et nos valeurs en c\u00e9l\u00e9brant de mani\u00e8re s\u00fbre et unie\u00a0\u00bb. \u00a0<\/p>\n<p>Valider les filtresR\u00e9initialiser les filtres<\/p>\n<p>Minute par minuteFiltrer par Temps fortsFiltrer01:38ON FAIT LE POINT<\/p>\n<p>Voici un dernier bilan pour la nuit :\u00a0<\/p>\n<p>\u25fe La Pr\u00e9fecture de police indique que 194 personnes ont \u00e9t\u00e9 interpell\u00e9es dans la capitale \u00e0 2h du matin.<\/p>\n<p>\u25fe \u00c0 Grenoble, une voiture a renvers\u00e9 plusieurs passants en marge de rassemblement pour f\u00eater la victoire du PSG, faisant au moins 3 bless\u00e9s. Une personne voit son pronostic vital engag\u00e9 ce soir, une autre est en urgence absolue quand la troisi\u00e8me n&rsquo;a \u00e9t\u00e9 que l\u00e9g\u00e8rement touch\u00e9e.<\/p>\n<p>\u25fe Sur X, les pompiers de Paris ont appel\u00e9 \u00e0 ne pas saturer les lignes de secours. \u00ab\u00a0En raison des \u00e9v\u00e8nements qui touchent actuellement Paris, nous recevons un grand nombre d&rsquo;appels. Si votre appel ne rev\u00eat pas de caract\u00e8re d&rsquo;urgence, nous vous invitons \u00e0 lib\u00e9rer imm\u00e9diatement la ligne d&rsquo;appel d&rsquo;urgence\u00a0\u00bb, ont-ils demand\u00e9.<\/p>\n<p>\u25fe Aux alentours de 23h, une voiture a \u00e9t\u00e9 br\u00fbl\u00e9e Porte de Saint-Cloud, \u00e0 proximit\u00e9 du Parc des Princes. Un second a \u00e9t\u00e9 incendi\u00e9 aux alentours de minuit, mais le feu a \u00e9t\u00e9 rapidement ma\u00eetris\u00e9 par les pompiers.<\/p>\n<p>\u25fe Au cours de la seconde p\u00e9riode du match, un canon \u00e0 eau a \u00e9t\u00e9 utilis\u00e9 sur les Champs-\u00c9lys\u00e9es, ont constat\u00e9 nos reporters sur place, pour emp\u00eacher la foule d&rsquo;approcher l&rsquo;Arc de Triomphe, situ\u00e9 au centre de la place de l&rsquo;\u00c9toile, totalement interdite \u00e0 la circulation et aux pi\u00e9tons toute la soir\u00e9e sur ordre de la PP.\u00a0<\/p>\n<p>\u25fe Le PSG a appel\u00e9 ses supporters \u00e0 f\u00eater le titre avec \u00ab\u00a0respect et bienveillance\u00a0\u00bb, leur demandant \u00ab\u00a0d&rsquo;honorer nos couleurs et nos valeurs en c\u00e9l\u00e9brant de mani\u00e8re s\u00fbre et unie\u00a0\u00bb. \u00a0<\/p>\n<p>01:38C\u00c9L\u00c9BRATIONS<\/p>\n<p>Sur les Champs-\u00c9lys\u00e9es, les Parisiens sont venus en nombre profiter du feu d&rsquo;artifice et c\u00e9l\u00e9brer le tout premier titre du PSG en Ligue des champions.<\/p>\n<p><img decoding=\"async\" src=\"https:\/\/www.europesays.com\/fr\/wp-content\/uploads\/2025\/06\/feu-d-artifice-pour-feter-le-titre-europeen-de-paris-31-mai-2025-f840c1-0@1x.jpeg\" alt=\"LOU BENOIST \/ AFP\" loading=\"lazy\" importance=\"low\" fetchpriority=\"low\" class=\"\"\/>LOU BENOIST \/ AFP01:24C\u00c9L\u00c9BRER \u00ab\u00a0DE MANI\u00c8RE S\u00dbRE ET UNIE\u00a0\u00bb<\/p>\n<p>Sur X, le PSG appelle les Parisiens \u00e0 f\u00eater le titre europ\u00e9en. \u00ab\u00a0Cette victoire nous appartient \u00e0 tous !\u00a0\u00bb, \u00e9crit le club de la capitale qui rappelle qu&rsquo;avec elle \u00ab\u00a0vient la responsabilit\u00e9 de la f\u00eater avec fiert\u00e9, respect et bienveillance\u00a0\u00bb avant d&rsquo;appeler \u00ab\u00a0chaque supporter \u00e0 honorer nos couleurs et nos valeurs en c\u00e9l\u00e9brant de mani\u00e8re s\u00fbre et unie\u00a0\u00bb.\u00a0<\/p>\n<blockquote data-testid=\"EmbedTwitter\" id=\"tweet-1928924730045669385-:R1pgqdcimij9n79m:\" class=\"jsx-aeff1a1c40f54d7a twitter-tweet flex justify-center items-center\"><p>Cette victoire nous appartient \u00e0 tous !  Avec elle, vient la responsabilit\u00e9 de la f\u00eater avec fiert\u00e9, respect et bienveillance.  Nous appelons chaque supporter \u00e0 honorer nos couleurs et nos valeurs en c\u00e9l\u00e9brant de mani\u00e8re s\u00fbre et unie. Allez Paris. \u2764\ud83d\udc99 \u2014 Paris Saint-Germain (@PSG_inside)  May 31, 2025<\/p><\/blockquote>\n<p>01:19F\u00caTE \u00c0 PARIS<\/p>\n<p>Malgr\u00e9 les incidents, c&rsquo;est la f\u00eate \u00e0 Paris apr\u00e8s le titre europ\u00e9en du PSG.<\/p>\n<p><img decoding=\"async\" src=\"https:\/\/www.europesays.com\/fr\/wp-content\/uploads\/2025\/06\/la-joie-des-supporters-parisiens-apres-le-sacre-europeen-du-club-223400-0@1x.jpeg\" alt=\"La joie des supporters parisiens apr\u00e8s le sacre europ\u00e9en du club.  - Thibaud MORITZ \/ AFP\" loading=\"lazy\" importance=\"low\" fetchpriority=\"low\" class=\"\"\/>La joie des supporters parisiens apr\u00e8s le sacre europ\u00e9en du club.  &#8211; Thibaud MORITZ \/ AFP01:10UN MAGASIN DE SPORT PILL\u00c9<\/p>\n<p>La Pr\u00e9fecture de police indique que plusieurs personnes sont entr\u00e9es de force dans un magasin de chaussures de sport situ\u00e9 sur l&rsquo;Avenue des Champs-\u00c9lys\u00e9es dans la soir\u00e9e. Une trentaine d&rsquo;individus y a \u00e9t\u00e9 interpell\u00e9e par les forces de l&rsquo;ordre, qui sont intervenues\u00a0rapidement.<\/p>\n<p>01:06UNE VOITURE PERCUTE DES PI\u00c9TONS \u00c0 GRENOBLE<\/p>\n<p>Selon les autorit\u00e9s, dans le centre-Ville de Grenoble, aux alentours de 23h40 et en marge de rassemblement apr\u00e8s la finale gagn\u00e9e par Paris de Ligue des champions, un v\u00e9hicule a percut\u00e9 trois personnes, dont une a \u00e9t\u00e9 l\u00e9g\u00e8rement bless\u00e9e, une est en urgence absolue et une troisi\u00e8me voit son pronostic vital engag\u00e9.\u00a0<\/p>\n<p>Le conducteur, en fuite dans un premier temps, s&rsquo;est constitu\u00e9 prisonnier par la suite et a \u00e9t\u00e9 plac\u00e9 en garde \u00e0 vue. \u00ab\u00a0L&rsquo;intervention des secours est rendue difficile en raison de la foule\u00a0nombreuse\u00a0\u00bb, indique une source polici\u00e8re. Selon les premiers \u00e9l\u00e9ments, l&rsquo;homme aurait perdu le contr\u00f4le de son v\u00e9hicule sans \u00ab\u00a0aucune notion d&rsquo;intentionnalit\u00e9\u00a0\u00bb.<\/p>\n<p>01:04ON FAIT LE POINT<\/p>\n<p>Voici la situation dans Paris \u00e0 1h du matin :\u00a0<\/p>\n<p>\u25fe La Pr\u00e9fecture de police indique que 131 personnes ont \u00e9t\u00e9 interpell\u00e9es dans la capitale.<\/p>\n<p>\u25fe Toujours selon la Pr\u00e9fecture, de nombreuses personnes c\u00e9l\u00e8brent le titre du PSG dans la capitale, notamment \u00e0 R\u00e9publique, Bastille, Grands Boulevards et Barb\u00e9s. Les autorit\u00e9s constatent \u00ab\u00a0tr\u00e8s peu de tensions en dehors des Champs-\u00c9lys\u00e9es et du boulevard p\u00e9riph\u00e9rique parisien\u00a0\u00bb sur lesquelles les forces de l&rsquo;ordre interviennent syst\u00e9matiquement pour \u00e9vincer les \u00ab\u00a0fauteurs de troubles\u00a0\u00bb et \u00ab\u00a0relancer la circulation\u00a0\u00bb.<\/p>\n<p>\u25fe Sur X, les pompiers de Paris ont appel\u00e9 \u00e0 ne pas saturer les lignes de secours. \u00ab\u00a0En raison des \u00e9v\u00e8nements qui touchent actuellement Paris, nous recevons un grand nombre d&rsquo;appels. Si votre appel ne rev\u00eat pas de caract\u00e8re d&rsquo;urgence, nous vous invitons \u00e0 lib\u00e9rer imm\u00e9diatement la ligne d&rsquo;appel d&rsquo;urgence\u00a0\u00bb, ont-ils demand\u00e9.<\/p>\n<p>\u25fe Aux alentours de 23h, une voiture a \u00e9t\u00e9 br\u00fbl\u00e9e Porte de Saint-Cloud, \u00e0 proximit\u00e9 du Parc des Princes. Un second a \u00e9t\u00e9 incendi\u00e9 aux alentours de minuit, mais le feu a \u00e9t\u00e9 rapidement ma\u00eetris\u00e9 par les pompiers.<\/p>\n<p>\u25fe Au cours de la seconde p\u00e9riode du match, un canon \u00e0 eau a \u00e9t\u00e9 utilis\u00e9 sur les Champs-\u00c9lys\u00e9es, ont constat\u00e9 nos reporters sur place, pour emp\u00eacher la foule d&rsquo;approcher l&rsquo;Arc de Triomphe, situ\u00e9 au centre de la place de l&rsquo;\u00c9toile, totalement interdite \u00e0 la circulation et aux pi\u00e9tons toute la soir\u00e9e sur ordre de la PP.\u00a0<\/p>\n<p>00:35INTERPELLATIONS<\/p>\n<p>\u00c0 00H30, le bilan provisoire donn\u00e9 par la Pr\u00e9fecture de police fait \u00e9tat de 131 interpellations en marge de la victoire du PSG.<\/p>\n<p>00:25PLUT\u00d4T CALME<\/p>\n<p>Selon la Pr\u00e9fecture de Paris, de nombreuses personnes c\u00e9l\u00e8brent le titre du PSG dans la capitale, notamment \u00e0 R\u00e9publique, Bastille, Grands Boulevards et Barb\u00e9s. Les autorit\u00e9s constatent \u00ab\u00a0tr\u00e8s peu de tensions en dehors des Champs-\u00c9lys\u00e9es et du boulevard p\u00e9riph\u00e9rique parisien\u00a0\u00bb sur lesquelles les forces de l&rsquo;ordre interviennent syst\u00e9matiquement pour \u00e9vincer les \u00ab\u00a0fauteurs de troubles\u00a0\u00bb et \u00ab\u00a0relancer la circulation\u00a0\u00bb.<\/p>\n<p>00:15BILAN DES TENSIONS<\/p>\n<p>Sur LCI, Marie Belot, du service police-justice dresse un premier \u00e9tat des lieux de la situation :<\/p>\n<p>PSG Champion : Paris f\u00eate ses h\u00e9ros, quelques tensionsSource : TF1 Info<\/p>\n<p><img decoding=\"async\" src=\"https:\/\/www.europesays.com\/fr\/wp-content\/uploads\/2025\/06\/psg-champion-paris-fete-ses-heros-quelques-tensions-7c6d94-0@1x.jpeg\" alt=\"PSG Champion : Paris f\u00eate ses h\u00e9ros, quelques tensions\" loading=\"lazy\" importance=\"low\" fetchpriority=\"low\" class=\"\"\/><img decoding=\"async\" src=\"https:\/\/www.europesays.com\/fr\/wp-content\/uploads\/2025\/04\/player-logo-play.svg.svg+xml\" alt=\"Logo lecture\" class=\"jsx-d0de44c05fe3042c PlayerLazyload__Play\"\/>00:15LA F\u00caTE \u00c0 PARIS<\/p>\n<p>Sur les Champs-\u00c9lys\u00e9es, les supporters sont venus en nombre pour f\u00eater les Parisiens.On fait le point avec notre reporter Brandon Warret :<\/p>\n<p>PSG champion d&rsquo;Europe : Paris f\u00eate ses h\u00e9ros ! Source : TF1 Info<\/p>\n<p><img decoding=\"async\" src=\"https:\/\/www.europesays.com\/fr\/wp-content\/uploads\/2025\/06\/psg-champion-d-europe-paris-fete-ses-heros-0ad3f1-0@1x.jpeg\" alt=\"PSG champion d'Europe : Paris f\u00eate ses h\u00e9ros ! \" loading=\"lazy\" importance=\"low\" fetchpriority=\"low\" class=\"\"\/><img decoding=\"async\" src=\"https:\/\/www.europesays.com\/fr\/wp-content\/uploads\/2025\/04\/player-logo-play.svg.svg+xml\" alt=\"Logo lecture\" class=\"jsx-d0de44c05fe3042c PlayerLazyload__Play\"\/>00:04BRUNO RETAILLEAU<\/p>\n<p>Si le ministre de l&rsquo;Int\u00e9rieur s&rsquo;est r\u00e9joui sur X de l&rsquo;ambiance \u00e0 Paris, il a condamn\u00e9 les quelques tensions qui ont \u00e9clat\u00e9 dans la capitale.<\/p>\n<blockquote data-testid=\"EmbedTwitter\" id=\"tweet-1928913902412435753-:R1pj2dcimij9n79m:\" class=\"jsx-aeff1a1c40f54d7a twitter-tweet flex justify-center items-center\"><p>Les vrais supporters du PSG sont en train de s\u2019enthousiasmer devant le magnifique match de leur \u00e9quipe. Pendant ce temps l\u00e0, des barbares sont venus dans les rues de Paris pour commettre des d\u00e9lits et provoquer les forces de l\u2019ordre.  J\u2019ai demand\u00e9 aux forces de s\u00e9curit\u00e9\u2026 \u2014 Bruno Retailleau (@BrunoRetailleau)  May 31, 2025<\/p><\/blockquote>\n<p>samedi 31 mai 2025<\/p>\n<p>23:55CANONS \u00c0 EAU<\/p>\n<p>Au cours de la seconde p\u00e9riode du match, un canon \u00e0 eau a \u00e9t\u00e9 utilis\u00e9 sur les Champs-\u00c9lys\u00e9es, ont constat\u00e9 nos reporters sur place, pour emp\u00eacher la foule d&rsquo;approcher l&rsquo;Arc de Triomphe, situ\u00e9 au centre de la place de l&rsquo;\u00c9toile, totalement interdite \u00e0 la circulation et aux pi\u00e9tons toute la soir\u00e9e sur ordre de la PP. La Pr\u00e9fecture de police a expliqu\u00e9 \u00ab\u00a0l&#8217;emploi de l&rsquo;engin lanceur d&rsquo;eau pour prot\u00e9ger la place de l&rsquo;\u00c9toile, le barri\u00e9rage mis en place ayant \u00e9t\u00e9 enfonc\u00e9 par un public tr\u00e8s nombreux ne regardant manifestant pas le match, effectuant des pouss\u00e9es pour aller au contact des forces de l&rsquo;ordre\u00a0\u00bb. \u00ab\u00a0Des fauteurs de troubles sur les Champs-\u00c9lys\u00e9es cherchent l&rsquo;incident et vont au contact r\u00e9p\u00e9t\u00e9 des agents avec des jets de mortiers d&rsquo;artifice et divers projectiles\u00a0\u00bb, a soulign\u00e9 la pr\u00e9fecture.<\/p>\n<p>23:54TENSIONS<\/p>\n<p>Des tensions ont \u00e9clat\u00e9 \u00e0 Paris sur les Champs-Elys\u00e9es et aux abords du Parc des Princes o\u00f9 \u00e9tait retransmise sur \u00e9crans g\u00e9ants la finale de la Ligue des champions, selon la pr\u00e9fecture de police (PP). \u00c0 22H45, au coup de sifflet final de cette rencontre remport\u00e9e par le club parisien 5-0, 81 personnes avaient \u00e9t\u00e9 interpell\u00e9es, selon un nouveau bilan de la PP.<\/p>\n<p>Ces tensions, concentr\u00e9es Porte de Saint-Cloud et en haut de l&rsquo;avenue des Champs-\u00c9lys\u00e9es, ont \u00e9t\u00e9 le fait, selon la pr\u00e9fecture de police, \u00ab\u00a0d&rsquo;un public mal intentionn\u00e9\u00a0\u00bb. \u00ab\u00a0Les forces de l&rsquo;ordre sont intervenues pour r\u00e9tablir le calme\u00a0\u00bb, a ajout\u00e9 la PP.<\/p>\n<p>23:34NE PAS SATURER LES LIGNES<\/p>\n<p>Sur X, les pompiers de Paris appellent \u00e0 ne pas saturer les lignes de secours. \u00ab\u00a0En raison des \u00e9v\u00e8nements qui touchent actuellement Paris, nous recevons un grand nombre d&rsquo;appels. Si votre appel ne rev\u00eat pas de caract\u00e8re d&rsquo;urgence, nous vous invitons \u00e0 lib\u00e9rer imm\u00e9diatement la ligne d&rsquo;appel d&rsquo;urgence\u00a0\u00bb, demandent-il sur la plateforme.<\/p>\n<blockquote data-testid=\"EmbedTwitter\" id=\"tweet-1928926737095630892-:R1pjqdcimij9n79m:\" class=\"jsx-aeff1a1c40f54d7a twitter-tweet flex justify-center items-center\"><p>[\ud83d\udea8 #Alerte\u00c9v\u00e8nement ] En raison des \u00e9v\u00e8nements qui touchent actuellement Paris, nous recevons un grand nombre d&rsquo;appels. Si votre appel ne rev\u00eat pas de caract\u00e8re d&rsquo;urgence, nous vous invitons \u00e0 lib\u00e9rer imm\u00e9diatement la ligne d&rsquo;appel d&rsquo;urgence. \u2014 PompiersParis (@PompiersParis)  May 31, 2025<\/p><\/blockquote>\n<p>23:19VOITURE INCENDI\u00c9E<\/p>\n<p>Porte de Saint-Cloud, \u00e0 proximit\u00e9 du Parc des Princes o\u00f9 le match a \u00e9t\u00e9 retransmis, une voiture est en feu, observent nos \u00e9quipes sur place.<\/p>\n<p>Paris : une voiture incendi\u00e9e \u00e0 la porte de Saint-CloudSource : TF1 Info<\/p>\n<p><img decoding=\"async\" src=\"https:\/\/www.europesays.com\/fr\/wp-content\/uploads\/2025\/06\/paris-une-voiture-incendiee-a-la-porte-de-saint-cloud-9232dd-0@1x.jpeg\" alt=\"Paris : une voiture incendi\u00e9e \u00e0 la porte de Saint-Cloud\" loading=\"lazy\" importance=\"low\" fetchpriority=\"low\" class=\"\"\/><img decoding=\"async\" src=\"https:\/\/www.europesays.com\/fr\/wp-content\/uploads\/2025\/04\/player-logo-play.svg.svg+xml\" alt=\"Logo lecture\" class=\"jsx-d0de44c05fe3042c PlayerLazyload__Play\"\/>23:16<\/p>\n<p>Bonsoir et bienvenu dans ce direct sur les tensions qui \u00e9clatent en marge de la finale de Ligue des champions remport\u00e9e par le PSG face \u00e0 l&rsquo;Inter Milan.<\/p>\n<p data-module=\"article-paragraph\" class=\"jsx-362436225 Paragraph\">Une soir\u00e9e festive \u00e9maill\u00e9e par quelques tensions. De l\u00e9gers affrontements ont \u00e9clat\u00e9 \u00e0 Paris entre des individus et les forces de l&rsquo;ordre, en marge du match opposant <a href=\"https:\/\/www.tf1info.fr\/sport\/football-psg-paris-saint-germain-inter-milan-un-choc-des-generations-pour-la-finale-de-ligue-des-champions-2374212.html\" target=\"_blank\" rel=\"noopener\">le Paris-Saint-Germain \u00e0 l&rsquo;Inter Milan \u00e0 Munich (nouvelle fen\u00eatre)<\/a>, en finale de la Ligue des champions, samedi 31 mai. Tandis que les joueurs franciliens encha\u00eenaient les buts lors de ce match <a href=\"https:\/\/www.tf1info.fr\/sport\/direct-psg-inter-milan-live-football-les-dernieres-infos-avant-la-finale-de-la-ligue-des-champions-ajourd-hui-samedi-31-mai-2025-2374074.html\" target=\"_blank\" rel=\"noopener\">qu&rsquo;ils ont finalement remport\u00e9 (nouvelle fen\u00eatre)<\/a>, des jets de projectile et des mouvements de foule ont \u00e9t\u00e9 signal\u00e9s.\u00a0<\/p>\n<p data-module=\"article-paragraph\" class=\"jsx-362436225 Paragraph\">Le match \u00e9tait toujours en cours quand la pr\u00e9fecture de police de Paris a fait \u00e9tat de \u00ab\u00a0<a href=\"https:\/\/www.tf1info.fr\/societe\/psg-inter-milan-circulation-dispositif-policier-commerces-fermes-a-quoi-s-attendre-samedi-31-mai-2025-a-paris-2374091.html\" target=\"_blank\" rel=\"noopener\">premi\u00e8res tensions (nouvelle fen\u00eatre)<\/a> sur les champs \u00c9lys\u00e9es et au niveau de la porte de Saint-Cloud\u00a0\u00bb, aux abords du Parc des Princes, o\u00f9 le match est retransmis sur \u00e9cran g\u00e9ant. Un \u00ab\u00a0public mal intentionn\u00e9\u00a0\u00bb \u00e9tait impliqu\u00e9, tandis que \u00ab\u00a0les forces de l&rsquo;ordre pr\u00e9sentes interviennent pour r\u00e9tablir le calme\u00a0\u00bb, a-t-elle fait savoir.\u00a0<\/p>\n<p data-module=\"article-paragraph\" class=\"jsx-362436225 Paragraph Paragraph__End\">Un grand mouvement de foule a amen\u00e9 CRS et gendarmes \u00e0 s&rsquo;\u00e9quiper et utiliser des canons \u00e0 eau, contre lesquels des individus ont lanc\u00e9 des projectiles. Des tirs de mortiers ont aussi \u00e9t\u00e9 signal\u00e9s. Des \u00ab\u00a0fauteurs de trouble\u00a0\u00bb sont all\u00e9s \u00ab\u00a0au contact r\u00e9p\u00e9t\u00e9 des agents\u00a0\u00bb sur les Champs \u00c9lys\u00e9es, selon la pr\u00e9fecture de police.\u00a0<\/p>\n<p>Des individus \u00ab\u00a0ne regardant manifestant pas le match\u00a0\u00bb \u00e0 l&rsquo;origine des tensions<\/p>\n<p data-module=\"article-paragraph\" class=\"jsx-362436225 Paragraph\">Des canons \u00e0 eau ont aussi \u00e9t\u00e9 utilis\u00e9s pour \u00ab\u00a0prot\u00e9ger la place de l&rsquo;\u00c9toile\u00a0\u00bb, apr\u00e8s que les barri\u00e8res dispos\u00e9es ont \u00e9t\u00e9 enfonc\u00e9es par \u00ab\u00a0un public tr\u00e8s nombreux ne regardant manifestement pas le match\u00a0\u00bb, qui effectuait \u00ab\u00a0des pouss\u00e9es pour aller au contact des forces de l&rsquo;ordre\u00a0\u00bb. \u00c0 22h45, la pr\u00e9fecture de police a signal\u00e9 81 interpellations. La situation \u00e9tait toutefois \u00ab\u00a0ma\u00eetris\u00e9e gr\u00e2ce \u00e0 la mobilisation des forces de l\u2019ordre qui emploient des moyens de force interm\u00e9diaire\u00a0\u00bb.<\/p>\n<p data-module=\"article-paragraph\" class=\"jsx-362436225 Paragraph Paragraph__End\">Sur le p\u00e9riph\u00e9rique, au niveau de la porte de Saint-Cloud, de nombreuses personnes ont aussi couru sur les voies, au milieu des v\u00e9hicules qui tentaient malgr\u00e9 tout de progresser.\u00a0Selon la pr\u00e9fecture de police, plusieurs personnes ont ainsi tent\u00e9 d&rsquo;acc\u00e9der \u00e0 pied \u00e0 la voie rapide, et les forces de l&rsquo;ordre sont intervenues syst\u00e9matiquement. Neuf personnes ont \u00e9t\u00e9 interpell\u00e9es. Une voiture en feu a \u00e9t\u00e9 rep\u00e9r\u00e9e, selon nos \u00e9quipes sur place.\u00a0<\/p>\n<p>Paris : une voiture incendi\u00e9e \u00e0 la porte de Saint-CloudSource : TF1 Info<\/p>\n<p><img decoding=\"async\" src=\"https:\/\/www.europesays.com\/fr\/wp-content\/uploads\/2025\/06\/paris-une-voiture-incendiee-a-la-porte-de-saint-cloud-9232dd-0@1x.jpeg\" alt=\"Paris : une voiture incendi\u00e9e \u00e0 la porte de Saint-Cloud\" loading=\"lazy\" importance=\"low\" fetchpriority=\"low\" class=\"\"\/><img decoding=\"async\" src=\"https:\/\/www.europesays.com\/fr\/wp-content\/uploads\/2025\/04\/player-logo-play.svg.svg+xml\" alt=\"Logo lecture\" class=\"jsx-d0de44c05fe3042c PlayerLazyload__Play\"\/>\u00ab\u00a0Des barbares venus commettre des d\u00e9lits\u00a0\u00bb, fustige Bruno Retailleau<\/p>\n<p data-module=\"article-paragraph\" class=\"jsx-362436225 Paragraph\">Les tensions ont pouss\u00e9 le ministre de l&rsquo;Int\u00e9rieur Bruno Retailleau \u00e0 r\u00e9agir. \u00ab\u00a0Les vrais supporters du PSG sont en train de s\u2019enthousiasmer devant le magnifique match de leur \u00e9quipe. Pendant ce temps-l\u00e0, des barbares sont venus dans les rues de Paris pour commettre des d\u00e9lits et provoquer les forces de l\u2019ordre\u00a0\u00bb, a-t-il fustig\u00e9 <a href=\"https:\/\/x.com\/brunoretailleau\/status\/1928913902412435753?s=48&amp;t=A2QhP99l8moMs8TLPO3K0g\" target=\"_blank\">sur le r\u00e9seau X (nouvelle fen\u00eatre)<\/a>. Il a pr\u00e9cis\u00e9 avoir \u00ab\u00a0demand\u00e9 aux forces de s\u00e9curit\u00e9 int\u00e9rieure de r\u00e9agir avec vigueur face \u00e0 ces exactions\u00a0\u00bb, estimant qu&rsquo;il \u00e9tait \u00ab\u00a0insupportable qu\u2019il ne soit pas envisageable de faire la f\u00eate sans craindre la sauvagerie d\u2019une minorit\u00e9 de voyous qui ne respectent rien\u00a0\u00bb.\u00a0<\/p>\n<p data-module=\"article-paragraph\" class=\"jsx-362436225 Paragraph Paragraph__End\">La pr\u00e9fecture de police pr\u00e9cise par ailleurs qu&rsquo;en dehors de porte de Saint cloud et des champs \u00c9lys\u00e9es, la situation sur le reste de Paris et de l&rsquo;agglom\u00e9ration reste \u00ab\u00a0satisfaisante\u00a0\u00bb et que \u00ab\u00a0les regroupements sont festifs sur la\u00a0voie\u00a0publique\u00a0\u00bb.<\/p>\n<ul class=\"jsx-3657663356 ReadMoreArticle__List flex flex-column\">\n<li class=\"jsx-3657663356\"><a href=\"https:\/\/www.tf1info.fr\/sport\/football-psg-paris-saint-germain-inter-milan-un-choc-des-generations-pour-la-finale-de-ligue-des-champions-2374212.html\" rel=\"noopener\" class=\"jsx-4233824444 Link flex\" target=\"_blank\"><img decoding=\"async\" src=\"https:\/\/www.europesays.com\/fr\/wp-content\/uploads\/2025\/06\/desire-doue-afp-23212-792e0d-0@1x.jpeg\" alt=\"Lire aussi\" loading=\"lazy\" importance=\"low\" fetchpriority=\"low\" class=\"\"\/>\n<p class=\"jsx-3657663356 ReadMoreArticle__Title\">Lire aussi<\/p>\n<p class=\"jsx-3657663356\">PSG &#8211; Inter Milan : un choc des g\u00e9n\u00e9rations pour la finale de Ligue des champions<\/p>\n<p><\/a><\/li>\n<\/ul>\n<p data-module=\"article-paragraph\" class=\"jsx-362436225 Paragraph Paragraph__End\">Plus t\u00f4t dans la soir\u00e9e, la pr\u00e9fecture de police avait partag\u00e9 sur X des images du dispositif de s\u00e9curit\u00e9 d\u00e9ploy\u00e9 sur l&rsquo;avenue des Champs \u00c9lys\u00e9es, montrant de nombreuses barri\u00e8res \u00e9rig\u00e9es et des dizaines de forces de l&rsquo;ordre positionn\u00e9es. Le pr\u00e9fet de police Laurent Nu\u00f1ez s&rsquo;est rendu sur place.\u00a0Au total, 5.400 policiers et gendarmes ont \u00e9t\u00e9 d\u00e9ploy\u00e9s sur l&rsquo;agglom\u00e9ration parisienne, avaient annonc\u00e9 les autorit\u00e9s avant la rencontre sportive. \u00c0 Paris et en petite couronne, la vente d&rsquo;articles pyrotechniques avait \u00e9t\u00e9 interdite, et les rassemblements non d\u00e9clar\u00e9s proscrits.<\/p>\n<p>M.L. avec le service police-justice de TF1-LCI<\/p>\n","protected":false},"excerpt":{"rendered":"En marge du match entre le PSG et l&rsquo;Inter de Milan, des affrontements ont \u00e9clat\u00e9 \u00e0 Paris entre&hellip;\n","protected":false},"author":2,"featured_media":142843,"comment_status":"","ping_status":"","sticky":false,"template":"","format":"standard","meta":{"footnotes":""},"categories":[1888],"tags":[1111,1928,11,1927,1921,1777,674,6017,5582,1011,27,1922,2954,27087,12,1926,626,1925,93,25,26371,133,2953],"class_list":{"0":"post-142842","1":"post","2":"type-post","3":"status-publish","4":"format-standard","5":"has-post-thumbnail","7":"category-paris","8":"tag-actu","9":"tag-actu-paris","10":"tag-actualites","11":"tag-actualites-paris","12":"tag-article-video","13":"tag-eu","14":"tag-europe","15":"tag-fait-divers","16":"tag-forces-de-lordre-armee-pompiers","17":"tag-fr","18":"tag-france","19":"tag-info","20":"tag-justice-et-faits-divers","21":"tag-le-psg-remporte-sa-premiere-ligue-des-champions","22":"tag-news","23":"tag-news-paris","24":"tag-paris","25":"tag-paris-news","26":"tag-psg","27":"tag-republique-francaise","28":"tag-sport-et-societe","29":"tag-video","30":"tag-video-police"},"share_on_mastodon":{"url":"https:\/\/pubeurope.com\/@fr\/114605276931484494","error":""},"_links":{"self":[{"href":"https:\/\/www.europesays.com\/fr\/wp-json\/wp\/v2\/posts\/142842","targetHints":{"allow":["GET"]}}],"collection":[{"href":"https:\/\/www.europesays.com\/fr\/wp-json\/wp\/v2\/posts"}],"about":[{"href":"https:\/\/www.europesays.com\/fr\/wp-json\/wp\/v2\/types\/post"}],"author":[{"embeddable":true,"href":"https:\/\/www.europesays.com\/fr\/wp-json\/wp\/v2\/users\/2"}],"replies":[{"embeddable":true,"href":"https:\/\/www.europesays.com\/fr\/wp-json\/wp\/v2\/comments?post=142842"}],"version-history":[{"count":0,"href":"https:\/\/www.europesays.com\/fr\/wp-json\/wp\/v2\/posts\/142842\/revisions"}],"wp:featuredmedia":[{"embeddable":true,"href":"https:\/\/www.europesays.com\/fr\/wp-json\/wp\/v2\/media\/142843"}],"wp:attachment":[{"href":"https:\/\/www.europesays.com\/fr\/wp-json\/wp\/v2\/media?parent=142842"}],"wp:term":[{"taxonomy":"category","embeddable":true,"href":"https:\/\/www.europesays.com\/fr\/wp-json\/wp\/v2\/categories?post=142842"},{"taxonomy":"post_tag","embeddable":true,"href":"https:\/\/www.europesays.com\/fr\/wp-json\/wp\/v2\/tags?post=142842"}],"curies":[{"name":"wp","href":"https:\/\/api.w.org\/{rel}","templated":true}]}}