{"id":142844,"date":"2025-06-01T00:28:12","date_gmt":"2025-06-01T00:28:12","guid":{"rendered":"https:\/\/www.europesays.com\/fr\/142844\/"},"modified":"2025-06-01T00:28:12","modified_gmt":"2025-06-01T00:28:12","slug":"a-paris-la-fete-bat-son-plein-apres-le-sacre","status":"publish","type":"post","link":"https:\/\/www.europesays.com\/fr\/142844\/","title":{"rendered":"\u00e0 Paris, la f\u00eate bat son plein apr\u00e8s le sacre"},"content":{"rendered":"<p>Les sc\u00e8nes de liesse se multiplient \u00e0 Paris samedi apr\u00e8s la victoire du PSG 5-0 face \u00e0 l&rsquo;Inter Milan, \u00e0 Munich en finale de la Ligue des champions, avec des rassemblements de supporters autour du Parc des Princes et des Champs-Elys\u00e9es, et quelques incidents.<\/p>\n<p>M\u00eame sans joueur sur le terrain, le Parc des Princes a r\u00e9sonn\u00e9 comme pour les plus belles affiches et a rugi \u00e0 chacun des cinq buts des Parisiens, qui ont assur\u00e9 une d\u00e9monstration sans contestation possible contre l&rsquo;Inter Milan (5-0).<\/p>\n<p>\u00ab\u00a0C&rsquo;est comme si le match se passait \u00e0 la maison\u00a0\u00bb, a lanc\u00e9 le rappeur Vacra, l&rsquo;un des acteurs du spectacle d&rsquo;avant-match dans un Parc des Princes o\u00f9 48.000 billets ont \u00e9t\u00e9 mis \u00e0 la vente pour l&rsquo;occasion afin de profiter de la finale avec quatre \u00e9crans g\u00e9ants au niveau du rond central.<\/p>\n<p>Chaque gros plan sur des supporters italiens en d\u00e9tresse a \u00e9t\u00e9 c\u00e9l\u00e9br\u00e9 comme un but ou presque tandis que D\u00e9sir\u00e9 Dou\u00e9, h\u00e9ros du match avec son doubl\u00e9, a \u00e9t\u00e9 longuement ovationn\u00e9 lors de sa sortie.<\/p>\n<p>&#8211; \u00ab\u00a0En tachycardie\u00a0\u00bb &#8211;<\/p>\n<p>Supporter du PSG depuis plus de 20 ans, Cl\u00e9ment, maillot de Demb\u00e9l\u00e9 sur le dos, exulte: \u00ab\u00a0C&rsquo;est trop bon! Et tellement m\u00e9rit\u00e9! On a un chant qui parle de gal\u00e8res et de combats, \u00e7a n&rsquo;a pas toujours \u00e9t\u00e9 facile. Mais on a retrouv\u00e9 la foi cette ann\u00e9e avec une \u00e9quipe sans star. C&rsquo;est 11 mecs qui jouent les uns pour les autres\u00a0\u00bb.<\/p>\n<p>\u00ab\u00a0\u201cJe m&rsquo;attendais \u00e0 \u00eatre en tachycardie tout le match et finalement on a pli\u00e9 \u00e7a d&rsquo;entr\u00e9e. Quelle d\u00e9monstration !\u00a0\u00bb, s&rsquo;enthousiasme Simon, maillot du PSG version 1992, son ann\u00e9e de naissance, sur le dos.<\/p>\n<p>D\u00e8s le coup de sifflet final, un son et lumi\u00e8re avec des flammes a illumin\u00e9 le terrain tandis que quelques kilom\u00e8tres plus loin, la Tour Eiffel a brill\u00e9 de mille feux aux couleurs parisiennes.<\/p>\n<p>Mais en-dehors, les supporters regroup\u00e9s notamment sur les Champs-Elys\u00e9es, interdits aux voitures pour l&rsquo;occasion, et sur la place du Trocad\u00e9ro ont c\u00e9l\u00e9br\u00e9 bien plus t\u00f4t le sacre, \u00e0 grands coups de p\u00e9tards, de chants et de coups klaxon.<\/p>\n<p>Les manifestations de joie ne sont pas all\u00e9es sans d\u00e9bordements: les 5.400 policiers et gendarmes mobilis\u00e9s pour la soir\u00e9e \u00e0 Paris et son agglom\u00e9ration ont eu recours au canon \u00e0 eau sur les Champs-Elys\u00e9es et ont d\u00fb \u00e9vacuer des supporters descendus sur le p\u00e9riph\u00e9rique alors m\u00eame que le match se jouait encore.<\/p>\n<p>A 22H45, moment de la fin de match, 81 personnes avaient \u00e9t\u00e9 interpell\u00e9es, concentr\u00e9es Porte de Saint-Cloud et en haut de l&rsquo;avenue des Champs-Elys\u00e9es notamment pour \u00ab\u00a0d\u00e9tention de mortiers d&rsquo;artifice, produits incendiaires\u00a0\u00bb, selon la pr\u00e9fecture de police.<\/p>\n<p>Sur les Champs, beaucoup de vitrines de magasins ont \u00e9t\u00e9 pr\u00e9ventivement recouvertes de panneaux en bois l\u00e9ger par crainte de d\u00e9bordements, comme lors de la demi-finale retour.<\/p>\n<p>&#8211; \u00ab\u00a0Comme en 98\u00a0\u00bb &#8211;<\/p>\n<p>Les c\u00e9l\u00e9brations vont durer une bonne partie de la nuit, notamment autour des Champs-Elys\u00e9es. Une parade est pr\u00e9vue dimanche pour pr\u00e9senter le troph\u00e9e. L&rsquo;\u00e9quipe parisienne sera \u00e9galement re\u00e7ue par le chef de l&rsquo;Etat Emmanuel Macron, dimanche \u00e0 l&rsquo;Elys\u00e9e.<\/p>\n<p>\u00ab\u00a0C&rsquo;est \u00e9norme d&rsquo;\u00eatre l\u00e0 ce soir c&rsquo;est historique ! Les Champs y a que \u00e7a \u00e0 Paris ! J&rsquo;ai suivi le match sur mon t\u00e9l\u00e9phone avec eux [ses 3 amis, NDLR]. On est l\u00e0 pour l&rsquo;ambiance et on va c\u00e9l\u00e9brer, jusqu\u2019\u00e0 ce qu\u2019il nous poussent dehors\u00a0\u00bb, savoure Amine, 19 ans, venu de Nanterre<\/p>\n<p>Romain, 48 ans, est venu sur les Champs avec sa compagne. \u00ab\u00a0On habite dans l&rsquo;ouest de Paris, on a march\u00e9 30 minutes pour venir. Quand la France gagne on va sur les Champs, on \u00e9tait venu en 2018, j&rsquo;\u00e9tais l\u00e0 en 98&#8230; on attendait que Paris gagne depuis si longtemps\u00a0\u00bb raconte-t-il. \u00ab\u00a0Par contre l&rsquo;ambiance est un peu particuli\u00e8re on s&rsquo;attendait \u00e0 des chants&#8230;\u00a0\u00bb souligne-t-il quelques secondes plus tard, apr\u00e8s un mouvement de foule.<\/p>\n<p>Le Collectif Ultras Paris (CUP) avait appel\u00e9 les supporters \u00e0 c\u00e9l\u00e9brer \u00ab\u00a0sans d\u00e9bordements.\u00a0\u00bb<\/p>\n<p>\u00ab\u00a0Ca va \u00eatre incroyable \u00e0 Paris, mais s&rsquo;il vous pla\u00eet pas de violence, on ne casse rien, on est tranquilles on fait la f\u00eate seulement\u00a0\u00bb, a plaid\u00e9 l&rsquo;attaquant du PSG Ousmane Demb\u00e9l\u00e9 au micro de CBS apr\u00e8s la rencontre.<\/p>\n<p>sdu-js-dga-fs\/dar\/cpb\/<\/p>\n","protected":false},"excerpt":{"rendered":"Les sc\u00e8nes de liesse se multiplient \u00e0 Paris samedi apr\u00e8s la victoire du PSG 5-0 face \u00e0 l&rsquo;Inter&hellip;\n","protected":false},"author":2,"featured_media":142845,"comment_status":"","ping_status":"","sticky":false,"template":"","format":"standard","meta":{"footnotes":""},"categories":[1888],"tags":[1111,1928,11,1927,6984,12732,1640,1777,674,19651,1011,27,27088,15001,12,1926,2334,626,1925,93,25],"class_list":{"0":"post-142844","1":"post","2":"type-post","3":"status-publish","4":"format-standard","5":"has-post-thumbnail","7":"category-paris","8":"tag-actu","9":"tag-actu-paris","10":"tag-actualites","11":"tag-actualites-paris","12":"tag-champs-elysees","13":"tag-dembele","14":"tag-desire-doue","15":"tag-eu","16":"tag-europe","17":"tag-finale-de-la-ligue-des-champions","18":"tag-fr","19":"tag-france","20":"tag-le-parc-des-princes","21":"tag-les-champs-elysees","22":"tag-news","23":"tag-news-paris","24":"tag-parc-des-princes","25":"tag-paris","26":"tag-paris-news","27":"tag-psg","28":"tag-republique-francaise"},"share_on_mastodon":{"url":"https:\/\/pubeurope.com\/@fr\/114605281047451248","error":""},"_links":{"self":[{"href":"https:\/\/www.europesays.com\/fr\/wp-json\/wp\/v2\/posts\/142844","targetHints":{"allow":["GET"]}}],"collection":[{"href":"https:\/\/www.europesays.com\/fr\/wp-json\/wp\/v2\/posts"}],"about":[{"href":"https:\/\/www.europesays.com\/fr\/wp-json\/wp\/v2\/types\/post"}],"author":[{"embeddable":true,"href":"https:\/\/www.europesays.com\/fr\/wp-json\/wp\/v2\/users\/2"}],"replies":[{"embeddable":true,"href":"https:\/\/www.europesays.com\/fr\/wp-json\/wp\/v2\/comments?post=142844"}],"version-history":[{"count":0,"href":"https:\/\/www.europesays.com\/fr\/wp-json\/wp\/v2\/posts\/142844\/revisions"}],"wp:featuredmedia":[{"embeddable":true,"href":"https:\/\/www.europesays.com\/fr\/wp-json\/wp\/v2\/media\/142845"}],"wp:attachment":[{"href":"https:\/\/www.europesays.com\/fr\/wp-json\/wp\/v2\/media?parent=142844"}],"wp:term":[{"taxonomy":"category","embeddable":true,"href":"https:\/\/www.europesays.com\/fr\/wp-json\/wp\/v2\/categories?post=142844"},{"taxonomy":"post_tag","embeddable":true,"href":"https:\/\/www.europesays.com\/fr\/wp-json\/wp\/v2\/tags?post=142844"}],"curies":[{"name":"wp","href":"https:\/\/api.w.org\/{rel}","templated":true}]}}