{"id":142849,"date":"2025-06-01T00:31:09","date_gmt":"2025-06-01T00:31:09","guid":{"rendered":"https:\/\/www.europesays.com\/fr\/142849\/"},"modified":"2025-06-01T00:31:09","modified_gmt":"2025-06-01T00:31:09","slug":"en-russie-au-moins-sept-morts-dans-leffondrement-dun-pont-sur-un-train","status":"publish","type":"post","link":"https:\/\/www.europesays.com\/fr\/142849\/","title":{"rendered":"En Russie, au moins sept morts dans l&rsquo;effondrement d&rsquo;un pont sur un train"},"content":{"rendered":"<p>Selon la compagnie ferroviaire, l\u2019incident est survenu \u00e0 cause d\u2019une \u00abinterf\u00e9rence ill\u00e9gale dans l\u2019op\u00e9ration de transport\u00bb, pr\u00e9cisant que la circulation des autres trains n\u2019\u00e9tait pas perturb\u00e9e.<\/p>\n<p class=\"fig-paragraph\">Au moins sept personnes ont \u00e9t\u00e9 tu\u00e9es et une trentaine d&rsquo;autres bless\u00e9es dans l&rsquo;effondrement d&rsquo;un pont sur une voie ferr\u00e9e dans le sud-ouest de la\u00a0<a href=\"http:\/\/www.lefigaro.fr\/international\/dossier\/voyage-a-travers-toutes-les-russies\" data-fig-type=\"Topic\" data-gtm-custom-categorie=\"navigation\" data-gtm-custom-action=\"crossclick\" data-gtm-custom-label=\"Contextuel\" data-gtm-event=\"customEventSPE\" data-fig-domain=\"LEFIGARO\" rel=\"nofollow noopener\" target=\"_blank\">Russie<\/a>, qui a fait d\u00e9railler un train samedi soir pr\u00e8s de la fronti\u00e8re ukrainienne, ont indiqu\u00e9 les autorit\u00e9s russes.<\/p>\n<p class=\"fig-paragraph\">La compagnie ferroviaire a \u00e9voqu\u00e9 pour sa part une \u00abinterf\u00e9rence ill\u00e9gale\u00bb comme cause de la catastrophe qui s&rsquo;est produite dans la r\u00e9gion de Briansk. \u00abL&rsquo;effondrement d&rsquo;un pont sur des voies ferr\u00e9es a fait sept morts. Trente victimes, dont deux enfants, ont \u00e9t\u00e9 transport\u00e9es vers les centres m\u00e9dicaux de la r\u00e9gion de Briansk. Deux des bless\u00e9s, dont un enfant, sont dans un \u00e9tat grave\u00bb, a \u00e9crit le gouverneur r\u00e9gional Alexandre Bogomaz sur Telegram.<\/p>\n<p class=\"fig-paragraph\">L&rsquo;accident du train N.86 qui reliait Klimov, dans la r\u00e9gion de Belgorod (sud-ouest), \u00e0 Moscou, s&rsquo;est produit \u00e0 22H44 locales (19H44 GMT) au niveau de Pilchino-Vygonitchi, ont indiqu\u00e9 les Chemins de fer de Moscou sur Telegram. Selon la compagnie, l&rsquo;effondrement du pont est d\u00fb \u00e0 une \u00abinterf\u00e9rence ill\u00e9gale dans l&rsquo;op\u00e9ration de transport\u00bb, pr\u00e9cisant que la circulation des autres trains n&rsquo;\u00e9tait pas perturb\u00e9e.<\/p>\n<p class=\"fig-paragraph\">Sur des photos publi\u00e9es en ligne par les autorit\u00e9s, on peut voir une section du pont \u00e9croul\u00e9e et des v\u00e9hicules endommag\u00e9s, alors que les secours sont d\u00e9ploy\u00e9s dans la nuit.<\/p>\n<p class=\"fig-paragraph\">Les r\u00e9gions russes de Belgorod et Briansk sont frontali\u00e8res de l&rsquo;Ukraine. Le secteur du d\u00e9sastre se situe \u00e0 environ une centaine de kilom\u00e8tres de ce pays, contre lequel la Russie a lanc\u00e9 une offensive d&rsquo;ampleur depuis f\u00e9vrier 2022.<\/p>\n","protected":false},"excerpt":{"rendered":"Selon la compagnie ferroviaire, l\u2019incident est survenu \u00e0 cause d\u2019une \u00abinterf\u00e9rence ill\u00e9gale dans l\u2019op\u00e9ration de transport\u00bb, pr\u00e9cisant que&hellip;\n","protected":false},"author":2,"featured_media":142850,"comment_status":"","ping_status":"","sticky":false,"template":"","format":"standard","meta":{"footnotes":""},"categories":[1591],"tags":[119,259,11,260,1887,14,261,12,262,1885,1886,132],"class_list":{"0":"post-142849","1":"post","2":"type-post","3":"status-publish","4":"format-standard","5":"has-post-thumbnail","7":"category-russie","8":"tag-accident","9":"tag-actualite-internationale","10":"tag-actualites","11":"tag-affaires-etrangeres","12":"tag-federation-de-russie","13":"tag-international","14":"tag-ministere-des-affaires-etrangeres","15":"tag-news","16":"tag-politique-etrangere","17":"tag-russia","18":"tag-russian-federation","19":"tag-russie"},"share_on_mastodon":{"url":"https:\/\/pubeurope.com\/@fr\/114605292500702663","error":""},"_links":{"self":[{"href":"https:\/\/www.europesays.com\/fr\/wp-json\/wp\/v2\/posts\/142849","targetHints":{"allow":["GET"]}}],"collection":[{"href":"https:\/\/www.europesays.com\/fr\/wp-json\/wp\/v2\/posts"}],"about":[{"href":"https:\/\/www.europesays.com\/fr\/wp-json\/wp\/v2\/types\/post"}],"author":[{"embeddable":true,"href":"https:\/\/www.europesays.com\/fr\/wp-json\/wp\/v2\/users\/2"}],"replies":[{"embeddable":true,"href":"https:\/\/www.europesays.com\/fr\/wp-json\/wp\/v2\/comments?post=142849"}],"version-history":[{"count":0,"href":"https:\/\/www.europesays.com\/fr\/wp-json\/wp\/v2\/posts\/142849\/revisions"}],"wp:featuredmedia":[{"embeddable":true,"href":"https:\/\/www.europesays.com\/fr\/wp-json\/wp\/v2\/media\/142850"}],"wp:attachment":[{"href":"https:\/\/www.europesays.com\/fr\/wp-json\/wp\/v2\/media?parent=142849"}],"wp:term":[{"taxonomy":"category","embeddable":true,"href":"https:\/\/www.europesays.com\/fr\/wp-json\/wp\/v2\/categories?post=142849"},{"taxonomy":"post_tag","embeddable":true,"href":"https:\/\/www.europesays.com\/fr\/wp-json\/wp\/v2\/tags?post=142849"}],"curies":[{"name":"wp","href":"https:\/\/api.w.org\/{rel}","templated":true}]}}