{"id":142858,"date":"2025-06-01T00:36:16","date_gmt":"2025-06-01T00:36:16","guid":{"rendered":"https:\/\/www.europesays.com\/fr\/142858\/"},"modified":"2025-06-01T00:36:16","modified_gmt":"2025-06-01T00:36:16","slug":"inter-magistral-paris-est-champion-deurope-apres-la-finale-la-plus-accomplie-de-tous-les-temps","status":"publish","type":"post","link":"https:\/\/www.europesays.com\/fr\/142858\/","title":{"rendered":"Inter\u00a0: Magistral, Paris est champion d\u2019Europe apr\u00e8s la finale la plus accomplie de tous les temps"},"content":{"rendered":"<p>De notre envoy\u00e9 sp\u00e9cial \u00e0 Munich,<\/p>\n<p>Trente-deux ans apr\u00e8s <a href=\"https:\/\/www.20minutes.fr\/sport\/om\/\" target=\"_blank\" class=\"color-ultramarine c-link\" rel=\"nofollow noopener\">l\u2019Olympique de Marseille<\/a>, le<a href=\"https:\/\/www.20minutes.fr\/sport\/psg\/\" target=\"_blank\" class=\"color-ultramarine c-link\" rel=\"nofollow noopener\"> Paris Saint-Germain <\/a>est devenu samedi soir, \u00e0 Munich, le deuxi\u00e8me club fran\u00e7ais de l\u2019histoire \u00e0 soulever la Coupe aux grandes oreilles. Au terme <a href=\"https:\/\/www.20minutes.fr\/sport\/football\/ligue_des_champions\/4156170-20250531-direct-psg-inter-jour-plus-long-tous-parisiens-suivez-heures-menent-finale\" target=\"_blank\" class=\"color-ultramarine c-link\" rel=\"nofollow noopener\">d\u2019une finale ma\u00eetris\u00e9e comme jamais<\/a>, les hommes de Luis Enrique ont donn\u00e9 une le\u00e7on de football \u00e0 un Inter m\u00e9connaissable. Le fruit d\u2019un an et demi de travail acharn\u00e9 de Luis Enrique, l\u2019homme du tripl\u00e9 parisien, qui peut d\u00e9j\u00e0 consid\u00e9rer qu\u2019il aura le droit \u00e0 sa statue devant le Parc des Princes.<\/p>\n<p>Un PSG en mode Demolition Man<\/p>\n<p>Ah ben bravo, tout \u00e7a pour \u00e7a\u2026 Trois semaines \u00e0 se prendre pour Arrigo Sacchi et \u00e0 poncer des paper boards comme si la for\u00eat amazonienne n\u2019\u00e9tait d\u00e9j\u00e0 pas assez \u00e0 sec, en se triturant le cerveau pour savoir comment planter un but \u00e0 une d\u00e9fense habituellement imperm\u00e9able (ok, sauf contre le Bar\u00e7a, en demie), tout \u00e7a pour voir le PSG rouler sur les Italiens et leur planter deux pions en l\u2019espace de huit minutes. \u00c7a nous apprendra \u00e0 \u00eatre trop consciencieux.<\/p>\n<p>D\u2019autant que<a href=\"https:\/\/www.20minutes.fr\/dossier\/luis_enrique\" target=\"_blank\" class=\"color-ultramarine c-link\" rel=\"nofollow noopener\"> Luis Enrique <\/a>nous avait d\u00e9j\u00e0 pr\u00e9venus largement en amont\u00a0: il avait un plan. Un plan qui consistait samedi soir pour Paris \u00e0 ne surtout rien changer, ni leur syst\u00e8me de jeu en 4-3-3, ni leur mentalit\u00e9 de chien de la casse (mais avec des pattounes pleines d\u2019amour et de technique, brrrrrrr les frissons), avec des joueurs \u00e0 peu pr\u00e8s aussi sereins que s\u2019ils se lan\u00e7aient dans une partie de cartes au camping.<\/p>\n<p>Merci Paris (et Di Marco)<\/p>\n<p>Ma\u00eetres du ballon, plus hargneux dans les duels, face \u00e0 un bloc int\u00e9riste qu\u2019on n\u2019attendait peut-\u00eatre pas aussi bas, les Parisiens ont enflamm\u00e9 une premi\u00e8re fois leurs quelque 20.000 foufous venus de toute la France, gr\u00e2ce \u00e0 une inspiration g\u00e9niale de Vitinha, qui trouvait Dou\u00e9 dans un trou de souris, lequel servait ensuite Hakimi sur un plateau, seul face au but vide.<\/p>\n<p>On ne manquera pas de remercier Di Marco, qui a salement couvert Dou\u00e9 au d\u00e9part de l\u2019action. Ce m\u00eame Di Marco qui, huit minutes plus tard, d\u00e9tournera dans ses filets un tir (cadr\u00e9) de Dou\u00e9, magnifiquement trouv\u00e9 au d\u00e9part de l\u2019action par <a href=\"https:\/\/www.20minutes.fr\/sport\/ousmane-dembele\/\" target=\"_blank\" class=\"color-ultramarine c-link\" rel=\"nofollow noopener\">Ousmane Demb\u00e9l\u00e9<\/a>. En face, \u00e0 part une t\u00eate de Thuram non cadr\u00e9e &#8211; mais pas moins flippante &#8211; l\u2019Inter de Simone Inzaghi a bien d\u00fb admettre qu\u2019\u00e0 la pause, il y avait un monde d\u2019\u00e9cart au moins entre les deux \u00e9quipes.<\/p>\n<p class=\"mb-m@xs text-l@xs\">En cliquant sur\u00ab J\u2019accepte \u00bb, vous acceptez le d\u00e9p\u00f4t de cookies par des services externes et aurez ainsi acc\u00e8s aux contenus de nos partenaires.<\/p>\n<p class=\"mb-xl@xs text-s@xs\">Plus d\u2019informations sur la page<a href=\"https:\/\/www.20minutes.fr\/gestion-cookies\" class=\"mx-xxs@xs color-ultramarine\" rel=\"nofollow noopener\" target=\"_blank\">Politique de gestion des cookies<\/a><\/p>\n<p>J\u2019accepteUn monde d\u2019\u00e9cart\u00a0? Plut\u00f4t trois, oui\u00a0!<\/p>\n<p>Au retour des vestiaires, sans grande surprise, les Luchos\u2019s Boys ont sembl\u00e9 jouer dans un fauteuil, obligeant l\u2019Inter \u00e0 sortir un minimum de son camp, pour mieux la piquer en contre. Mais les pauvres Italiens n\u2019avaient d\u00e9j\u00e0 plus rien dans le moteur &#8211; on se demande quelle mouche a piqu\u00e9 Inzaghi pour programmer un entra\u00eenement le jour m\u00eame de la finale\u00a0! &#8211; et, au contraire, ce sont les Parisiens qui ont enfonc\u00e9 le clou du cercueil italien, gr\u00e2ce \u00e0 Dou\u00e9, encore, auteur d\u2019un doubl\u00e9 qu\u2019il n\u2019oubliera pas de sit\u00f4t (3-0, 63e), Kvaratskhelia (4-0, 73e) et le Titi Senny Mayulu (5-0, 86e).<\/p>\n<p>De toute mani\u00e8re, l\u2019histoire semblait d\u00e9j\u00e0 \u00e9crite. Car <a href=\"https:\/\/www.20minutes.fr\/sport\/football\/ligue_des_champions\/4156192-20250530-psg-inter-calme-cool-focus-psg-luis-enrique-bel-bien-enterre-demons-passe\" target=\"_blank\" class=\"color-ultramarine c-link\" rel=\"nofollow noopener\">la confiance et la s\u00e9r\u00e9nit\u00e9<\/a> qui ont accompagn\u00e9 les Parisiens la veille, lors du dernier entra\u00eenement \u00e0 l\u2019Allianz, et plus tard en conf\u00e9rence de presse, n\u2019\u00e9taient visiblement ni feinte, ni m\u00eame surjou\u00e9e. Non, l\u2019\u00e9quipe que Monseigneur <a href=\"https:\/\/www.20minutes.fr\/dossier\/luis_enrique\" target=\"_blank\" class=\"color-ultramarine c-link\" rel=\"nofollow noopener\">Luis Enrique<\/a> a b\u00e2tie en un an et demi est v\u00e9ritablement trop s\u00fbre d\u2019elle, de sa force et du foutoir g\u00e9ant qu\u2019elle met dans la t\u00eate de ses adversaires, pour se laisser grignoter par une quelconque pression.<\/p>\n<p>Le PSG \u00e9crit son histoire en lettres capitales<\/p>\n<p>Quatorze ans apr\u00e8s le rachat du club par le Qatar, et trente-deux ans apr\u00e8s l\u2019OM, le Paris Saint-Germain a donc remport\u00e9 la premi\u00e8re <a href=\"https:\/\/www.20minutes.fr\/sport\/ligue_des_champions\/\" target=\"_blank\" class=\"color-ultramarine c-link\" rel=\"nofollow noopener\">Ligue des champions<\/a> de son histoire, et en y mettant la mani\u00e8re s\u2019il vous pla\u00eet. Quant \u00e0 ce score, violent mais tellement logique, il semble r\u00e9compenser les efforts de tout un groupe, de tout un staff, qui n\u2019ont jamais reni\u00e9 leur principe sur l\u2019autel de l\u2019efficacit\u00e9. Qu\u2019ils soient dans le virage de l\u2019Allianz Arena, \u00e0 Paris, Quimper ou Tombouctou, les supporters parisiens peuvent \u00eatre sacr\u00e9ment fiers de leur \u00e9quipe. On le saurait \u00e0 moins. Et comme disait feu Thierry Roland en d\u2019autres temps aussi glorieux pour le foot fran\u00e7ais\u00a0: \u00ab\u00a0oh putain, quel pied\u00a0!\u00a0\u00bb.<\/p>\n","protected":false},"excerpt":{"rendered":"De notre envoy\u00e9 sp\u00e9cial \u00e0 Munich, Trente-deux ans apr\u00e8s l\u2019Olympique de Marseille, le Paris Saint-Germain est devenu samedi&hellip;\n","protected":false},"author":2,"featured_media":142859,"comment_status":"","ping_status":"","sticky":false,"template":"","format":"standard","meta":{"footnotes":""},"categories":[1586],"tags":[11,1777,674,63,1011,27,4788,447,12,2332,25,517],"class_list":{"0":"post-142858","1":"post","2":"type-post","3":"status-publish","4":"format-standard","5":"has-post-thumbnail","7":"category-europe","8":"tag-actualites","9":"tag-eu","10":"tag-europe","11":"tag-football","12":"tag-fr","13":"tag-france","14":"tag-inter-milan","15":"tag-ligue-des-champions","16":"tag-news","17":"tag-paris-saint-germain-psg","18":"tag-republique-francaise","19":"tag-sport"},"share_on_mastodon":{"url":"https:\/\/pubeurope.com\/@fr\/114605312235219533","error":""},"_links":{"self":[{"href":"https:\/\/www.europesays.com\/fr\/wp-json\/wp\/v2\/posts\/142858","targetHints":{"allow":["GET"]}}],"collection":[{"href":"https:\/\/www.europesays.com\/fr\/wp-json\/wp\/v2\/posts"}],"about":[{"href":"https:\/\/www.europesays.com\/fr\/wp-json\/wp\/v2\/types\/post"}],"author":[{"embeddable":true,"href":"https:\/\/www.europesays.com\/fr\/wp-json\/wp\/v2\/users\/2"}],"replies":[{"embeddable":true,"href":"https:\/\/www.europesays.com\/fr\/wp-json\/wp\/v2\/comments?post=142858"}],"version-history":[{"count":0,"href":"https:\/\/www.europesays.com\/fr\/wp-json\/wp\/v2\/posts\/142858\/revisions"}],"wp:featuredmedia":[{"embeddable":true,"href":"https:\/\/www.europesays.com\/fr\/wp-json\/wp\/v2\/media\/142859"}],"wp:attachment":[{"href":"https:\/\/www.europesays.com\/fr\/wp-json\/wp\/v2\/media?parent=142858"}],"wp:term":[{"taxonomy":"category","embeddable":true,"href":"https:\/\/www.europesays.com\/fr\/wp-json\/wp\/v2\/categories?post=142858"},{"taxonomy":"post_tag","embeddable":true,"href":"https:\/\/www.europesays.com\/fr\/wp-json\/wp\/v2\/tags?post=142858"}],"curies":[{"name":"wp","href":"https:\/\/api.w.org\/{rel}","templated":true}]}}