{"id":142893,"date":"2025-06-01T00:57:10","date_gmt":"2025-06-01T00:57:10","guid":{"rendered":"https:\/\/www.europesays.com\/fr\/142893\/"},"modified":"2025-06-01T00:57:10","modified_gmt":"2025-06-01T00:57:10","slug":"kylian-mbappe-felicite-le-psg-apres-sa-victoire-en-ligue-des-champions-contre-linter-milan","status":"publish","type":"post","link":"https:\/\/www.europesays.com\/fr\/142893\/","title":{"rendered":"Kylian Mbapp\u00e9 f\u00e9licite le PSG apr\u00e8s sa victoire en Ligue des champions contre l\u2019Inter Milan"},"content":{"rendered":"<p>        <img decoding=\"async\" loading=\"lazy\" src=\"https:\/\/www.europesays.com\/fr\/wp-content\/uploads\/2025\/06\/214f883_1733982403051-000-34u36kr.jpg\"  width=\"728\" height=\"409\" alt=\"Kylian Mbappe ici avec le pr\u00e9sident du PSG Nasser Al-Khelaifi en mai 2024\u00a0a salu\u00e9 le club apr\u00e8s sa victoire en Ligue des champions. \"\/>  <\/p>\n<p>FRANCK FIFE \/ AFP<\/p>\n<p>Kylian Mbappe ici avec le pr\u00e9sident du PSG Nasser Al-Khelaifi en mai 2024\u00a0a salu\u00e9 le club apr\u00e8s sa victoire en Ligue des champions. <\/p>\n<p class=\"asset asset-text\">FOOTBALL &#8211; Ce 29\u00a0f\u00e9vrier\u00a02024, <a href=\"https:\/\/www.huffingtonpost.fr\/sport\/article\/finale-de-la-ligue-des-champions-avant-psg-inter-milan-on-a-fact-checke-les-declarations-de-luis-enrique_250719.html\" rel=\"nofollow noopener\" target=\"_blank\">Luis Enrique<\/a> avait pr\u00e9venu\u00a0: \u00ab\u00a0nous aurons une meilleure \u00e9quipe la saison prochaine.\u00a0\u00bb Ils n\u2019\u00e9taient pas nombreux les supporters parisiens \u00e0 croire l\u2019entra\u00eeneur parisien quand <a href=\"https:\/\/www.huffingtonpost.fr\/sport\/article\/kylian-mbappe-decroche-le-soulier-d-or-europeen-pour-sa-premiere-saison-au-real-madrid_250509.html\" rel=\"nofollow noopener\" target=\"_blank\">Kylian Mbapp\u00e9<\/a> a fait le choix de quitter le PSG pour rejoindre le Real Madrid.<\/p>\n<p class=\"asset asset-text\">Mais 15\u00a0mois plus tard, c\u2019est bien Paris qui va coudre sa premi\u00e8re \u00e9toile sur son maillot apr\u00e8s <a href=\"https:\/\/www.huffingtonpost.fr\/sport\/article\/le-psg-surclasse-l-inter-milan-en-finale-de-la-ligue-des-champions-et-remporte-son-premier-trophee-clx1_250748.html\" rel=\"nofollow noopener\" target=\"_blank\">avoir surclass\u00e9 l\u2019Inter Milan en finale de la Ligue des champions<\/a>. Les madril\u00e8nes, eux, se sont arr\u00eat\u00e9s en quart de finale de la comp\u00e9tition.<\/p>\n<p class=\"asset asset-text\">Le capitaine de l\u2019\u00e9quipe de France a tout de m\u00eame appr\u00e9ci\u00e9 le spectacle. S\u2019il est toujours <a href=\"https:\/\/www.huffingtonpost.fr\/sport\/article\/kylian-mbappe-lance-une-nouvelle-salve-d-attaques-contre-le-psg_248666.html\" rel=\"nofollow noopener\" target=\"_blank\">en conflit avec la direction du club parisien<\/a>, il n\u2019a pas manqu\u00e9 de saluer ses anciens co\u00e9quipiers quelques minutes \u00e0 peine apr\u00e8s la victoire de Munich.<\/p>\n<p>         <img decoding=\"async\" loading=\"lazy\" src=\"https:\/\/www.europesays.com\/fr\/wp-content\/uploads\/2025\/06\/618d7b0_sirius-fs-upload-1-vape5ieayraa-1748726228190-mbappe-finale-psg.png\"  width=\"728\" height=\"448\" alt=\"\"\/>      <\/p>\n<p class=\"asset asset-text\">\u00ab\u00a0Le grand jour est enfin arriv\u00e9, la victoire et avec la mani\u00e8re de tout un club. F\u00e9licitations PSG\u00a0\u00bb, a \u00e9crit Kylian Mbapp\u00e9 dans une story sur son compte Instagram.<\/p>\n","protected":false},"excerpt":{"rendered":"FRANCK FIFE \/ AFP Kylian Mbappe ici avec le pr\u00e9sident du PSG Nasser Al-Khelaifi en mai 2024\u00a0a salu\u00e9&hellip;\n","protected":false},"author":2,"featured_media":142894,"comment_status":"","ping_status":"","sticky":false,"template":"","format":"standard","meta":{"footnotes":""},"categories":[9],"tags":[63,1011,27,6477,447,2332,517,60],"class_list":{"0":"post-142893","1":"post","2":"type-post","3":"status-publish","4":"format-standard","5":"has-post-thumbnail","7":"category-sports","8":"tag-football","9":"tag-fr","10":"tag-france","11":"tag-kylian-mbappe","12":"tag-ligue-des-champions","13":"tag-paris-saint-germain-psg","14":"tag-sport","15":"tag-sports"},"share_on_mastodon":{"url":"https:\/\/pubeurope.com\/@fr\/114605394904140557","error":""},"_links":{"self":[{"href":"https:\/\/www.europesays.com\/fr\/wp-json\/wp\/v2\/posts\/142893","targetHints":{"allow":["GET"]}}],"collection":[{"href":"https:\/\/www.europesays.com\/fr\/wp-json\/wp\/v2\/posts"}],"about":[{"href":"https:\/\/www.europesays.com\/fr\/wp-json\/wp\/v2\/types\/post"}],"author":[{"embeddable":true,"href":"https:\/\/www.europesays.com\/fr\/wp-json\/wp\/v2\/users\/2"}],"replies":[{"embeddable":true,"href":"https:\/\/www.europesays.com\/fr\/wp-json\/wp\/v2\/comments?post=142893"}],"version-history":[{"count":0,"href":"https:\/\/www.europesays.com\/fr\/wp-json\/wp\/v2\/posts\/142893\/revisions"}],"wp:featuredmedia":[{"embeddable":true,"href":"https:\/\/www.europesays.com\/fr\/wp-json\/wp\/v2\/media\/142894"}],"wp:attachment":[{"href":"https:\/\/www.europesays.com\/fr\/wp-json\/wp\/v2\/media?parent=142893"}],"wp:term":[{"taxonomy":"category","embeddable":true,"href":"https:\/\/www.europesays.com\/fr\/wp-json\/wp\/v2\/categories?post=142893"},{"taxonomy":"post_tag","embeddable":true,"href":"https:\/\/www.europesays.com\/fr\/wp-json\/wp\/v2\/tags?post=142893"}],"curies":[{"name":"wp","href":"https:\/\/api.w.org\/{rel}","templated":true}]}}