{"id":14291,"date":"2025-04-10T06:00:12","date_gmt":"2025-04-10T06:00:12","guid":{"rendered":"https:\/\/www.europesays.com\/fr\/14291\/"},"modified":"2025-04-10T06:00:12","modified_gmt":"2025-04-10T06:00:12","slug":"charles-et-camilla-posent-devant-le-colisee-monument-symbole-de-rome-actualites","status":"publish","type":"post","link":"https:\/\/www.europesays.com\/fr\/14291\/","title":{"rendered":"Charles et Camilla posent devant le Colis\u00e9e, monument symbole de Rome : Actualit\u00e9s"},"content":{"rendered":"<p class=\"lead \">Charles III et son \u00e9pouse Camilla ont pos\u00e9 mardi apr\u00e8s-midi pour les photographes devant les majestueuses arches du Colis\u00e9e, l&rsquo;amphith\u00e9\u00e2tre iconique de Rome, dans le cadre de leur visite d&rsquo;Etat de quatre jours en Italie.<\/p>\n<p class=\"lead \">Cette visite intervient dix jours apr\u00e8s que le monarque britannique de 76 ans eut \u00e9t\u00e9 bri\u00e8vement hospitalis\u00e9 en raison d&rsquo;effets secondaires de son traitement contre le cancer.<\/p>\n<p class=\"lead \">Le couple royal a \u00e9t\u00e9 applaudi par la foule des touristes mass\u00e9e autour du monument le plus visit\u00e9 d&rsquo;Italie, qui accueillait \u00e0 l&rsquo;\u00e9poque romaine les fameux combats de gladiateurs.<\/p>\n<p class=\"lead \">Pendant une dizaine de minutes, ils ont serr\u00e9 des mains et discut\u00e9 avec des \u00e9coliers agitant de petits drapeaux britanniques, puis ont \u00e9t\u00e9 photographi\u00e9s par les touristes lorsqu&rsquo;ils ont march\u00e9 entre l&rsquo;arc de Constantin et le temple d\u00e9di\u00e9 \u00e0 V\u00e9nus et \u00e0 la ville de Rome, situ\u00e9s juste devant le Colis\u00e9e. Ils se sont ensuite offert aux objectifs de la presse devant l&rsquo;amphith\u00e9\u00e2tre mill\u00e9naire.<\/p>\n<p class=\"lead \">Charles, en costume bleu \u00e0 fines rayures, et Camille, en robe de cr\u00eape bleu, ont \u00e9cout\u00e9 un bref r\u00e9sum\u00e9 de l&rsquo;histoire du Colis\u00e9e donn\u00e9 par l&rsquo;historien et pr\u00e9sentateur TV Alberto Angela. Le roi \u00ab\u00a0voulait conna\u00eetre tous les d\u00e9tails du pass\u00e9\u00a0\u00bb, a racont\u00e9 ce dernier aux journalistes. <\/p>\n<p class=\"lead \">Dans la matin\u00e9e, le roi et la reine ont \u00e9t\u00e9 re\u00e7us en grande pompe par le pr\u00e9sident de la R\u00e9publique Sergio Mattarella au palais du Quirinal surplombant Rome, datant du 16\u00e8me si\u00e8cle, autrefois demeure des papes et des rois d&rsquo;Italie. <\/p>\n<p class=\"lead \">Le couple royal a \u00e9t\u00e9 accueilli par le pr\u00e9sident et sa fille Laura, puis l&rsquo;orchestre du palais a jou\u00e9 les hymnes nationaux britannique et italien.<\/p>\n<p class=\"lead \">Le couple royal et le pr\u00e9sident ont ensuite assist\u00e9 \u00e0 la parade a\u00e9rienne de l&rsquo;escadre acrobatique de l&rsquo;arm\u00e9e de l&rsquo;air italienne, les \u00ab\u00a0Frecce Tricolori\u00a0\u00bb  (les \u00ab\u00a0Fl\u00e8ches tricolores\u00a0\u00bb), et son \u00e9quivalent britannique, les \u00ab\u00a0Red Arrows\u00a0\u00bb (les \u00ab\u00a0Fl\u00e8ches rouges\u00a0\u00bb). <\/p>\n<p class=\"lead \">Lors du passage de la limousine royale dans les rues du centre de Rome, un couple de touristes britanniques venant de Bath, Lucy et Peter Smith, \u00e9tait aux anges: \u00ab\u00a0Nous avons vu Charles et il nous a salu\u00e9s. J&rsquo;ai bien vu son visage\u00a0\u00bb, a confi\u00e9 \u00e0 l&rsquo;AFP Lucy Smith, 52 ans. <\/p>\n<p class=\"lead \">&#8211; Discours au Parlement &#8211;<\/p>\n<p class=\"lead \">Le couple a expliqu\u00e9 que la pr\u00e9sence du roi \u00e0 Rome durant leur s\u00e9jour \u00e9tait une co\u00efncidence. \u00ab\u00a0Nous avons r\u00e9serv\u00e9 avant lui, il nous a imit\u00e9s\u00a0\u00bb, a plaisant\u00e9 Peter Smith, 59 ans. <\/p>\n<p class=\"lead \">Une autre touriste britannique, Greeba Padbury, venue \u00e0 Rome pour ses 70 ans, a rat\u00e9 le couple royal mais n&rsquo;\u00e9tait pas trop d\u00e9\u00e7ue: \u00ab\u00a0Nous pouvons le voir chez nous\u00a0\u00bb. En attendant, \u00ab\u00a0nous allons boire un spritz, parce qu&rsquo;il est 10H00 (08H00 GMT) et que nous sommes \u00e0 Rome\u00a0\u00bb, a-t-elle lanc\u00e9.<\/p>\n<p class=\"lead \">Apr\u00e8s leur visite au Quirinal, Charles et Camilla ont d\u00e9pos\u00e9 une couronne de fleurs sur la tombe du Soldat inconnu \u00e0 l&rsquo;Autel de la Patrie, un vaste monument en marbre blanc en plein centre de Rome couronn\u00e9 par une statue \u00e9questre de Victor-Emmanuel II, premier roi de l&rsquo;Italie unifi\u00e9e au XIXe si\u00e8cle.<\/p>\n<p class=\"lead \">\u00ab\u00a0Quelle \u00e9motion de les  voir si petits \u00e0 l&rsquo;Autel de la Patrie puis d&rsquo;\u00eatre ici tout pr\u00e8s et de r\u00e9ussir \u00e0 leur serrer la main, \u00e7a \u00e9t\u00e9 vraiment un grand honneur, j&rsquo;\u00e9tais tr\u00e8s \u00e9mu\u00a0\u00bb, a racont\u00e9 \u00e0 l&rsquo;AFP Romolo Testa, un Italien de 19 ans qui s&rsquo;\u00e9tait rendu \u00e0 Londres pour les fun\u00e9railles d&rsquo;Elizabeth II.<\/p>\n<p class=\"lead \">Un touriste fran\u00e7ais bloqu\u00e9 derri\u00e8re une barri\u00e8re de s\u00e9curit\u00e9, Philippe Heitzler, 64 ans, a lui confi\u00e9 \u00ab\u00a0aimer beaucoup la Couronne britannique\u00a0\u00bb. \u00ab\u00a0Par contre on n&rsquo;a pas compris pourquoi ils voulaient sortir de l&rsquo;Europe\u00a0\u00bb, a-t-il ajout\u00e9. <\/p>\n<p class=\"lead \">Charles a d\u00e9j\u00e0 effectu\u00e9 17 visites officielles en Italie, mais il s&rsquo;agit de la premi\u00e8re depuis son accession au tr\u00f4ne apr\u00e8s la mort en 2022 de sa m\u00e8re Elizabeth II.<\/p>\n<p class=\"lead \">Il doit aussi rencontrer lors de cette visite la Premi\u00e8re ministre Giorgia Meloni et il sera le premier monarque britannique \u00e0 s&rsquo;adresser \u00e0 une session conjointe du Parlement.<\/p>\n<p class=\"lead \">Le roi et la reine, qui se sont mari\u00e9s le 9 avril 2005 apr\u00e8s une longue liaison durant le mariage de Charles avec la d\u00e9funte princesse Diana, c\u00e9l\u00e9breront leur anniversaire mercredi lors d&rsquo;un banquet d&rsquo;Etat.<\/p>\n<p class=\"small font-weight-bold text-gray3 \"> publi\u00e9 le 8 avril \u00e0 15h39, AFP<\/p>\n<p>                             Partager<\/p>\n","protected":false},"excerpt":{"rendered":"Charles III et son \u00e9pouse Camilla ont pos\u00e9 mardi apr\u00e8s-midi pour les photographes devant les majestueuses arches du&hellip;\n","protected":false},"author":2,"featured_media":14292,"comment_status":"","ping_status":"","sticky":false,"template":"","format":"standard","meta":{"footnotes":""},"categories":[1359],"tags":[312,58,59,1011,27,6228,452,973,6229],"class_list":{"0":"post-14291","1":"post","2":"type-post","3":"status-publish","4":"format-standard","5":"has-post-thumbnail","7":"category-people","8":"tag-diplomatie","9":"tag-divertissement","10":"tag-entertainment","11":"tag-fr","12":"tag-france","13":"tag-gb","14":"tag-italie","15":"tag-people","16":"tag-royaut"},"share_on_mastodon":{"url":"https:\/\/pubeurope.com\/@fr\/114312145990643652","error":""},"_links":{"self":[{"href":"https:\/\/www.europesays.com\/fr\/wp-json\/wp\/v2\/posts\/14291","targetHints":{"allow":["GET"]}}],"collection":[{"href":"https:\/\/www.europesays.com\/fr\/wp-json\/wp\/v2\/posts"}],"about":[{"href":"https:\/\/www.europesays.com\/fr\/wp-json\/wp\/v2\/types\/post"}],"author":[{"embeddable":true,"href":"https:\/\/www.europesays.com\/fr\/wp-json\/wp\/v2\/users\/2"}],"replies":[{"embeddable":true,"href":"https:\/\/www.europesays.com\/fr\/wp-json\/wp\/v2\/comments?post=14291"}],"version-history":[{"count":0,"href":"https:\/\/www.europesays.com\/fr\/wp-json\/wp\/v2\/posts\/14291\/revisions"}],"wp:featuredmedia":[{"embeddable":true,"href":"https:\/\/www.europesays.com\/fr\/wp-json\/wp\/v2\/media\/14292"}],"wp:attachment":[{"href":"https:\/\/www.europesays.com\/fr\/wp-json\/wp\/v2\/media?parent=14291"}],"wp:term":[{"taxonomy":"category","embeddable":true,"href":"https:\/\/www.europesays.com\/fr\/wp-json\/wp\/v2\/categories?post=14291"},{"taxonomy":"post_tag","embeddable":true,"href":"https:\/\/www.europesays.com\/fr\/wp-json\/wp\/v2\/tags?post=14291"}],"curies":[{"name":"wp","href":"https:\/\/api.w.org\/{rel}","templated":true}]}}