{"id":142915,"date":"2025-06-01T01:12:21","date_gmt":"2025-06-01T01:12:21","guid":{"rendered":"https:\/\/www.europesays.com\/fr\/142915\/"},"modified":"2025-06-01T01:12:21","modified_gmt":"2025-06-01T01:12:21","slug":"le-psg-tenu-en-echec-a-montpellier-et-pas-encore-champion-de-france","status":"publish","type":"post","link":"https:\/\/www.europesays.com\/fr\/142915\/","title":{"rendered":"le PSG tenu en \u00e9chec \u00e0 Montpellier et pas encore champion de France"},"content":{"rendered":"<p>Tenu en \u00e9chec \u00e0 Montpellier (33-33), le PSG devra retarder son 11e titre de champion de France de suite au week-end prochain.<\/p>\n<p class=\"fig-paragraph\"><a href=\"http:\/\/www.lefigaro.fr\/sports\/handball\/handball-montpellier-remporte-la-coupe-de-france-aux-tirs-au-but-face-au-psg-dans-une-finale-haletante-20250518\" data-fig-type=\"NewsFlash\" data-gtm-custom-categorie=\"navigation\" data-gtm-custom-action=\"crossclick\" data-gtm-custom-label=\"Contextuel\" data-gtm-event=\"customEventSPE\" data-fig-domain=\"LEFIGARO\" rel=\"nofollow noopener\" target=\"_blank\">Le Paris Saint-Germain Handball<\/a>\u00a0a \u00e9t\u00e9 tenu en \u00e9chec \u00e0 la sir\u00e8ne \u00e0 Montpellier (33-33) samedi, un nul qui retarde son probable onzi\u00e8me titre de champion de France de suite.<\/p>\n<p class=\"fig-paragraph\">Les Parisiens, qui menaient de cinq buts (29-24) \u00e0 10 minutes de la fin, ont pris l&rsquo;avantage par Elohim Prandi \u00e0 trois secondes de la fin avant que le MHB n&rsquo;\u00e9galise sur le gong dans le but vide.<\/p>\n<p class=\"fig-paragraph\">Ils ne comptent plus que trois longueurs d&rsquo;avance sur Nantes (49 pts) \u00e0 deux journ\u00e9es de la fin du championnat et d\u00e9crocheront le 12e titre de leur histoire en cas de victoire mercredi contre Istres. Montpellier (3e, 46 pts), qui a battu les Parisiens en finale de la Coupe de France le 18 mai (28-28, 8 tirs au but \u00e0 7), conserve de son c\u00f4t\u00e9 \u00e0 petit espoir d&rsquo;accrocher la deuxi\u00e8me place, synonyme de qualification pour la Ligue des champions.<\/p>\n","protected":false},"excerpt":{"rendered":"Tenu en \u00e9chec \u00e0 Montpellier (33-33), le PSG devra retarder son 11e titre de champion de France de&hellip;\n","protected":false},"author":2,"featured_media":142916,"comment_status":"","ping_status":"","sticky":false,"template":"","format":"standard","meta":{"footnotes":""},"categories":[9599],"tags":[1111,11,2207,69,525,2211,2212,2210,1981,2206,64,1777,674,1011,27,1792,2209,447,2208,12,2680,93,25,1980],"class_list":{"0":"post-142915","1":"post","2":"type-post","3":"status-publish","4":"format-standard","5":"has-post-thumbnail","7":"category-montpellier","8":"tag-actu","9":"tag-actualites","10":"tag-bleus","11":"tag-bundesliga","12":"tag-calendrier","13":"tag-championnat-deurope","14":"tag-championnat-du-monde","15":"tag-ciudad-real","16":"tag-classement","17":"tag-division-1","18":"tag-equipe-de-france","19":"tag-eu","20":"tag-europe","21":"tag-fr","22":"tag-france","23":"tag-handball","24":"tag-kiel","25":"tag-ligue-des-champions","26":"tag-montpellier","27":"tag-news","28":"tag-occitanie","29":"tag-psg","30":"tag-republique-francaise","31":"tag-resultats"},"share_on_mastodon":{"url":"https:\/\/pubeurope.com\/@fr\/114605453675498012","error":""},"_links":{"self":[{"href":"https:\/\/www.europesays.com\/fr\/wp-json\/wp\/v2\/posts\/142915","targetHints":{"allow":["GET"]}}],"collection":[{"href":"https:\/\/www.europesays.com\/fr\/wp-json\/wp\/v2\/posts"}],"about":[{"href":"https:\/\/www.europesays.com\/fr\/wp-json\/wp\/v2\/types\/post"}],"author":[{"embeddable":true,"href":"https:\/\/www.europesays.com\/fr\/wp-json\/wp\/v2\/users\/2"}],"replies":[{"embeddable":true,"href":"https:\/\/www.europesays.com\/fr\/wp-json\/wp\/v2\/comments?post=142915"}],"version-history":[{"count":0,"href":"https:\/\/www.europesays.com\/fr\/wp-json\/wp\/v2\/posts\/142915\/revisions"}],"wp:featuredmedia":[{"embeddable":true,"href":"https:\/\/www.europesays.com\/fr\/wp-json\/wp\/v2\/media\/142916"}],"wp:attachment":[{"href":"https:\/\/www.europesays.com\/fr\/wp-json\/wp\/v2\/media?parent=142915"}],"wp:term":[{"taxonomy":"category","embeddable":true,"href":"https:\/\/www.europesays.com\/fr\/wp-json\/wp\/v2\/categories?post=142915"},{"taxonomy":"post_tag","embeddable":true,"href":"https:\/\/www.europesays.com\/fr\/wp-json\/wp\/v2\/tags?post=142915"}],"curies":[{"name":"wp","href":"https:\/\/api.w.org\/{rel}","templated":true}]}}