{"id":142917,"date":"2025-06-01T01:16:11","date_gmt":"2025-06-01T01:16:11","guid":{"rendered":"https:\/\/www.europesays.com\/fr\/142917\/"},"modified":"2025-06-01T01:16:11","modified_gmt":"2025-06-01T01:16:11","slug":"a-grenoble-en-marge-des-festivites-une-voiture-percute-la-foule-quatre-blesses-dont-deux-graves","status":"publish","type":"post","link":"https:\/\/www.europesays.com\/fr\/142917\/","title":{"rendered":"\u00e0 Grenoble, en marge des festivit\u00e9s, une voiture percute la foule, quatre bless\u00e9s dont deux graves"},"content":{"rendered":"<p class=\"article-p mdl\">En marge des festivit\u00e9s, samedi 31 mai, apr\u00e8s le titre europ\u00e9en du <strong>Paris Saint-Germain<\/strong> face \u00e0 l<strong>&lsquo;Inter Milan<\/strong>, un drame s&rsquo;est produit dans le centre-ville de Grenoble (Is\u00e8re).\u00a0<\/p>\n<p class=\"article-p mdl\">\u00c0 23h40, alors qu&rsquo;une centaine de personnes c\u00e9l\u00e9brait la victoire du PSG, un automobiliste a fauch\u00e9 quatre pi\u00e9tons : <strong>deux hommes de 17 ans<\/strong> et <strong>deux femmes de 23 et 46 ans<\/strong>, <strong>membres de la m\u00eame famille<\/strong>,\u00a0selon la pr\u00e9fecture.\u00a0<\/p>\n<p class=\"article-p mdl\">Tous ont \u00e9t\u00e9 m\u00e9dicalis\u00e9s et transport\u00e9s au CHU Grenoble Alpes, dont deux dans un \u00e9tat grave, selon la pr\u00e9fecture, qui n&rsquo;\u00e9tait pas en mesure de pr\u00e9ciser si leur pronostic vital \u00e9tait engag\u00e9. Ajoutant que\u00a0le conducteur s&rsquo;est rendu de lui-m\u00eame \u00e0 la police et est\u00a0<strong>en garde \u00e0 vue<\/strong>.<\/p>\n<p class=\"article-p mdl\">Selon une source proche cit\u00e9e par l&rsquo;AFP,\u00a0l&rsquo;automobiliste circulait \u00e0 vive allure sur le cours Jean-Jaur\u00e8s, une des art\u00e8res principales de la ville,\u00a0<strong>quand il a tent\u00e9 d&rsquo;effectuer un d\u00e9rapage contr\u00f4l\u00e9<\/strong>, percutant la foule rassembl\u00e9e. Selon cette source,\u00a0l<strong>&lsquo;acte n&rsquo;\u00e9tait pas intentionnel<\/strong>.<\/p>\n<p class=\"article-p mdl\"><strong>27 fonctionnaires de police<\/strong> ainsi que <strong>40 pompiers <\/strong>ont \u00e9t\u00e9 mobilis\u00e9s \u00ab\u00a0sur l&rsquo;accident\u00a0\u00bb. L&rsquo;intervention s&rsquo;est d\u00e9roul\u00e9e sous quelques tirs de mortiers d&rsquo;artifice, selon des vid\u00e9os circulant sur les r\u00e9seaux sociaux qui montraient \u00e9galement du mobilier urbain d\u00e9grad\u00e9.<\/p>\n<p>    La r\u00e9daction vous recommande<\/p>\n<p class=\"s-newsletter__title\">\n                L\u2019actualit\u00e9 par la r\u00e9daction de RTL dans votre bo\u00eete mail.\n            <\/p>\n<p class=\"s-newsletter__subtitle\">\n                Gr\u00e2ce \u00e0 votre compte RTL abonnez-vous \u00e0 la newsletter RTL info pour suivre toute l&rsquo;actualit\u00e9 au quotidien\n            <\/p>\n<p>\n                                    Lire la suite\n                                <\/p>\n","protected":false},"excerpt":{"rendered":"En marge des festivit\u00e9s, samedi 31 mai, apr\u00e8s le titre europ\u00e9en du Paris Saint-Germain face \u00e0 l&lsquo;Inter Milan,&hellip;\n","protected":false},"author":2,"featured_media":142918,"comment_status":"","ping_status":"","sticky":false,"template":"","format":"standard","meta":{"footnotes":""},"categories":[9566],"tags":[1111,11,2430,1777,674,118,107,1011,27,2731,4788,447,12,91,25],"class_list":{"0":"post-142917","1":"post","2":"type-post","3":"status-publish","4":"format-standard","5":"has-post-thumbnail","7":"category-grenoble","8":"tag-actu","9":"tag-actualites","10":"tag-auvergne-rhone-alpes","11":"tag-eu","12":"tag-europe","13":"tag-faits-divers","14":"tag-fil-info","15":"tag-fr","16":"tag-france","17":"tag-grenoble","18":"tag-inter-milan","19":"tag-ligue-des-champions","20":"tag-news","21":"tag-paris-saint-germain","22":"tag-republique-francaise"},"share_on_mastodon":{"url":"https:\/\/pubeurope.com\/@fr\/114605469384223047","error":""},"_links":{"self":[{"href":"https:\/\/www.europesays.com\/fr\/wp-json\/wp\/v2\/posts\/142917","targetHints":{"allow":["GET"]}}],"collection":[{"href":"https:\/\/www.europesays.com\/fr\/wp-json\/wp\/v2\/posts"}],"about":[{"href":"https:\/\/www.europesays.com\/fr\/wp-json\/wp\/v2\/types\/post"}],"author":[{"embeddable":true,"href":"https:\/\/www.europesays.com\/fr\/wp-json\/wp\/v2\/users\/2"}],"replies":[{"embeddable":true,"href":"https:\/\/www.europesays.com\/fr\/wp-json\/wp\/v2\/comments?post=142917"}],"version-history":[{"count":0,"href":"https:\/\/www.europesays.com\/fr\/wp-json\/wp\/v2\/posts\/142917\/revisions"}],"wp:featuredmedia":[{"embeddable":true,"href":"https:\/\/www.europesays.com\/fr\/wp-json\/wp\/v2\/media\/142918"}],"wp:attachment":[{"href":"https:\/\/www.europesays.com\/fr\/wp-json\/wp\/v2\/media?parent=142917"}],"wp:term":[{"taxonomy":"category","embeddable":true,"href":"https:\/\/www.europesays.com\/fr\/wp-json\/wp\/v2\/categories?post=142917"},{"taxonomy":"post_tag","embeddable":true,"href":"https:\/\/www.europesays.com\/fr\/wp-json\/wp\/v2\/tags?post=142917"}],"curies":[{"name":"wp","href":"https:\/\/api.w.org\/{rel}","templated":true}]}}