{"id":142925,"date":"2025-06-01T01:22:15","date_gmt":"2025-06-01T01:22:15","guid":{"rendered":"https:\/\/www.europesays.com\/fr\/142925\/"},"modified":"2025-06-01T01:22:15","modified_gmt":"2025-06-01T01:22:15","slug":"nice-un-homme-se-noie-sur-la-promenade-des-anglais-la-victime-meurt-a-lhopital","status":"publish","type":"post","link":"https:\/\/www.europesays.com\/fr\/142925\/","title":{"rendered":"Nice. Un homme se noie sur la promenade des Anglais, la victime meurt \u00e0 l&rsquo;h\u00f4pital"},"content":{"rendered":"<p>            Par<br \/>\n        <strong><br \/>\n            <a href=\"https:\/\/actu.fr\/auteur\/ugo-maillard\" title=\"Consulter tous les articles de Ugo Maillard\" rel=\"nofollow noopener\" target=\"_blank\">Ugo Maillard<\/a><br \/>\n        <\/strong><\/p>\n<p>        Publi\u00e9 le<\/p>\n<p>            26 mai 2025 \u00e0 8h54        <\/p>\n<p>Il \u00e9tait aux alentours de 17h, ce dimanche 25\u00a0mai 2025, lorsque les sapeurs-pompiers des <a href=\"https:\/\/actu.fr\/provence-alpes-cote-d-azur\/alpes-maritimes_06\" rel=\"nofollow noopener\" target=\"_blank\">Alpes-Maritimes<\/a> sont intervenus sur la plage du quai des \u00c9tats-Unis \u00e0 <a href=\"https:\/\/actu.fr\/nice\/\" rel=\"nofollow noopener\" target=\"_blank\">Nice<\/a>.<\/p>\n<p>    <a href=\"https:\/\/www.google.com\/maps\/embed?pb=!1m18!1m12!1m3!1d2884.739503503643!2d7.271433076532463!3d43.695178749714316!2m3!1f0!2f0!3f0!3m2!1i1024!2i768!4f13.1!3m3!1m2!1s0x12cddaa2f245b529%3A0x2c99eb1f6510e075!2sQuai%20des%20%C3%89tats-Unis%2C%2006300%20Nice!5e0!3m2!1sfr!2sfr!4v1748241950351!5m2!1sfr!2sfr\" title=\"Ouvrie le lien\" rel=\"nofollow noopener\" target=\"_blank\">Cliquez ici pour visualiser le contenu<\/a><\/p>\n<p class=\" wall-content\">Un homme d\u2019une quarantaine d\u2019ann\u00e9es a \u00e9t\u00e9 <strong>victime d\u2019une noyade<\/strong> alors qu\u2019il se baignait. Des t\u00e9moins sur place ont rapidement sorti la victime de l\u2019eau et lui ont prodigu\u00e9 les premiers gestes de secours, indiquent les pompiers \u00e0 actu Nice.<\/p>\n<p class=\" wall-content\">En <strong>arr\u00eat cardiaque<\/strong>, il a \u00e9t\u00e9 pris en charge par les pompiers et des m\u00e9decins du Samu. Une longue tentative de r\u00e9animation a \u00e9t\u00e9 effectu\u00e9e avant un transport en urgence vers le centre hospitalier de Pasteur II.<\/p>\n<p>L\u2019homme d\u00e9c\u00e8de \u00e0 l\u2019h\u00f4pital<\/p>\n<p class=\" wall-content\">Transport\u00e9 dans un \u00e9tat grave vers l\u2019h\u00f4pital, l\u2019homme d\u2019une quarantaine d\u2019ann\u00e9es est d\u00e9c\u00e9d\u00e9 quelques heures plus tard.<\/p>\n<p>Vid\u00e9os : en ce moment sur Actu<\/p>\n<p class=\" wall-content\">Des fonctionnaires de police nationale \u00e9taient sur place pour mener des investigations quant \u00e0 la noyade.<\/p>\n<p class=\" wall-content\">Suivez toute l\u2019actualit\u00e9 de vos villes et m\u00e9dias favoris en vous inscrivant \u00e0 <a href=\"https:\/\/moncompte.actu.fr\" title=\"D\u00e9couvez Mon Actu\" rel=\"nofollow noopener\" data-trk=\"{&quot;cta&quot;:{&quot;action&quot;:&quot;https:\\\/\\\/moncompte.actu.fr&quot;,&quot;category&quot;:&quot;mon compte&quot;,&quot;from&quot;:&quot;article footer&quot;,&quot;name&quot;:&quot;Mon actu&quot;,&quot;type&quot;:&quot;cta&quot;}}\" target=\"_blank\">Mon Actu<\/a>.<\/p>\n","protected":false},"excerpt":{"rendered":"Par Ugo Maillard Publi\u00e9 le 26 mai 2025 \u00e0 8h54 Il \u00e9tait aux alentours de 17h, ce dimanche&hellip;\n","protected":false},"author":2,"featured_media":142926,"comment_status":"","ping_status":"","sticky":false,"template":"","format":"standard","meta":{"footnotes":""},"categories":[2819],"tags":[1111,11,1777,674,118,1011,27,12,2401,1311,882,25],"class_list":{"0":"post-142925","1":"post","2":"type-post","3":"status-publish","4":"format-standard","5":"has-post-thumbnail","7":"category-nice","8":"tag-actu","9":"tag-actualites","10":"tag-eu","11":"tag-europe","12":"tag-faits-divers","13":"tag-fr","14":"tag-france","15":"tag-news","16":"tag-nice","17":"tag-pompiers","18":"tag-provence-alpes-cote-dazur","19":"tag-republique-francaise"},"share_on_mastodon":{"url":"https:\/\/pubeurope.com\/@fr\/114605493126034175","error":""},"_links":{"self":[{"href":"https:\/\/www.europesays.com\/fr\/wp-json\/wp\/v2\/posts\/142925","targetHints":{"allow":["GET"]}}],"collection":[{"href":"https:\/\/www.europesays.com\/fr\/wp-json\/wp\/v2\/posts"}],"about":[{"href":"https:\/\/www.europesays.com\/fr\/wp-json\/wp\/v2\/types\/post"}],"author":[{"embeddable":true,"href":"https:\/\/www.europesays.com\/fr\/wp-json\/wp\/v2\/users\/2"}],"replies":[{"embeddable":true,"href":"https:\/\/www.europesays.com\/fr\/wp-json\/wp\/v2\/comments?post=142925"}],"version-history":[{"count":0,"href":"https:\/\/www.europesays.com\/fr\/wp-json\/wp\/v2\/posts\/142925\/revisions"}],"wp:featuredmedia":[{"embeddable":true,"href":"https:\/\/www.europesays.com\/fr\/wp-json\/wp\/v2\/media\/142926"}],"wp:attachment":[{"href":"https:\/\/www.europesays.com\/fr\/wp-json\/wp\/v2\/media?parent=142925"}],"wp:term":[{"taxonomy":"category","embeddable":true,"href":"https:\/\/www.europesays.com\/fr\/wp-json\/wp\/v2\/categories?post=142925"},{"taxonomy":"post_tag","embeddable":true,"href":"https:\/\/www.europesays.com\/fr\/wp-json\/wp\/v2\/tags?post=142925"}],"curies":[{"name":"wp","href":"https:\/\/api.w.org\/{rel}","templated":true}]}}