{"id":142937,"date":"2025-06-01T01:30:07","date_gmt":"2025-06-01T01:30:07","guid":{"rendered":"https:\/\/www.europesays.com\/fr\/142937\/"},"modified":"2025-06-01T01:30:07","modified_gmt":"2025-06-01T01:30:07","slug":"le-site-internet-de-lavant-poste-fait-peau-neuve","status":"publish","type":"post","link":"https:\/\/www.europesays.com\/fr\/142937\/","title":{"rendered":"Le site internet de l&rsquo;Avant-Poste fait peau neuve !"},"content":{"rendered":"<p class=\"introduction\">La direction D\u00e9veloppement \u00c9conomique et Attractivit\u00e9 de la Ville de Roubaix a repens\u00e9, avec l\u2019aide de ses partenaires, la navigation au sein du site internet.<\/p>\n<p>Aujourd\u2019hui, vous pouvez d\u00e9couvrir 3 grandes rubriques :<\/p>\n<ul>\n<li><strong>S\u2019informer<\/strong> : pour en savoir plus sur les actions de la Ville de Roubaix<\/li>\n<li><strong>Entreprendre<\/strong> : pour que chaque professionnel implant\u00e9 \u00e0 Roubaix trouve les informations pratiques dont il a besoin<\/li>\n<li><strong>Aller vers l\u2019emploi<\/strong> : qui d\u00e9taille les actions mises en place sur le territoire roubaisien, tant pour les partenaires de l\u2019emploi que pour les demandeurs.<\/li>\n<\/ul>\n<p>Cette \u00e9volution vise \u00e0 rendre plus claire et plus lisible l\u2019information sur l\u2019\u00e9conomie, l\u2019emploi, la formation et la transition \u00e9cologique, mais aussi \u00e0 mieux accompagner chacun des usagers.<\/p>\n<p>Nous vous invitons \u00e0 d\u00e9couvrir cette nouvelle version du site internet d\u00e8s \u00e0 pr\u00e9sent !<\/p>\n<p><strong>&gt; Rendez-vous sur <a href=\"http:\/\/avantposte-roubaix.fr\" target=\"_blank\" rel=\"noopener nofollow\">avantposte-roubaix.fr<\/a><\/strong><\/p>\n","protected":false},"excerpt":{"rendered":"La direction D\u00e9veloppement \u00c9conomique et Attractivit\u00e9 de la Ville de Roubaix a repens\u00e9, avec l\u2019aide de ses partenaires,&hellip;\n","protected":false},"author":2,"featured_media":142938,"comment_status":"","ping_status":"","sticky":false,"template":"","format":"standard","meta":{"footnotes":""},"categories":[2815],"tags":[1111,11,26003,341,1777,674,1011,27,811,1307,12,25],"class_list":{"0":"post-142937","1":"post","2":"type-post","3":"status-publish","4":"format-standard","5":"has-post-thumbnail","7":"category-lille","8":"tag-actu","9":"tag-actualites","10":"tag-avant-poste","11":"tag-emploi","12":"tag-eu","13":"tag-europe","14":"tag-fr","15":"tag-france","16":"tag-hauts-de-france","17":"tag-lille","18":"tag-news","19":"tag-republique-francaise"},"share_on_mastodon":{"url":"https:\/\/pubeurope.com\/@fr\/114605524515970318","error":""},"_links":{"self":[{"href":"https:\/\/www.europesays.com\/fr\/wp-json\/wp\/v2\/posts\/142937","targetHints":{"allow":["GET"]}}],"collection":[{"href":"https:\/\/www.europesays.com\/fr\/wp-json\/wp\/v2\/posts"}],"about":[{"href":"https:\/\/www.europesays.com\/fr\/wp-json\/wp\/v2\/types\/post"}],"author":[{"embeddable":true,"href":"https:\/\/www.europesays.com\/fr\/wp-json\/wp\/v2\/users\/2"}],"replies":[{"embeddable":true,"href":"https:\/\/www.europesays.com\/fr\/wp-json\/wp\/v2\/comments?post=142937"}],"version-history":[{"count":0,"href":"https:\/\/www.europesays.com\/fr\/wp-json\/wp\/v2\/posts\/142937\/revisions"}],"wp:featuredmedia":[{"embeddable":true,"href":"https:\/\/www.europesays.com\/fr\/wp-json\/wp\/v2\/media\/142938"}],"wp:attachment":[{"href":"https:\/\/www.europesays.com\/fr\/wp-json\/wp\/v2\/media?parent=142937"}],"wp:term":[{"taxonomy":"category","embeddable":true,"href":"https:\/\/www.europesays.com\/fr\/wp-json\/wp\/v2\/categories?post=142937"},{"taxonomy":"post_tag","embeddable":true,"href":"https:\/\/www.europesays.com\/fr\/wp-json\/wp\/v2\/tags?post=142937"}],"curies":[{"name":"wp","href":"https:\/\/api.w.org\/{rel}","templated":true}]}}