{"id":142939,"date":"2025-06-01T01:31:10","date_gmt":"2025-06-01T01:31:10","guid":{"rendered":"https:\/\/www.europesays.com\/fr\/142939\/"},"modified":"2025-06-01T01:31:10","modified_gmt":"2025-06-01T01:31:10","slug":"rencontre-et-dedicace-dans-la-musette-a-la-fnac-lille","status":"publish","type":"post","link":"https:\/\/www.europesays.com\/fr\/142939\/","title":{"rendered":"Rencontre et d\u00e9dicace \u00ab Dans la musette \u00bb \u00e0 la Fnac Lille"},"content":{"rendered":"<p>La Fnac Lille vous invite \u00e0 une rencontre autour du livre \u00ab Dans la musette 2.0 \u2013 Le Tour de LA France \u00bb, paru aux \u00e9ditions Marabout.<\/p>\n<p>                            <strong>La meilleure \u00e9dition du Tour de LA France de tous les temps, un concentr\u00e9 de culture et d\u2019humour v\u00e9locyclop\u00e9diques.<\/strong><\/p>\n<p>Les joyeux drilles de \u00ab Dans la Musette \u00bb enflamment avec brio et constance le PCF (Paysage cycliste fran\u00e7ais), un peu comme Pierre Rolland anime une \u00e9tape du Tour de France. Avec panache !<\/p>\n<p>Mais c\u2019est plus pr\u00e9cis\u00e9ment un Tour de LA France cycliste qu\u2019ils proposent dans ce nouvel ouvrage. Toutes les r\u00e9gions fran\u00e7aises sont pass\u00e9es au crible de leur plume ac\u00e9r\u00e9e et \u00e0 l\u2019aune de leur contribution respective \u00e0 la Grande Histoire du bicloune<br \/>\u00ab made in France \u00bb. De Bobet au \u00ab Blaireau \u00bb et de Th\u00e9venet \u00e0 Pinot, suivez l\u2019\u00e9chapp\u00e9e du si\u00e8cle avec \u00ab Dans la Musette \u00bb aux commentaires.\u00a0<\/p>\n<p style=\"text-align: center;\">*\u00c9v\u00e9nement gratuit, acc\u00e8s libre dans la limite des places disponibles<\/p>\n<p>        <img decoding=\"async\" src=\"https:\/\/www.europesays.com\/fr\/wp-content\/uploads\/2025\/04\/logo-rse.png\" alt=\"Logo RSE\" loading=\"lazy\" width=\"84\" height=\"116\"\/><\/p>\n<p>\n        La Fnac s\u2019engage activement dans les initiatives de responsabilit\u00e9 soci\u00e9tale des entreprises (RSE).\n    <\/p>\n<p>\n        Aidez-nous en choisissant la mobilit\u00e9 douce en privil\u00e9giant par exemple le v\u00e9lo (pistes cyclables et stationnements \u00e0 disposition), les transports en commun ou le covoiturage pour nous rejoindre. Ainsi, vous contribuez \u00e0 r\u00e9duire les \u00e9missions de gaz \u00e0 effet de serre et \u00e0 am\u00e9liorer notre qualit\u00e9 de l\u2019air. Pour plus d\u2019information, consultez la fiche du magasin.<br \/>Tous nos \u00e9v\u00e8nements sont en acc\u00e8s gratuit, dans la limite des places disponibles.\n    <\/p>\n","protected":false},"excerpt":{"rendered":"La Fnac Lille vous invite \u00e0 une rencontre autour du livre \u00ab Dans la musette 2.0 \u2013 Le&hellip;\n","protected":false},"author":2,"featured_media":142940,"comment_status":"","ping_status":"","sticky":false,"template":"","format":"standard","meta":{"footnotes":""},"categories":[2815],"tags":[1111,11,207,27094,1777,674,9391,1011,27,811,708,27095,1307,27096,12,25,517],"class_list":{"0":"post-142939","1":"post","2":"type-post","3":"status-publish","4":"format-standard","5":"has-post-thumbnail","7":"category-lille","8":"tag-actu","9":"tag-actualites","10":"tag-cyclisme","11":"tag-dans-la-musette","12":"tag-eu","13":"tag-europe","14":"tag-evenement-fnac-gratuit","15":"tag-fr","16":"tag-france","17":"tag-hauts-de-france","18":"tag-humour","19":"tag-le-tour-de-la-france","20":"tag-lille","21":"tag-marabout","22":"tag-news","23":"tag-republique-francaise","24":"tag-sport"},"share_on_mastodon":{"url":"https:\/\/pubeurope.com\/@fr\/114605528417206850","error":""},"_links":{"self":[{"href":"https:\/\/www.europesays.com\/fr\/wp-json\/wp\/v2\/posts\/142939","targetHints":{"allow":["GET"]}}],"collection":[{"href":"https:\/\/www.europesays.com\/fr\/wp-json\/wp\/v2\/posts"}],"about":[{"href":"https:\/\/www.europesays.com\/fr\/wp-json\/wp\/v2\/types\/post"}],"author":[{"embeddable":true,"href":"https:\/\/www.europesays.com\/fr\/wp-json\/wp\/v2\/users\/2"}],"replies":[{"embeddable":true,"href":"https:\/\/www.europesays.com\/fr\/wp-json\/wp\/v2\/comments?post=142939"}],"version-history":[{"count":0,"href":"https:\/\/www.europesays.com\/fr\/wp-json\/wp\/v2\/posts\/142939\/revisions"}],"wp:featuredmedia":[{"embeddable":true,"href":"https:\/\/www.europesays.com\/fr\/wp-json\/wp\/v2\/media\/142940"}],"wp:attachment":[{"href":"https:\/\/www.europesays.com\/fr\/wp-json\/wp\/v2\/media?parent=142939"}],"wp:term":[{"taxonomy":"category","embeddable":true,"href":"https:\/\/www.europesays.com\/fr\/wp-json\/wp\/v2\/categories?post=142939"},{"taxonomy":"post_tag","embeddable":true,"href":"https:\/\/www.europesays.com\/fr\/wp-json\/wp\/v2\/tags?post=142939"}],"curies":[{"name":"wp","href":"https:\/\/api.w.org\/{rel}","templated":true}]}}