{"id":142941,"date":"2025-06-01T01:32:04","date_gmt":"2025-06-01T01:32:04","guid":{"rendered":"https:\/\/www.europesays.com\/fr\/142941\/"},"modified":"2025-06-01T01:32:04","modified_gmt":"2025-06-01T01:32:04","slug":"32-ans-apres-lom-les-parisiens-a-jamais-les-deuxiemes-a-remporter-la-ligue-des-champions","status":"publish","type":"post","link":"https:\/\/www.europesays.com\/fr\/142941\/","title":{"rendered":"32 ans apr\u00e8s l&rsquo;OM, les Parisiens \u00e0 jamais les deuxi\u00e8mes \u00e0 remporter la Ligue des champions"},"content":{"rendered":"<p>Pendant 32 longues ann\u00e9es, l&rsquo;OM est rest\u00e9 le seul club fran\u00e7ais vainqueur de la Ligue des champions, et il restera \u00e0 jamais le premier \u00e0 tout jamais. Mais d\u00e9sormais, l&rsquo;institution ciel et blanc n&rsquo;est plus la seule, puisque le PSG est devenu ce samedi \u00e0 jamais le deuxi\u00e8me club fran\u00e7ais \u00e0 soulever la coupe aux grandes oreilles.<\/p>\n<p>Il n&rsquo;y a jamais vraiment eu de suspense \u00e0 Munich, parce que l&rsquo;Inter Milan est pass\u00e9 totalement \u00e0 c\u00f4t\u00e9 de son match, incapable de mettre Donnarumma en danger et beaucoup trop f\u00e9brile d\u00e9fensivement. Hakimi (12), Dou\u00e9 (20, 63), Kvaratskhelia (73) et Mayulu (87) en ont profit\u00e9 pour mettre Paris sur les rails, direction un troph\u00e9e que le club de la capitale attend depuis qu&rsquo;il est pass\u00e9 sous pavillon qatari, en 2011. Une longue qu\u00eate marqu\u00e9e par des d\u00e9sillusions en pagaille, la clim&rsquo; de Chelsea en 2014, la remontada de 2017 contre Barcelone, celle de 2019 contre Manchester United ou de 2022 face au Real Madrid.<\/p>\n<p>Apr\u00e8s quatorze ans et plus de 2 milliards d&rsquo;euros d\u00e9pens\u00e9s en indemnit\u00e9s de transferts, le PSG version Qatar a donc fini par d\u00e9crocher la Ligue des champions. L&rsquo;OM a un successeur au palmar\u00e8s de la C1. Mais qu&rsquo;on ne s&rsquo;y trompe pas, les Marseillais resteront \u00e0 jamais les premiers \u00e0 s&rsquo;\u00eatre install\u00e9s tout en haut du foot europ\u00e9en&#8230;<\/p>\n","protected":false},"excerpt":{"rendered":"Pendant 32 longues ann\u00e9es, l&rsquo;OM est rest\u00e9 le seul club fran\u00e7ais vainqueur de la Ligue des champions, et&hellip;\n","protected":false},"author":2,"featured_media":142942,"comment_status":"","ping_status":"","sticky":false,"template":"","format":"standard","meta":{"footnotes":""},"categories":[2814],"tags":[17,1111,11,1764,150,1777,674,1011,27,5776,4056,151,884,12,23462,882,25,60],"class_list":{"0":"post-142941","1":"post","2":"type-post","3":"status-publish","4":"format-standard","5":"has-post-thumbnail","7":"category-marseille","8":"tag-17","9":"tag-actu","10":"tag-actualites","11":"tag-ans","12":"tag-apres","13":"tag-eu","14":"tag-europe","15":"tag-fr","16":"tag-france","17":"tag-jamais","18":"tag-lom","19":"tag-les","20":"tag-marseille","21":"tag-news","22":"tag-parisiens","23":"tag-provence-alpes-cote-dazur","24":"tag-republique-francaise","25":"tag-sports"},"share_on_mastodon":{"url":"https:\/\/pubeurope.com\/@fr\/114605532435886847","error":""},"_links":{"self":[{"href":"https:\/\/www.europesays.com\/fr\/wp-json\/wp\/v2\/posts\/142941","targetHints":{"allow":["GET"]}}],"collection":[{"href":"https:\/\/www.europesays.com\/fr\/wp-json\/wp\/v2\/posts"}],"about":[{"href":"https:\/\/www.europesays.com\/fr\/wp-json\/wp\/v2\/types\/post"}],"author":[{"embeddable":true,"href":"https:\/\/www.europesays.com\/fr\/wp-json\/wp\/v2\/users\/2"}],"replies":[{"embeddable":true,"href":"https:\/\/www.europesays.com\/fr\/wp-json\/wp\/v2\/comments?post=142941"}],"version-history":[{"count":0,"href":"https:\/\/www.europesays.com\/fr\/wp-json\/wp\/v2\/posts\/142941\/revisions"}],"wp:featuredmedia":[{"embeddable":true,"href":"https:\/\/www.europesays.com\/fr\/wp-json\/wp\/v2\/media\/142942"}],"wp:attachment":[{"href":"https:\/\/www.europesays.com\/fr\/wp-json\/wp\/v2\/media?parent=142941"}],"wp:term":[{"taxonomy":"category","embeddable":true,"href":"https:\/\/www.europesays.com\/fr\/wp-json\/wp\/v2\/categories?post=142941"},{"taxonomy":"post_tag","embeddable":true,"href":"https:\/\/www.europesays.com\/fr\/wp-json\/wp\/v2\/tags?post=142941"}],"curies":[{"name":"wp","href":"https:\/\/api.w.org\/{rel}","templated":true}]}}