{"id":142943,"date":"2025-06-01T01:33:05","date_gmt":"2025-06-01T01:33:05","guid":{"rendered":"https:\/\/www.europesays.com\/fr\/142943\/"},"modified":"2025-06-01T01:33:05","modified_gmt":"2025-06-01T01:33:05","slug":"a-marseille-avec-bruce-springsteen-le-velodrome-a-son-nouveau-boss","status":"publish","type":"post","link":"https:\/\/www.europesays.com\/fr\/142943\/","title":{"rendered":"A Marseille, avec Bruce Springsteen le V\u00e9lodrome a son nouveau Boss"},"content":{"rendered":"<p>Il \u00e9tait plus qu&rsquo;attendu \u00e0 Marseille. Un an apr\u00e8s avoir d\u00fb reporter son concert, Bruce Springsteen \u00e9tait bien sur la sc\u00e8ne du V\u00e9lodrome ce soir pour le plus grand bonheur de plus de 60 000 fans.<\/p>\n<p>Quelques jours apr\u00e8s <a href=\"https:\/\/maritima.fr\/actualites\/culture\/marseille\/7240\/jul-enflamme-le-velodrome-devant-plus-de-73-000-fans-un-record-historique\" target=\"_blank\" rel=\"noopener\">Jul<\/a> et une semaine avant Ed Sheeran, le stade V\u00e9lodrome a une nouvelle fois fait le plein pour un artiste et quel artiste ! C&rsquo;est le Boss himself qui \u00e9tait sur la sc\u00e8ne, un an apr\u00e8s avoir d\u00fb <a href=\"https:\/\/maritima.fr\/actualites\/culture\/marseille\/1622\/le-concert-de-bruce-springsteen-au-velodrome-reporte\" target=\"_blank\" rel=\"noopener\">reporter son concert<\/a> initial.\u00a0<\/p>\n<p>\u00a0<\/p>\n<\/p>\n<p>\u00a0<\/p>\n<p>Cette fois, aucun probl\u00e8me de voix pour Bruce Springsteen accompagn\u00e9 de son habituel E Street Band. Toujours aussi engag\u00e9, le chanteur am\u00e9ricain de 75 ans a pris plusieurs fois la parole pour montrer son opposition \u00e0 ce que vit politiquement son pays sous Trump ou pour citer l&rsquo;\u00e9crivain James Baldwin :\u00a0 \u00ab\u00a0dans ce monde il n\u2019y a pas d\u2019humanit\u00e9 suffisante pour subvenir \u00e0 tous. Mais il y en a assez\u00a0\u00bb.<\/p>\n<p>\u00a0<\/p>\n<\/p>\n<p>\u00a0<\/p>\n<p>Vivement applaudi pour ses propos, Bruce Springsteen l&rsquo;a \u00e9t\u00e9 encore plus pour son show de plus de 2h40 qui a ravi <a href=\"https:\/\/maritima.fr\/actualites\/culture\/marseille\/7359\/bruce-springsteen-enfin-sur-scene-au-velodrome-des-fans-venus-de-toute-la-france-impatients-de-le-retrouver\" target=\"_blank\" rel=\"noopener\">les plus de 60 000 fans venus de toute la France et de bien plus loin<\/a>, m\u00eame si la qualit\u00e9 du son n&rsquo;\u00e9tait pas toujours au rendez-vous selon o\u00f9 le public \u00e9tait plac\u00e9 dans le stade. Un public qui a repris en ch\u0153ur les chansons du final et notamment Born in the USA, Born to run et Dancing in the dark.<\/p>\n<p>\u00a0<\/p>\n<\/p>\n<p>\u00a0<\/p>\n","protected":false},"excerpt":{"rendered":"Il \u00e9tait plus qu&rsquo;attendu \u00e0 Marseille. Un an apr\u00e8s avoir d\u00fb reporter son concert, Bruce Springsteen \u00e9tait bien&hellip;\n","protected":false},"author":2,"featured_media":142944,"comment_status":"","ping_status":"","sticky":false,"template":"","format":"standard","meta":{"footnotes":""},"categories":[2814],"tags":[1111,11,23078,1777,674,1011,27,884,12,882,25,12024],"class_list":{"0":"post-142943","1":"post","2":"type-post","3":"status-publish","4":"format-standard","5":"has-post-thumbnail","7":"category-marseille","8":"tag-actu","9":"tag-actualites","10":"tag-bruce-springsteen","11":"tag-eu","12":"tag-europe","13":"tag-fr","14":"tag-france","15":"tag-marseille","16":"tag-news","17":"tag-provence-alpes-cote-dazur","18":"tag-republique-francaise","19":"tag-stade-orange-velodrome"},"share_on_mastodon":{"url":"https:\/\/pubeurope.com\/@fr\/114605536292669009","error":""},"_links":{"self":[{"href":"https:\/\/www.europesays.com\/fr\/wp-json\/wp\/v2\/posts\/142943","targetHints":{"allow":["GET"]}}],"collection":[{"href":"https:\/\/www.europesays.com\/fr\/wp-json\/wp\/v2\/posts"}],"about":[{"href":"https:\/\/www.europesays.com\/fr\/wp-json\/wp\/v2\/types\/post"}],"author":[{"embeddable":true,"href":"https:\/\/www.europesays.com\/fr\/wp-json\/wp\/v2\/users\/2"}],"replies":[{"embeddable":true,"href":"https:\/\/www.europesays.com\/fr\/wp-json\/wp\/v2\/comments?post=142943"}],"version-history":[{"count":0,"href":"https:\/\/www.europesays.com\/fr\/wp-json\/wp\/v2\/posts\/142943\/revisions"}],"wp:featuredmedia":[{"embeddable":true,"href":"https:\/\/www.europesays.com\/fr\/wp-json\/wp\/v2\/media\/142944"}],"wp:attachment":[{"href":"https:\/\/www.europesays.com\/fr\/wp-json\/wp\/v2\/media?parent=142943"}],"wp:term":[{"taxonomy":"category","embeddable":true,"href":"https:\/\/www.europesays.com\/fr\/wp-json\/wp\/v2\/categories?post=142943"},{"taxonomy":"post_tag","embeddable":true,"href":"https:\/\/www.europesays.com\/fr\/wp-json\/wp\/v2\/tags?post=142943"}],"curies":[{"name":"wp","href":"https:\/\/api.w.org\/{rel}","templated":true}]}}