{"id":142948,"date":"2025-06-01T01:38:13","date_gmt":"2025-06-01T01:38:13","guid":{"rendered":"https:\/\/www.europesays.com\/fr\/142948\/"},"modified":"2025-06-01T01:38:13","modified_gmt":"2025-06-01T01:38:13","slug":"video-tour-eiffel-scintillee-feux-dartifice-paris-fete-le-premier-titre-de-ligue-des-champions-du-psg","status":"publish","type":"post","link":"https:\/\/www.europesays.com\/fr\/142948\/","title":{"rendered":"VID\u00c9O. Tour Eiffel scintill\u00e9e, feux d&rsquo;artifice&#8230; Paris f\u00eate le premier titre de Ligue des champions du PSG"},"content":{"rendered":"<p>            Par<br \/>\n        <strong><br \/>\n            <a href=\"https:\/\/actu.fr\/auteur\/antoine-grotteria02\" title=\"Consulter tous les articles de Antoine Grotteria\" target=\"_blank\" rel=\"noopener\">Antoine Grotteria<\/a><br \/>\n        <\/strong><\/p>\n<p>        Publi\u00e9 le<\/p>\n<p>            1 juin 2025 \u00e0 0h06        <\/p>\n<p>Les supporters du PSG en ont<strong> r\u00eav\u00e9<\/strong>. D\u00e9sormais, <a href=\"https:\/\/actu.fr\/paris\/\" target=\"_blank\" rel=\"noopener\">Paris<\/a> entre dans une phase de festivit\u00e9s. Ce samedi 31\u00a0mai 2025, des sc\u00e8nes de liesse escortent la <strong>premi\u00e8re victoire<\/strong> en <a href=\"https:\/\/actu.fr\/tag\/ligue-des-champions\" target=\"_blank\" rel=\"noopener\">Ligue des champions<\/a> du club parisien. Des <a href=\"https:\/\/actu.fr\/tag\/champs-elysees\" target=\"_blank\" rel=\"noopener\">Champs-\u00c9lys\u00e9es<\/a>, o\u00f9 les tensions n\u2019ont pas emp\u00each\u00e9 les supporters d\u2019affluer, \u00e0 la <strong>place de la R\u00e9publique<\/strong>, la capitale c\u00e9l\u00e8bre le titre du PSG. Les prochaines heures devraient \u00e9galement \u00eatre anim\u00e9es.<\/p>\n<p>\u00ab\u2009Paris champions\u2009\u00bb sur la Tour Eiffel<\/p>\n<p class=\" wall-content\">\u00c0 la fin du match, la <a href=\"https:\/\/actu.fr\/tag\/tour-eiffel\" target=\"_blank\" rel=\"noopener\">Tour Eiffe<\/a>l s\u2019est par\u00e9e de rouge et bleu pour saluer l\u2019exploit du PSG. Les buts \u00e9taient accompagn\u00e9s de <a href=\"https:\/\/actu.fr\/ile-de-france\/paris_75056\/la-tour-eiffel-va-scintiller-a-chaque-but-du-psg-pour-la-finale-de-ligue-des-champions-face-a-l-inter_62703523.html\" target=\"_blank\" rel=\"noopener\">scintillements<\/a>. Un message affichant \u00ab\u2009Paris champions\u2009\u00bb \u00e9tait \u00e9galement visible au niveau du premier \u00e9tage.<\/p>\n<p class=\" wall-content\">Quelques kilom\u00e8tres plus loin, les Champs-\u00c9lys\u00e9es ont \u00e9t\u00e9 envahies par des <strong>milliers de fan<\/strong>s. Si l\u2019ambiance s\u2019av\u00e9rait globalement joyeuse, avec notamment des <strong>feux d\u2019artifice <\/strong>et des <strong>klaxons<\/strong>, des tensions ont \u00e9clat\u00e9 au cours du match. Selon des images diffus\u00e9es par le journaliste Cl\u00e9ment Lanot, des tirs de mortiers visaient les forces de l\u2019ordre. La pr\u00e9fecture de Police indiquait 81 interpellations \u00e0 23\u00a0heures.<\/p>\n<p class=\" wall-content\">\n<p class=\" wall-content\">\n<p class=\" wall-content\">\n<p class=\" wall-content\">Sur la place de la R\u00e9publique, un rassemblement spontan\u00e9 \u00e9tait organis\u00e9, comme le montrent les images de la journaliste du Parisien, Victoire Haffreingue. Au nord de Paris, un utilisateur du r\u00e9seau social X faisait \u00e9tat de feu d\u2019artifice dans le <strong>quartier de Montmartre<\/strong> (18e). M\u00eames ph\u00e9nom\u00e8nes dans plusieurs quartiers.<\/p>\n<p class=\" wall-content\">\n<p class=\" wall-content\">\n<p class=\" wall-content\">La f\u00eate a \u00e9t\u00e9 c\u00e9l\u00e9br\u00e9e jusqu\u2019au plus haut sommet de l\u2019Elys\u00e9e. Le pr\u00e9sident <strong>Emmanuel Macron<\/strong> a salu\u00e9 sur<a href=\"https:\/\/x.com\/EmmanuelMacron\/status\/1928917769828913536\"> X<\/a> \u00ab\u2009un jour de gloire\u2009\u00bb pour le PSG. Il recevra, ce dimanche 1er\u00a0juin, les joueurs en d\u00e9but de soir\u00e9e, apr\u00e8s la parade sur les Champs-Elys\u00e9es.<\/p>\n<p>Vid\u00e9os : en ce moment sur Actu<\/p>\n<p class=\" wall-content\">Suivez toute l\u2019actualit\u00e9 de vos villes et m\u00e9dias favoris en vous inscrivant \u00e0 <a href=\"https:\/\/moncompte.actu.fr\" title=\"D\u00e9couvez Mon Actu\" rel=\"nofollow noopener\" data-trk=\"{&quot;cta&quot;:{&quot;action&quot;:&quot;https:\\\/\\\/moncompte.actu.fr&quot;,&quot;category&quot;:&quot;mon compte&quot;,&quot;from&quot;:&quot;article footer&quot;,&quot;name&quot;:&quot;Mon actu&quot;,&quot;type&quot;:&quot;cta&quot;}}\" target=\"_blank\">Mon Actu<\/a>.<\/p>\n","protected":false},"excerpt":{"rendered":"Par Antoine Grotteria Publi\u00e9 le 1 juin 2025 \u00e0 0h06 Les supporters du PSG en ont r\u00eav\u00e9. D\u00e9sormais,&hellip;\n","protected":false},"author":2,"featured_media":142949,"comment_status":"","ping_status":"","sticky":false,"template":"","format":"standard","meta":{"footnotes":""},"categories":[1888],"tags":[1111,1928,11,1927,6984,1777,674,63,1011,27,12,1926,626,1925,2332,25,60,7184],"class_list":{"0":"post-142948","1":"post","2":"type-post","3":"status-publish","4":"format-standard","5":"has-post-thumbnail","7":"category-paris","8":"tag-actu","9":"tag-actu-paris","10":"tag-actualites","11":"tag-actualites-paris","12":"tag-champs-elysees","13":"tag-eu","14":"tag-europe","15":"tag-football","16":"tag-fr","17":"tag-france","18":"tag-news","19":"tag-news-paris","20":"tag-paris","21":"tag-paris-news","22":"tag-paris-saint-germain-psg","23":"tag-republique-francaise","24":"tag-sports","25":"tag-tour-eiffel"},"share_on_mastodon":{"url":"https:\/\/pubeurope.com\/@fr\/114605556068327875","error":""},"_links":{"self":[{"href":"https:\/\/www.europesays.com\/fr\/wp-json\/wp\/v2\/posts\/142948","targetHints":{"allow":["GET"]}}],"collection":[{"href":"https:\/\/www.europesays.com\/fr\/wp-json\/wp\/v2\/posts"}],"about":[{"href":"https:\/\/www.europesays.com\/fr\/wp-json\/wp\/v2\/types\/post"}],"author":[{"embeddable":true,"href":"https:\/\/www.europesays.com\/fr\/wp-json\/wp\/v2\/users\/2"}],"replies":[{"embeddable":true,"href":"https:\/\/www.europesays.com\/fr\/wp-json\/wp\/v2\/comments?post=142948"}],"version-history":[{"count":0,"href":"https:\/\/www.europesays.com\/fr\/wp-json\/wp\/v2\/posts\/142948\/revisions"}],"wp:featuredmedia":[{"embeddable":true,"href":"https:\/\/www.europesays.com\/fr\/wp-json\/wp\/v2\/media\/142949"}],"wp:attachment":[{"href":"https:\/\/www.europesays.com\/fr\/wp-json\/wp\/v2\/media?parent=142948"}],"wp:term":[{"taxonomy":"category","embeddable":true,"href":"https:\/\/www.europesays.com\/fr\/wp-json\/wp\/v2\/categories?post=142948"},{"taxonomy":"post_tag","embeddable":true,"href":"https:\/\/www.europesays.com\/fr\/wp-json\/wp\/v2\/tags?post=142948"}],"curies":[{"name":"wp","href":"https:\/\/api.w.org\/{rel}","templated":true}]}}