{"id":142950,"date":"2025-06-01T01:39:13","date_gmt":"2025-06-01T01:39:13","guid":{"rendered":"https:\/\/www.europesays.com\/fr\/142950\/"},"modified":"2025-06-01T01:39:13","modified_gmt":"2025-06-01T01:39:13","slug":"le-psg-vainqueur-de-la-ligue-des-champions-comment-luis-enrique-a-hisse-paris-sur-le-toit-de-leurope","status":"publish","type":"post","link":"https:\/\/www.europesays.com\/fr\/142950\/","title":{"rendered":"Le PSG vainqueur de la Ligue des champions : comment Luis Enrique a hiss\u00e9 Paris sur le toit de l&rsquo;Europe"},"content":{"rendered":"<p>Le Paris Saint-Germain a remport\u00e9, samedi, la finale de la Ligue des champions, \u00e9trillant l&rsquo;Inter Milan (5-0).Le club de la capitale soul\u00e8ve la coupe aux grandes oreilles pour la premi\u00e8re fois de son histoire.Un succ\u00e8s qui porte le sceau de Luis Enrique, auteur d&rsquo;une mini-r\u00e9volution depuis son arriv\u00e9e sur le banc parisien.<a href=\"https:\/\/www.tf1info.fr\/actualite\/football-ligue-des-champions-2024-2025-une-nouvelle-ere-s-ouvre-psg-lille-monaco-brest-real-madrid-machester-city-13795\/\" rel=\"noopener\" class=\"jsx-3118104007 Link jsx-1428418400 jsx-2089987738\" target=\"_blank\"><\/p>\n<p style=\"font-weight:400\" class=\"jsx-1837267516\">Suivez la couverture compl\u00e8te<\/p>\n<p style=\"font-weight:800\" class=\"jsx-1837267516\">Le PSG remporte sa premi\u00e8re Ligue des champions<\/p>\n<p><\/a><\/p>\n<p data-module=\"article-paragraph\" class=\"jsx-362436225 Paragraph Paragraph__End\">Comme une impression de d\u00e9j\u00e0 vu pour Luis Enrique. Dix ans apr\u00e8s avoir men\u00e9 le FC Barcelone sur le toit de l&rsquo;Europe pour son dernier titre continental en date, le technicien espagnol r\u00e9cidive, cette fois sur le banc du PSG. Quelque part, l&rsquo;exploit est m\u00eame encore plus grand puisqu&rsquo;il s&rsquo;agit du tout premier sacre dans la comp\u00e9tition du club de la capitale, vainqueur en finale de l&rsquo;Inter Milan (5-0) ce samedi 31 mai \u00e0 Munich (Allemagne). Et ce succ\u00e8s porte l&#8217;empreinte du travail de \u00ab\u00a0Lucho\u00a0\u00bb, qui est parvenu, en l&rsquo;espace de quelques mois, \u00e0 remodeler une formation qui a longtemps collectionn\u00e9 les d\u00e9boires dans les tr\u00e8s grands matchs. Retour sur cette patiente m\u00e9tamorphose couronn\u00e9e de succ\u00e8s.\u00a0<\/p>\n<p>Un nouveau projet sans paillette ni superstar<\/p>\n<p data-module=\"article-paragraph\" class=\"jsx-362436225 Paragraph Paragraph__End\">S&rsquo;il a su guider le \u00ab\u00a0Bar\u00e7a\u00a0\u00bb de la fameuse MSN (Messi, Neymar, Suarez) vers les sommets, Luis Enrique vogue, cette fois, vers le succ\u00e8s en adoptant une approche bien diff\u00e9rente. L&rsquo;entra\u00eeneur espagnol et la direction du <a href=\"https:\/\/www.tf1info.fr\/sport\/football-finale-psg-inter-milan-y-aura-t-il-une-etoile-sur-le-maillot-parisien-si-paris-gagne-la-ligue-des-champions-2373592.html\" target=\"_blank\" rel=\"noopener\">PSG<\/a> ont transform\u00e9 le d\u00e9part subi du meilleur buteur de l&rsquo;histoire du club, Kylian Mbapp\u00e9, en opportunit\u00e9 pour r\u00e9orienter un projet alors en bout de course. Exit les Messi, Neymar et autres Mbapp\u00e9, noms clinquants et superstars, place \u00e0 des joueurs plus m\u00e9connus aux yeux du grand public, pas forc\u00e9ment aussi c\u00f4t\u00e9s. M\u00eame si cela peut ressembler \u00e0 un poncif \u00e9cul\u00e9, dire que la star se trouve dans le collectif a rarement sembl\u00e9 aussi appropri\u00e9.\u00a0Et la partition parfaite propos\u00e9e en finale de Ligue des champions en est le meilleur symbole.\u00a0<\/p>\n<blockquote data-testid=\"EmbedTwitter\" id=\"tweet-1928930818958717205-:Rm6ij9n79m:\" class=\"jsx-aeff1a1c40f54d7a twitter-tweet flex justify-center items-center\"><p>GRACIAS \u2764\ufe0f\ud83d\udc99  pic.twitter.com\/4xyhtzRaa8 \u2014 Paris Saint-Germain (@PSG_inside)  May 31, 2025<\/p><\/blockquote>\n<p data-module=\"article-paragraph\" class=\"jsx-362436225 Paragraph Paragraph__End\">Cerise sur le g\u00e2teau, ce virage co\u00efncide avec un tr\u00e8s fort rajeunissement de l&rsquo;effectif, traduisant une volont\u00e9 de se projeter sur plusieurs ann\u00e9es. Le capitaine Marquinhos (31 ans) est ainsi le seul trentenaire de l&rsquo;effectif, tandis que la majorit\u00e9 des cadres de l&rsquo;\u00e9quipe (Dou\u00e9, Barcola, Kvaratskhelia, Vitinha, Neves, Nunes, Pacho) sont \u00e2g\u00e9s de 25 ans, ou moins.\u00a0<\/p>\n<p>Des principes de jeu clairs<\/p>\n<p data-module=\"article-paragraph\" class=\"jsx-362436225 Paragraph Paragraph__End\">Aussi, les pr\u00e9ceptes de jeu entraper\u00e7us la saison pass\u00e9e sont amplifi\u00e9s et bien mieux ex\u00e9cut\u00e9s. Le principe est relativement \u00e9l\u00e9mentaire, mais plus compliqu\u00e9 \u00e0 mettre en \u0153uvre : le jeu est bas\u00e9 sur la possession, accompagn\u00e9 d&rsquo;un pressing \u00e9touffant. La cl\u00e9 de cette machine parfaitement huil\u00e9e se trouve au milieu de terrain, et aupr\u00e8s du trio Ruiz-Vitinha-Neves, aussi impressionnant dans son volume de courses avec et sans ballon que dominateur sur le plan technique. Autre point important, tous les joueurs travaillent de concert et sont concern\u00e9s par les efforts d\u00e9fensifs, encore inimaginable quelques mois plus t\u00f4t. \u00ab\u00a0Le coach nous a rab\u00e2ch\u00e9 : &lsquo;si tu ne presses pas, ne d\u00e9fends pas, quelqu&rsquo;un va prendre ta place&rsquo;, donc on d\u00e9fend tous\u00a0\u00bb, d\u00e9clare en avril dernier l&rsquo;intenable <a href=\"https:\/\/www.tf1info.fr\/sport\/football-finale-psg-inter-milan-ousmane-dembele-ballon-d-or-et-si-ca-arrivait-vraiment-2373363.html\" target=\"_blank\" rel=\"noopener\">Ousmane Demb\u00e9l\u00e9<\/a>, lui aussi m\u00e9tamorphos\u00e9.\u00a0<\/p>\n<p><img decoding=\"async\" src=\"https:\/\/www.europesays.com\/fr\/wp-content\/uploads\/2025\/06\/vitinha-la-force-tranquille-du-psg-61f4c2-0@1x.jpeg\" alt=\"Vitinha, la force tranquille du PSG.  - FRANCK FIFE \/ AFP\" loading=\"lazy\" importance=\"low\" fetchpriority=\"low\" class=\"\"\/>Vitinha, la force tranquille du PSG.  &#8211; FRANCK FIFE \/ AFPDemb\u00e9l\u00e9 en nouvel artificier en chef <\/p>\n<p data-module=\"article-paragraph\" class=\"jsx-362436225 Paragraph\">Se red\u00e9couvrant dans un r\u00f4le de faux num\u00e9ro neuf qui lui sied \u00e0 merveille, Ousmane Demb\u00e9l\u00e9, justement, s&rsquo;affirme aussi comme un grand artisan de la deuxi\u00e8me partie de saison en boulet de canon du club de la capitale. Un temps abondamment critiqu\u00e9, y compris par son coach, l&rsquo;international fran\u00e7ais parvient \u00e0 trouver le d\u00e9clic \u00e0 l&rsquo;aube de l&rsquo;ann\u00e9e 2025 avec ce nouveau positionnement. Celui dont la maladresse devant le but a souvent coll\u00e9 \u00e0 la peau se fend alors de deux tripl\u00e9s retentissants en l&rsquo;espace de quelques jours, le 29 janvier contre Stuttgart (4-1) puis le 1er f\u00e9vrier contre Brest (3-0).\u00a0<\/p>\n<p data-module=\"article-paragraph\" class=\"jsx-362436225 Paragraph Paragraph__End\">Deux coups d&rsquo;\u00e9clat qui lancent v\u00e9ritablement une saison hors normes (33 buts et 12 passes d\u00e9cisives toutes comp\u00e9titions confondues), laquelle pourrait potentiellement \u00eatre couronn\u00e9e d&rsquo;un ballon d&rsquo;or. Impliqu\u00e9 sur 14 buts en C1 cette saison (8 buts, 6 passes d\u00e9cisives), il devient au passage le joueur d&rsquo;un club fran\u00e7ais le plus d\u00e9cisif sur un m\u00eame exercice dans la comp\u00e9tition. Mais pour le dribleur tricolore, l&rsquo;essentiel est ailleurs, lui qui estime \u00ab\u00a0bien plus important\u00a0\u00bb la r\u00e9ussite actuelle sur le plan collectif.\u00a0<\/p>\n<p>Un management qui paye<\/p>\n<p data-module=\"article-paragraph\" class=\"jsx-362436225 Paragraph\">Autre param\u00e8tre important, le management. L\u00e0 o\u00f9 les entra\u00eeneurs du PSG ont r\u00e9guli\u00e8rement \u00e9t\u00e9 critiqu\u00e9s pour leur gestion \u00e0 deux vitesses du vestiaire, Luis Enrique a rapidement donn\u00e9 une tendance diff\u00e9rente. Respect des r\u00e8gles, rigueur de tous les instants, aucun traitement de faveur et un collectif plac\u00e9 au-dessus de toutes les individualit\u00e9s, sont d\u00e9sormais les ma\u00eetres mots. Il n&rsquo;h\u00e9site pas non plus \u00e0 se montrer encore plus exigeant avec les stars. La gestion de Kylian Mbapp\u00e9 lors de la deuxi\u00e8me partie de saison 2023-24 &#8211; lorsqu&rsquo;il avait refus\u00e9 de prolonger son contrat &#8211; et la mise \u00e0 l&rsquo;\u00e9cart d&rsquo;Ousmane Demb\u00e9l\u00e9 pour le match contre Arsenal en octobre dernier &#8211; apr\u00e8s un retard -, sont autant de signaux de cette nouvelle philosophie.\u00a0<\/p>\n<p data-module=\"article-paragraph\" class=\"jsx-362436225 Paragraph Paragraph__End\">En compl\u00e9ment, pour favoriser la concurrence et \u00e9viter les blessures, le technicien espagnol n&rsquo;h\u00e9site pas \u00e0 impliquer l&rsquo;ensemble de son groupe. L\u00e0 encore, l&rsquo;id\u00e9e en filigrane est que l&rsquo;\u00e9quipe est plus forte que les talents qui la composent. \u00ab\u00a0Je pourrais changer quatre ou cinq joueurs du onze, vous ne verriez pas la diff\u00e9rence\u00a0\u00bb, plaisante-t-il. Ce ne sont ainsi pas moins de 28 joueurs de l&rsquo;effectif qui foulent les pelouses. Une large rotation qui profite aux jeunes du centre de formation : Yoram Zague (19 ans, 6 matchs), Noham Kamara (19 ans, 2 matchs), Axel Tape (17 ans, 3 matchs) et Ibrahim Mbaye (17 ans, 10 matchs) ont tous le droit \u00e0 des minutes de jeu. Senny Mayulu (19 ans, 29 matchs) devient, lui, progressivement, une pi\u00e8ce importante du banc.\u00a0<\/p>\n<p>R\u00e9ussir \u00e0 gagner dans la douleur<\/p>\n<p data-module=\"article-paragraph\" class=\"jsx-362436225 Paragraph\">L&rsquo;\u00e8re \u00ab\u00a0Lucho\u00a0\u00bb se caract\u00e9rise aussi et peut-\u00eatre surtout par la facult\u00e9 \u00e0 remporter des matchs difficiles, des rencontres qui auraient sans doute \u00e9t\u00e9 perdues d&rsquo;autres ann\u00e9es. \u00c0 ce titre, le duel contre Manchester City (4-2) le 22 janvier dernier, entre deux formations mal au point sur le plan comptable, fait office de tournant. Bouscul\u00e9s dans le jeu et mal embarqu\u00e9s au tableau d&rsquo;affichage avec deux buts de retard, les Parisiens trouvent les ressources pour renverser la vapeur en marquant \u00e0 quatre reprises en l&rsquo;espace de 35 minutes.\u00a0<\/p>\n<p data-module=\"article-paragraph\" class=\"jsx-362436225 Paragraph Paragraph__End\">\u00ab\u00a0On a pris confiance depuis ce match, \u00e7&rsquo;a \u00e9t\u00e9 la cl\u00e9\u00a0\u00bb, confie Vitinha. \u00ab\u00a0Il fallait sortir du blocage li\u00e9 \u00e0 l&rsquo;inefficacit\u00e9 devant le but. On a dit aux joueurs : &lsquo;ne vous inqui\u00e9tez pas, on va prendre confiance&rsquo;. L&rsquo;efficacit\u00e9, on l&rsquo;a obtenue gr\u00e2ce \u00e0 la g\u00e9n\u00e9rosit\u00e9 des joueurs, ils ont cherch\u00e9 \u00e0 mieux se placer dans la surface et on est pass\u00e9 de statistiques lamentables aux meilleures d&rsquo;Europe\u00a0\u00bb, poursuit Luis Enrique, qui apporte beaucoup de s\u00e9r\u00e9nit\u00e9 \u00e0 ses joueurs depuis son banc.\u00a0<\/p>\n<p><img decoding=\"async\" src=\"https:\/\/www.europesays.com\/fr\/wp-content\/uploads\/2025\/06\/les-parisiens-savourent-avec-leur-public-leur-victoire-renversante-contre-manchester-city-558a2b-0@1.jpeg\" alt=\"Les Parisiens savourent avec leur public leur victoire renversante contre Manchester City.  - Franck FIFE \/ AFP\" loading=\"lazy\" importance=\"low\" fetchpriority=\"low\" class=\"\"\/>Les Parisiens savourent avec leur public leur victoire renversante contre Manchester City.  &#8211; Franck FIFE \/ AFP<\/p>\n<p data-module=\"article-paragraph\" class=\"jsx-362436225 Paragraph Paragraph__End\">Dans les semaines et mois qui suivent, les co\u00e9quipiers de Marquinhos parviennent syst\u00e9matiquement \u00e0 se sortir de situations d\u00e9licates sur la sc\u00e8ne continentale, \u00e0 chaque fois dans un style distinct mais avec une confiance inchang\u00e9e. \u00ab\u00a0Ils savent souffrir, ils ne craquent pas malgr\u00e9 la difficult\u00e9 et \u00e7a, c&rsquo;est la force collective de ce Paris Saint-Germain version Luis Enrique\u00a0\u00bb, analyse Bixente Lizarazu, consultant football de TF1, \u00e9voquant des \u00ab\u00a0valeurs collectives et beaucoup de solidarit\u00e9\u00a0\u00bb.<\/p>\n<ul class=\"jsx-3657663356 ReadMoreArticle__List flex flex-column\">\n<li class=\"jsx-3657663356\"><a href=\"https:\/\/www.tf1info.fr\/sport\/ligue-des-champions-plus-de-2-500-bars-retransmettront-la-finale-a-paris-2373837.html\" rel=\"noopener\" class=\"jsx-4233824444 Link flex\" target=\"_blank\"><img decoding=\"async\" src=\"https:\/\/www.europesays.com\/fr\/wp-content\/uploads\/2025\/06\/bars-ouverts-paris-finale-ldc-eb86aa-0@1x.jpeg\" alt=\"Supporters PSG 7 MAI 2025\" loading=\"lazy\" importance=\"low\" fetchpriority=\"low\" class=\"\"\/>\n<p class=\"jsx-3657663356 ReadMoreArticle__Title\">Lire aussi<\/p>\n<p class=\"jsx-3657663356\">PSG-Inter Milan : plus de 2.500 bars retransmettront la finale de la Ligue des champions \u00e0 Paris<\/p>\n<p><\/a><\/li>\n<\/ul>\n<p data-module=\"article-paragraph\" class=\"jsx-362436225 Paragraph Paragraph__End\">Dans l&rsquo;enfer d&rsquo;Anfield face \u00e0 Liverpool, les joueurs de la capitale ont les nerfs suffisamment solides pour s&rsquo;imposer lors de la s\u00e9ance de tirs au but, gr\u00e2ce notamment \u00e0 un Gianluigi Donnarumma de gala. \u00c0 Villa Park, ils font le dos rond et se qualifient aux d\u00e9pens d&rsquo;Aston Villa gr\u00e2ce \u00e0 leur solidarit\u00e9 d\u00e9fensive. Toujours en Angleterre, c&rsquo;est leur r\u00e9alisme qui leur permet de prendre le dessus face \u00e0 Arsenal, lors de leur d\u00e9placement \u00e0 l&rsquo;Emirates Stadium. Enfin, sur la marche finale, contre l&rsquo;Inter Milan, cette confiance accumul\u00e9e a \u00e9clat\u00e9 au plus grand jour. \u00a0Avec \u00e0 la cl\u00e9 une victoire historique.\u00a0\u00ab\u00a0Recrut\u00e9 pour cr\u00e9er une \u00e9quipe\u00a0\u00bb, Luis Enrique a tenu sa promesse. Et m\u00eame plus que \u00e7a.\u00a0<\/p>\n<p>Maxence GEVIN<\/p>\n<p><script async src=\"https:\/\/platform.twitter.com\/widgets.js\" charset=\"utf-8\"><\/script><\/p>\n","protected":false},"excerpt":{"rendered":"Le Paris Saint-Germain a remport\u00e9, samedi, la finale de la Ligue des champions, \u00e9trillant l&rsquo;Inter Milan (5-0).Le club&hellip;\n","protected":false},"author":2,"featured_media":142951,"comment_status":"","ping_status":"","sticky":false,"template":"","format":"standard","meta":{"footnotes":""},"categories":[1888],"tags":[1111,1928,11,1927,1921,1777,674,63,1011,27,1922,27087,447,921,12,1926,2782,626,1925,93,25,133,4712],"class_list":{"0":"post-142950","1":"post","2":"type-post","3":"status-publish","4":"format-standard","5":"has-post-thumbnail","7":"category-paris","8":"tag-actu","9":"tag-actu-paris","10":"tag-actualites","11":"tag-actualites-paris","12":"tag-article-video","13":"tag-eu","14":"tag-europe","15":"tag-football","16":"tag-fr","17":"tag-france","18":"tag-info","19":"tag-le-psg-remporte-sa-premiere-ligue-des-champions","20":"tag-ligue-des-champions","21":"tag-luis-enrique","22":"tag-news","23":"tag-news-paris","24":"tag-ousmane-dembele","25":"tag-paris","26":"tag-paris-news","27":"tag-psg","28":"tag-republique-francaise","29":"tag-video","30":"tag-video-sports"},"share_on_mastodon":{"url":"https:\/\/pubeurope.com\/@fr\/114605559913834640","error":""},"_links":{"self":[{"href":"https:\/\/www.europesays.com\/fr\/wp-json\/wp\/v2\/posts\/142950","targetHints":{"allow":["GET"]}}],"collection":[{"href":"https:\/\/www.europesays.com\/fr\/wp-json\/wp\/v2\/posts"}],"about":[{"href":"https:\/\/www.europesays.com\/fr\/wp-json\/wp\/v2\/types\/post"}],"author":[{"embeddable":true,"href":"https:\/\/www.europesays.com\/fr\/wp-json\/wp\/v2\/users\/2"}],"replies":[{"embeddable":true,"href":"https:\/\/www.europesays.com\/fr\/wp-json\/wp\/v2\/comments?post=142950"}],"version-history":[{"count":0,"href":"https:\/\/www.europesays.com\/fr\/wp-json\/wp\/v2\/posts\/142950\/revisions"}],"wp:featuredmedia":[{"embeddable":true,"href":"https:\/\/www.europesays.com\/fr\/wp-json\/wp\/v2\/media\/142951"}],"wp:attachment":[{"href":"https:\/\/www.europesays.com\/fr\/wp-json\/wp\/v2\/media?parent=142950"}],"wp:term":[{"taxonomy":"category","embeddable":true,"href":"https:\/\/www.europesays.com\/fr\/wp-json\/wp\/v2\/categories?post=142950"},{"taxonomy":"post_tag","embeddable":true,"href":"https:\/\/www.europesays.com\/fr\/wp-json\/wp\/v2\/tags?post=142950"}],"curies":[{"name":"wp","href":"https:\/\/api.w.org\/{rel}","templated":true}]}}