{"id":142957,"date":"2025-06-01T01:43:13","date_gmt":"2025-06-01T01:43:13","guid":{"rendered":"https:\/\/www.europesays.com\/fr\/142957\/"},"modified":"2025-06-01T01:43:13","modified_gmt":"2025-06-01T01:43:13","slug":"cela-va-nous-permettre-de-charger-encore-plus-de-choses-a-landerneau-des-remorques-et-des-tentes-a-destination-de-lukraine","status":"publish","type":"post","link":"https:\/\/www.europesays.com\/fr\/142957\/","title":{"rendered":"\u00ab Cela va nous permettre de charger encore plus de choses \u00bb : \u00e0 Landerneau, des remorques et des tentes \u00e0 destination de l\u2019Ukraine"},"content":{"rendered":"<p>Le hasard fait parfois plut\u00f4t bien les choses. C\u2019est en cherchant un local disponible pour ranger les v\u00e9los des salari\u00e9s que des salari\u00e9s de Groupama sont tomb\u00e9s sur des remorques et des toiles de tente soigneusement rang\u00e9es, propri\u00e9t\u00e9 du comit\u00e9 d\u2019entreprise depuis de tr\u00e8s longues ann\u00e9es. Alors, plut\u00f4t que d\u2019envoyer \u00e0 la benne ces biens inutilis\u00e9s mais conserv\u00e9s en bon \u00e9tat, ils ont choisi, par le jeu de relations d\u2019amiti\u00e9, d\u2019en faire b\u00e9n\u00e9ficier des associations d\u2019aide \u00e0 l\u2019Ukraine et ses habitants, tr\u00e8s actives sur le secteur de Landerneau-Lesneven. La remise s\u2019est effectu\u00e9e ce jeudi, dans les locaux de la soci\u00e9t\u00e9 mutualiste, rue Herv\u00e9-de-Gu\u00e9briant.<\/p>\n<p>Des remorques pour des convois<\/p>\n<p>Les deux remorques ont \u00e9t\u00e9 remises \u00e0 l\u2019association Ar vro Ukren qui, depuis Plouider, convoie r\u00e9guli\u00e8rement du mat\u00e9riel vers le front ukrainien. \u00ab\u00a0On investit sur des v\u00e9hicules que l\u2019on remet en \u00e9tat et que l\u2019on charge en aide humanitaire avant de les remettre sur place. Avec ces remorques, cela va nous permettre de charger encore plus de choses\u00a0\u00bb, expliqu<a href=\"https:\/\/www.letelegramme.fr\/finistere\/plouider-29260\/a-plouider-lassociation-ar-vro-ukren-organise-un-repas-pour-aider-lukraine-6432998.php\" target=\"_blank\" rel=\"noopener\">e Mariya Nalin, originaire d\u2019Ukraine et install\u00e9e \u00e0 Plouider depuis 2008, \u00e0 l\u2019initiative de la cr\u00e9ation de l\u2019association d\u2019entraide<\/a>. \u00ab\u00a0L\u2019an dernier, nous avons pu nous y rendre deux fois avec deux v\u00e9hicules, un fourgon que nous a remis le Sdis 29 et un autre v\u00e9hicule que nous avons achet\u00e9 gr\u00e2ce \u00e0 l\u2019argent r\u00e9cup\u00e9r\u00e9 par l\u2019association.\u00a0\u00bb<\/p>\n<p>Des tentes pour un s\u00e9jour estival<\/p>\n<p>L\u2019autre association \u00e0 profiter de tr\u00e9sors cach\u00e9s du CE de Groupama s\u2019appelle Landerneau aux enfants d\u2019Ukraine, <a href=\"https:\/\/www.letelegramme.fr\/finistere\/landerneau-29800\/il-nest-pas-possible-de-fermer-loeil-a-kiev-revenue-dukraine-cette-habitante-de-landerneau-veut-accueillir-des-jeunes-6774004.php\" target=\"_blank\" rel=\"noopener\">qui s\u2019appr\u00eate \u00e0 accueillir fin juillet, avec l\u2019aide logistique des scouts et guides de France, une quarantaine d\u2019enfants et leurs accompagnateurs<\/a> sur le secteur. \u00ab\u00a0Les enfants seront accueillis \u00e0 Land\u00e9vennec\u00a0\u00bb, expliquent les responsables de l\u2019association, qui recherchent \u00e9galement un fourgon afin de faire des navettes entre le lieu d\u2019h\u00e9bergement et la plage. Ainsi que des produits frais pour pr\u00e9parer de quoi nourrir tout ce petit monde pendant quinze jours. Afin de collecter des fonds pour organiser ce s\u00e9jour, Landerneau aux enfants ukrainien organise, ce dimanche 1er juin 2025 dans les jardins du manoir de Keranden, une apr\u00e8s-midi festive, avec musique, danses traditionnelles, t\u00e9moignages et lectures.<\/p>\n<p>Pratique<\/p>\n<p class=\"note\">Ce dimanche, de 15\u00a0h \u00e0 18\u00a0h, au manoir de Keranden. Site internet\u00a0: <a href=\"https:\/\/www.landerneau-enfants-ukraine.com\/\" title=\"www.landerneau-enfants-ukraine.com\" target=\"_blank\" rel=\"noopener\">landerneau-enfants-ukraine.com<\/a><\/p>\n","protected":false},"excerpt":{"rendered":"Le hasard fait parfois plut\u00f4t bien les choses. C\u2019est en cherchant un local disponible pour ranger les v\u00e9los&hellip;\n","protected":false},"author":2,"featured_media":142958,"comment_status":"","ping_status":"","sticky":false,"template":"","format":"standard","meta":{"footnotes":""},"categories":[1590],"tags":[11,1777,674,9815,12,11880,220],"class_list":{"0":"post-142957","1":"post","2":"type-post","3":"status-publish","4":"format-standard","5":"has-post-thumbnail","7":"category-ukraine","8":"tag-actualites","9":"tag-eu","10":"tag-europe","11":"tag-landerneau","12":"tag-news","13":"tag-solidarite-ukraine","14":"tag-ukraine"},"share_on_mastodon":{"url":"https:\/\/pubeurope.com\/@fr\/114605575594184194","error":""},"_links":{"self":[{"href":"https:\/\/www.europesays.com\/fr\/wp-json\/wp\/v2\/posts\/142957","targetHints":{"allow":["GET"]}}],"collection":[{"href":"https:\/\/www.europesays.com\/fr\/wp-json\/wp\/v2\/posts"}],"about":[{"href":"https:\/\/www.europesays.com\/fr\/wp-json\/wp\/v2\/types\/post"}],"author":[{"embeddable":true,"href":"https:\/\/www.europesays.com\/fr\/wp-json\/wp\/v2\/users\/2"}],"replies":[{"embeddable":true,"href":"https:\/\/www.europesays.com\/fr\/wp-json\/wp\/v2\/comments?post=142957"}],"version-history":[{"count":0,"href":"https:\/\/www.europesays.com\/fr\/wp-json\/wp\/v2\/posts\/142957\/revisions"}],"wp:featuredmedia":[{"embeddable":true,"href":"https:\/\/www.europesays.com\/fr\/wp-json\/wp\/v2\/media\/142958"}],"wp:attachment":[{"href":"https:\/\/www.europesays.com\/fr\/wp-json\/wp\/v2\/media?parent=142957"}],"wp:term":[{"taxonomy":"category","embeddable":true,"href":"https:\/\/www.europesays.com\/fr\/wp-json\/wp\/v2\/categories?post=142957"},{"taxonomy":"post_tag","embeddable":true,"href":"https:\/\/www.europesays.com\/fr\/wp-json\/wp\/v2\/tags?post=142957"}],"curies":[{"name":"wp","href":"https:\/\/api.w.org\/{rel}","templated":true}]}}