{"id":142967,"date":"2025-06-01T01:48:13","date_gmt":"2025-06-01T01:48:13","guid":{"rendered":"https:\/\/www.europesays.com\/fr\/142967\/"},"modified":"2025-06-01T01:48:13","modified_gmt":"2025-06-01T01:48:13","slug":"vingt-ans-apres-le-non-la-critique-de-gauche-de-lue-a-ete-bousculee-par-les-crises-mediapart","status":"publish","type":"post","link":"https:\/\/www.europesays.com\/fr\/142967\/","title":{"rendered":"Vingt ans apr\u00e8s le \u00ab non \u00bb, la critique de gauche de l\u2019UE a \u00e9t\u00e9 bouscul\u00e9e par les crises &#8211; Mediapart"},"content":{"rendered":"<ol>\n<li><a href=\"https:\/\/news.google.com\/rss\/articles\/CBMiywFBVV95cUxOQk1uazJpX3ctdHVjRFRvVDlzem82NFhGOWNROWRkNHQ3dGF3aU8tVlpTT0FCTlFRMjY3LS1PMjRCUVhSRjJDdDdNbUpPa3I5ZUlWN0htT2YwM05xMXhJYnFSWGxBSGFMbjZKWXdlaUhFUzZoUVQtcUlBeHdDdEpKTmN2NkFnclZ4S0RQYVBEUTZMTkszM0F0bTRMc1dBRWRua3NKdUFub1d6VloxRzZEelBOUkJvampsNy1PdVJpRnJ6SkhaUXhZUEZvbw?oc=5\" target=\"_blank\" rel=\"noopener\">Vingt ans apr\u00e8s le \u00ab non \u00bb, la critique de gauche de l\u2019UE a \u00e9t\u00e9 bouscul\u00e9e par les crises<\/a>&nbsp;&nbsp;Mediapart<\/li>\n<li><a href=\"https:\/\/news.google.com\/rss\/articles\/CBMipAFBVV95cUxPWmlqbGtoQlYyNUJXNjZzWHdWMEEzdmdYTTkxVDdDLWZsVjhiS0wweFNWRXo3MVQ1TGl4N1N3QVNGSjgwN2xPZHRKQlM4RTlXc1dMOTdsbU9sSVBDckJabXQ3Ym1kYV8zUjdMNmpHMHJyRFEtQnVfdDVMWE5BZTVBNGRLQnVVbkhNZEc4YUhhbThOMDEwd0dnM3dJQ3U2QXhkNzU2ZQ?oc=5\" target=\"_blank\" rel=\"noopener\">R\u00e9f\u00e9rendum europ\u00e9en de 2005 : leur \u00ab plus belle campagne \u00bb<\/a>&nbsp;&nbsp;Mediapart<\/li>\n<li><a href=\"https:\/\/news.google.com\/rss\/articles\/CBMirgFBVV95cUxOV1VybGc1V01jSWx3bnZITlJCSTJwY1htbWVSMkpnZW41d3dIaVFNdUJIcXR1cFE2WnNoSzA5YXo0UHJXRURkLUoyRnMxNkxhRW9JcFJ2eWN4MndXN2xsY2NqeHI4VURvdHg2dk93LWk5bXBFeU1sRHR0dHBCUnBtLVlGOUNCTDczczRSQnhZb2gweHZmclBJZjB1ZS1fNEwtTUc1RWtDV0FELTdPMEE?oc=5\" target=\"_blank\" rel=\"noopener\">Nicolas Dupont-Aignan : Vingt ans apr\u00e8s le \u00abnon\u00bb \u00e0 l\u2019Europe, la France trahie<\/a>&nbsp;&nbsp;lejdd.fr<\/li>\n<li><a href=\"https:\/\/news.google.com\/rss\/articles\/CBMingFBVV95cUxQMWNEclpWUmRQWWpSQWlkbjAxQnRGT0VyUmdpWTVTZ0h1OWJxOFBNUHJJbDB2SWJMOWwxWHFCVzAzNU9fZGFnVVYtdXczaEdBN0pqMEhkSlZrUU4wcjBPd0R3NU9DbDdKUklBZHIwYnlyaEE1QjNqTGktWW9FLTI5bFFTTnZ4el9FNEhVLVVOMk81RHZncTZyZ3dxUkh3UQ?oc=5\" target=\"_blank\" rel=\"noopener\">Alexandre Devecchio : \u00ab2005-2025, ci-g\u00eet la d\u00e9mocratie ?\u00bb<\/a>&nbsp;&nbsp;Le Figaro<\/li>\n<li><a href=\"https:\/\/news.google.com\/rss\/articles\/CBMi4wFBVV95cUxNQXRobHptbGRIRmJIZXU0UGJHVVZFYWlWZGJUNndmdS1VMHR1ZkJudS1LRHp1SDhRTC1nTHMzVXZ1RUJoakNhR2luWEt1Y0JXejZqQ3pzSjJiSUpteW5tNENxY1d0SmY1UVBpdFVZeWpDdFFQSFNoRl9YLTExcThjek5QZXFROENSZ0JESjdSYjVVR2NncWl1dHNDdHZzTnJ4ME9LdkdaZTV0Y0l1SGdRbzlCYTJSSGluWEFhcUlLTEM0b2diaGpmeF9tbFhRNHhwUnExT1VrMlMwcFcxUVNsY1BwMA?oc=5\" target=\"_blank\" rel=\"noopener\">Comment Jean-Luc M\u00e9lenchon a fait du r\u00e9f\u00e9rendum de 2005 sa rampe de lancement<\/a>&nbsp;&nbsp;Le Monde.fr<\/li>\n<\/ol>\n","protected":false},"excerpt":{"rendered":"Vingt ans apr\u00e8s le \u00ab non \u00bb, la critique de gauche de l\u2019UE a \u00e9t\u00e9 bouscul\u00e9e par les&hellip;\n","protected":false},"author":2,"featured_media":142968,"comment_status":"","ping_status":"","sticky":false,"template":"","format":"standard","meta":{"footnotes":""},"categories":[1586],"tags":[11,1777,674,1779,1011,27,12,25,27097,24641,1778,364],"class_list":{"0":"post-142967","1":"post","2":"type-post","3":"status-publish","4":"format-standard","5":"has-post-thumbnail","7":"category-europe","8":"tag-actualites","9":"tag-eu","10":"tag-europe","11":"tag-european-union","12":"tag-fr","13":"tag-france","14":"tag-news","15":"tag-republique-francaise","16":"tag-traite-constitutionnel-europeen","17":"tag-traites-europeens","18":"tag-ue","19":"tag-union-europeenne"},"share_on_mastodon":{"url":"https:\/\/pubeurope.com\/@fr\/114605595198799190","error":""},"_links":{"self":[{"href":"https:\/\/www.europesays.com\/fr\/wp-json\/wp\/v2\/posts\/142967","targetHints":{"allow":["GET"]}}],"collection":[{"href":"https:\/\/www.europesays.com\/fr\/wp-json\/wp\/v2\/posts"}],"about":[{"href":"https:\/\/www.europesays.com\/fr\/wp-json\/wp\/v2\/types\/post"}],"author":[{"embeddable":true,"href":"https:\/\/www.europesays.com\/fr\/wp-json\/wp\/v2\/users\/2"}],"replies":[{"embeddable":true,"href":"https:\/\/www.europesays.com\/fr\/wp-json\/wp\/v2\/comments?post=142967"}],"version-history":[{"count":0,"href":"https:\/\/www.europesays.com\/fr\/wp-json\/wp\/v2\/posts\/142967\/revisions"}],"wp:featuredmedia":[{"embeddable":true,"href":"https:\/\/www.europesays.com\/fr\/wp-json\/wp\/v2\/media\/142968"}],"wp:attachment":[{"href":"https:\/\/www.europesays.com\/fr\/wp-json\/wp\/v2\/media?parent=142967"}],"wp:term":[{"taxonomy":"category","embeddable":true,"href":"https:\/\/www.europesays.com\/fr\/wp-json\/wp\/v2\/categories?post=142967"},{"taxonomy":"post_tag","embeddable":true,"href":"https:\/\/www.europesays.com\/fr\/wp-json\/wp\/v2\/tags?post=142967"}],"curies":[{"name":"wp","href":"https:\/\/api.w.org\/{rel}","templated":true}]}}