{"id":142971,"date":"2025-06-01T01:50:09","date_gmt":"2025-06-01T01:50:09","guid":{"rendered":"https:\/\/www.europesays.com\/fr\/142971\/"},"modified":"2025-06-01T01:50:09","modified_gmt":"2025-06-01T01:50:09","slug":"meteo-des-orages-violents-sabattent-sur-ces-communes-du-rhone-avec-denormes-grelons","status":"publish","type":"post","link":"https:\/\/www.europesays.com\/fr\/142971\/","title":{"rendered":"M\u00e9t\u00e9o. Des orages violents s&rsquo;abattent sur ces communes du Rh\u00f4ne avec d&rsquo;\u00e9normes gr\u00ealons"},"content":{"rendered":"<p>            Par<br \/>\n        <strong><br \/>\n            <a href=\"https:\/\/actu.fr\/auteur\/redaction-lyon\" title=\"Consulter tous les articles de R\u00e9daction Lyon\" target=\"_blank\" rel=\"noopener\">R\u00e9daction Lyon<\/a><br \/>\n        <\/strong><\/p>\n<p>        Publi\u00e9 le<\/p>\n<p>            31 mai 2025 \u00e0 23h29        <\/p>\n<p>M\u00e9t\u00e9o France avait annonc\u00e9 de possibles orages forts ce samedi. Des <a href=\"https:\/\/actu.fr\/meteo\/foudre-grele-et-vent-les-images-spectaculaires-des-orages-qui-frappent-la-france_62712592.html\" target=\"_blank\" rel=\"noopener\">ph\u00e9nom\u00e8nes orageux ont balay\u00e9 une partie de la France<\/a> en fin de journ\u00e9e et dans la soir\u00e9e, dans le Puy-de-D\u00f4me, en C\u00f4te d\u2019Or, dans le sud-ouest, en Ile-de-France ou encore dans le Grand Est. En Auvergne-Rh\u00f4ne-Alpes, l\u2019Auvergne et le <a href=\"https:\/\/actu.fr\/auvergne-rhone-alpes\/rhone_69\" target=\"_blank\" rel=\"noopener\">Rh\u00f4ne<\/a> n\u2019ont pas \u00e9t\u00e9 \u00e9pargn\u00e9s.\u00a0<\/p>\n<p>D\u2019importants orages dans le nord du Rh\u00f4ne, des communes balay\u00e9es par la gr\u00eale<\/p>\n<p class=\" wall-content\">Dans le d\u00e9partement du Rh\u00f4ne, c\u2019est le nord dans les secteurs du Beaujolais et les Monts du Lyonnais qui ont \u00e9t\u00e9 les plus s\u00e9rieusement touch\u00e9s. Lyon a \u00e9t\u00e9 touch\u00e9 par des orages mais sans ph\u00e9nom\u00e8ne particulier.<\/p>\n<p class=\" wall-content\">Une importante cellule orageuse a travers\u00e9 le d\u00e9partement, plac\u00e9 en vigilance jaune, en fin d\u2019apr\u00e8s-midi. Les communes de <strong>Savigny, Dommartin, Ardillats, Beaujeu, aux Ardillats, Chiroubles, l\u2019Arbresle<\/strong> ont \u00e9t\u00e9 les plus touch\u00e9es avec d\u2019importants gr\u00ealons et de la pluie. Il n\u2019y a pas eu de d\u00e9g\u00e2ts particuliers.\u00a0<\/p>\n<p class=\" wall-content\">\n<p class=\" wall-content\">\n<p>    <a href=\"https:\/\/www.facebook.com\/plugins\/video.php?height=476&amp;href=https%3A%2F%2Fwww.facebook.com%2Flyonmeteo%2Fvideos%2F1070227321642914%2F&amp;show_text=false&amp;width=350&amp;t=0\" title=\"Ouvrie le lien\" target=\"_blank\" rel=\"noopener\">Cliquez ici pour visualiser le contenu<\/a><\/p>\n<p>    <a href=\"https:\/\/www.facebook.com\/plugins\/video.php?height=314&amp;href=https%3A%2F%2Fwww.facebook.com%2Flaterrassedubeaujolais%2Fvideos%2F1486652282314159%2F&amp;show_text=false&amp;width=350&amp;t=0\" title=\"Ouvrie le lien\" target=\"_blank\" rel=\"noopener\">Cliquez ici pour visualiser le contenu<\/a><\/p>\n<p>    <a href=\"https:\/\/www.facebook.com\/plugins\/post.php?href=https%3A%2F%2Fwww.facebook.com%2Flyonmeteo%2Fposts%2Fpfbid02pcWeP8NYsqrvD578XbeGkdYfuRjecGbRSkwB2S3onTFJYpCn4hKXTJLWqSEV7iHtl&amp;show_text=true&amp;width=350\" title=\"Ouvrie le lien\" target=\"_blank\" rel=\"noopener\">Cliquez ici pour visualiser le contenu<\/a><\/p>\n<p>    <a href=\"https:\/\/www.facebook.com\/plugins\/post.php?href=https%3A%2F%2Fwww.facebook.com%2Flyonmeteo%2Fposts%2Fpfbid0AyWdXzEbHqrcmBbPv4JeDRZrrvzG3t359n9sopcZkqaRryDkctH2WSKNReV5ziAhl&amp;show_text=true&amp;width=350\" title=\"Ouvrie le lien\" target=\"_blank\" rel=\"noopener\">Cliquez ici pour visualiser le contenu<\/a><\/p>\n<p class=\" wall-content\">\n    <img   decoding=\"async\" loading=\"lazy\" src=\"https:\/\/www.europesays.com\/fr\/wp-content\/uploads\/2025\/06\/capture-decran-2025-05-31-a-231127-960x640.png\" alt=\"Un impact de foudre impressionnant \u00e0 L'Arbresle.\" width=\"960\" height=\"640\"\/><br \/>\n    Un impact de foudre impressionnant \u00e0 L\u2019Arbresle. (\u00a9Capture vid\u00e9o Lyon M\u00e9t\u00e9o)<br \/>\n    <img   decoding=\"async\" loading=\"lazy\" src=\"https:\/\/www.europesays.com\/fr\/wp-content\/uploads\/2025\/06\/grele-rhone-960x640.jpg\" alt=\"D'importants gr\u00ealons sont tomb\u00e9s sur le secteurs des Ardillats dans le Rh\u00f4ne.\" width=\"960\" height=\"640\"\/><br \/>\n    D\u2019importants gr\u00ealons sont tomb\u00e9s sur le secteurs des Ardillats dans le Rh\u00f4ne. (\u00a9DR)<\/p>\n<p>Encore des orages annonc\u00e9s ce dimanche dans le Rh\u00f4ne<\/p>\n<p class=\" wall-content\">De nouveaux orages sont encore pr\u00e9vus ce dimanche 1er juin sur l\u2019ensemble du Rh\u00f4ne, selon M\u00e9t\u00e9o France.<\/p>\n<p class=\" wall-content\">Les orages parfois avec de la gr\u00eale localement sont pr\u00e9vus dans l\u2019apr\u00e8s-midi y compris sur la r\u00e9gion de Lyon. Des ph\u00e9nom\u00e8nes orageux qui doivent se poursuivre dans la soir\u00e9e puis la nuit. Le d\u00e9partement est toujours en vigilance jaune dimanche de 15h \u00e0 minuit.<\/p>\n<p class=\" wall-content\">Suivez toute l\u2019actualit\u00e9 de vos villes et m\u00e9dias favoris en vous inscrivant \u00e0 <a href=\"https:\/\/moncompte.actu.fr\" title=\"D\u00e9couvez Mon Actu\" rel=\"nofollow noopener\" data-trk=\"{&quot;cta&quot;:{&quot;action&quot;:&quot;https:\\\/\\\/moncompte.actu.fr&quot;,&quot;category&quot;:&quot;mon compte&quot;,&quot;from&quot;:&quot;article footer&quot;,&quot;name&quot;:&quot;Mon actu&quot;,&quot;type&quot;:&quot;cta&quot;}}\" target=\"_blank\">Mon Actu<\/a>.<\/p>\n","protected":false},"excerpt":{"rendered":"Par R\u00e9daction Lyon Publi\u00e9 le 31 mai 2025 \u00e0 23h29 M\u00e9t\u00e9o France avait annonc\u00e9 de possibles orages forts&hellip;\n","protected":false},"author":2,"featured_media":142972,"comment_status":"","ping_status":"","sticky":false,"template":"","format":"standard","meta":{"footnotes":""},"categories":[2],"tags":[11,1011,27,3059,2357,12,4594,25,104],"class_list":{"0":"post-142971","1":"post","2":"type-post","3":"status-publish","4":"format-standard","5":"has-post-thumbnail","7":"category-actualites","8":"tag-actualites","9":"tag-fr","10":"tag-france","11":"tag-intemperies","12":"tag-meteo-france","13":"tag-news","14":"tag-orages","15":"tag-republique-francaise","16":"tag-societe"},"share_on_mastodon":{"url":"https:\/\/pubeurope.com\/@fr\/114605603244926301","error":""},"_links":{"self":[{"href":"https:\/\/www.europesays.com\/fr\/wp-json\/wp\/v2\/posts\/142971","targetHints":{"allow":["GET"]}}],"collection":[{"href":"https:\/\/www.europesays.com\/fr\/wp-json\/wp\/v2\/posts"}],"about":[{"href":"https:\/\/www.europesays.com\/fr\/wp-json\/wp\/v2\/types\/post"}],"author":[{"embeddable":true,"href":"https:\/\/www.europesays.com\/fr\/wp-json\/wp\/v2\/users\/2"}],"replies":[{"embeddable":true,"href":"https:\/\/www.europesays.com\/fr\/wp-json\/wp\/v2\/comments?post=142971"}],"version-history":[{"count":0,"href":"https:\/\/www.europesays.com\/fr\/wp-json\/wp\/v2\/posts\/142971\/revisions"}],"wp:featuredmedia":[{"embeddable":true,"href":"https:\/\/www.europesays.com\/fr\/wp-json\/wp\/v2\/media\/142972"}],"wp:attachment":[{"href":"https:\/\/www.europesays.com\/fr\/wp-json\/wp\/v2\/media?parent=142971"}],"wp:term":[{"taxonomy":"category","embeddable":true,"href":"https:\/\/www.europesays.com\/fr\/wp-json\/wp\/v2\/categories?post=142971"},{"taxonomy":"post_tag","embeddable":true,"href":"https:\/\/www.europesays.com\/fr\/wp-json\/wp\/v2\/tags?post=142971"}],"curies":[{"name":"wp","href":"https:\/\/api.w.org\/{rel}","templated":true}]}}