{"id":142973,"date":"2025-06-01T01:51:09","date_gmt":"2025-06-01T01:51:09","guid":{"rendered":"https:\/\/www.europesays.com\/fr\/142973\/"},"modified":"2025-06-01T01:51:09","modified_gmt":"2025-06-01T01:51:09","slug":"des-celebrations-dans-toute-la-france-apres-le-sacre-du-psg-c1-finale-psg-inter-5-0","status":"publish","type":"post","link":"https:\/\/www.europesays.com\/fr\/142973\/","title":{"rendered":"Des c\u00e9l\u00e9brations dans toute la France apr\u00e8s le sacre du PSG &#8211; C1 &#8211; Finale &#8211; PSG-Inter (5-0)"},"content":{"rendered":"<p>Qui a dit que la France \u00e9tait fractur\u00e9e ?<\/p>\n<p>La question est particuli\u00e8rement revenue sur les plateaux TV ou \u00e0 la machine \u00e0 la caf\u00e9 cette semaine : faut-il supporter le PSG face \u00e0 l\u2019Inter Milan, en finale de Ligue des champions, uniquement parce que notre carte d\u2019identit\u00e9 indique un lieu de naissance en France ? Ceux qui s\u2019\u00e9rigent en \u00ab\u00a0vrais\u00a0\u00bb supporters \u2013 de l\u2019OM, mais pas que \u2013 assuraient <strong>soutenir les Italiens, ou du moins ne pas \u00eatre derri\u00e8re le club de la capitale<\/strong>, tandis que d\u2019autres pr\u00e9f\u00e9raient mettre en avant la fiert\u00e9 nationale en cas de succ\u00e8s.<\/p>\n<p>Reims, Montpellier, Saint-\u00c9tienne, Grenoble<\/p>\n<p><a target=\"_blank\" href=\"https:\/\/www.sofoot.com\/articles\/ligue-des-champions-le-psg-soffre-sa-premiere-ligue-des-champions-au-terme-dun-recital-contre-linter\" rel=\"noopener nofollow\">La large victoire parisienne<\/a> a permis de savoir quelle partie du pays \u00e9tait la plus importante, et force est de constater que les f\u00eatards sont plus nombreux que les ultras. En effet, des sc\u00e8nes de liesse sont survenues aux quatre coins de la France. \u00c0 Reims, notamment, <a target=\"_blank\" href=\"https:\/\/www.sofoot.com\/articles\/barrage-ligue-1-metz-vient-a-bout-de-reims-et-decroche-son-ticket-pour-la-ligue-1\" rel=\"noopener nofollow\">ville dont le club est descendu en Ligue 2 seulement 48 heures plus t\u00f4t<\/a>, des centaines de jeunes se sont rassembl\u00e9s au pied de la fontaine Sub\u00e9 pour <strong>c\u00e9l\u00e9brer le titre europ\u00e9en du PSG et adresser quelques mots doux aux Marseillais<\/strong>.<\/p>\n<p>S\u2019il n\u2019y a que 150 kilom\u00e8tres en Paris et Reims, ce n\u2019est pas la distance qui inqui\u00e8tent les habitants d\u2019autres villes du pays au moment de sortir dans la rue pour klaxonner ou allumer un fumig\u00e8ne. <strong>\u00c0 Montpellier ou Saint-\u00c9tienne<\/strong>, deux autres villes dont les clubs viennent d\u2019\u00eatre rel\u00e9gu\u00e9s, la nuit s\u2019annonce \u00e9galement anim\u00e9e.<\/p>\n<p>\u00c0 Grenoble, <a target=\"_blank\" href=\"https:\/\/www.sofoot.com\/breves\/ligue-des-champions-plusieurs-personnes-percutees-par-un-vehicule-a-grenoble-apres-le-match-du-psg\" rel=\"noopener nofollow\">les c\u00e9l\u00e9brations ont malheureusement mal tourn\u00e9<\/a> avec quatre personnes fauch\u00e9es par une voiture.<\/p>\n<p>\t\t\t\t\t\t\t\t\t\t<a class=\"lien-connexe\" href=\"https:\/\/www.sofoot.com\/articles\/psg-champion-deurope-paname-cest-la-champions-league\" rel=\"nofollow noopener\" target=\"_blank\">Paname, c&rsquo;est la Champions League<\/a>\t\t\t\t\t<\/p>\n","protected":false},"excerpt":{"rendered":"Qui a dit que la France \u00e9tait fractur\u00e9e ? La question est particuli\u00e8rement revenue sur les plateaux TV&hellip;\n","protected":false},"author":2,"featured_media":142974,"comment_status":"","ping_status":"","sticky":false,"template":"","format":"standard","meta":{"footnotes":""},"categories":[4],"tags":[47,11,61,69,65,64,63,1011,27,68,66,12,62,70,25,67],"class_list":{"0":"post-142973","1":"post","2":"type-post","3":"status-publish","4":"format-standard","5":"has-post-thumbnail","7":"category-france","8":"tag-actualite","9":"tag-actualites","10":"tag-actus-football","11":"tag-bundesliga","12":"tag-championnats-europeens","13":"tag-equipe-de-france","14":"tag-football","15":"tag-fr","16":"tag-france","17":"tag-ligua","18":"tag-ligue-1","19":"tag-news","20":"tag-news-foot","21":"tag-premier-league","22":"tag-republique-francaise","23":"tag-serie-a"},"share_on_mastodon":{"url":"https:\/\/pubeurope.com\/@fr\/114605607080628538","error":""},"_links":{"self":[{"href":"https:\/\/www.europesays.com\/fr\/wp-json\/wp\/v2\/posts\/142973","targetHints":{"allow":["GET"]}}],"collection":[{"href":"https:\/\/www.europesays.com\/fr\/wp-json\/wp\/v2\/posts"}],"about":[{"href":"https:\/\/www.europesays.com\/fr\/wp-json\/wp\/v2\/types\/post"}],"author":[{"embeddable":true,"href":"https:\/\/www.europesays.com\/fr\/wp-json\/wp\/v2\/users\/2"}],"replies":[{"embeddable":true,"href":"https:\/\/www.europesays.com\/fr\/wp-json\/wp\/v2\/comments?post=142973"}],"version-history":[{"count":0,"href":"https:\/\/www.europesays.com\/fr\/wp-json\/wp\/v2\/posts\/142973\/revisions"}],"wp:featuredmedia":[{"embeddable":true,"href":"https:\/\/www.europesays.com\/fr\/wp-json\/wp\/v2\/media\/142974"}],"wp:attachment":[{"href":"https:\/\/www.europesays.com\/fr\/wp-json\/wp\/v2\/media?parent=142973"}],"wp:term":[{"taxonomy":"category","embeddable":true,"href":"https:\/\/www.europesays.com\/fr\/wp-json\/wp\/v2\/categories?post=142973"},{"taxonomy":"post_tag","embeddable":true,"href":"https:\/\/www.europesays.com\/fr\/wp-json\/wp\/v2\/tags?post=142973"}],"curies":[{"name":"wp","href":"https:\/\/api.w.org\/{rel}","templated":true}]}}