{"id":142979,"date":"2025-06-01T01:55:15","date_gmt":"2025-06-01T01:55:15","guid":{"rendered":"https:\/\/www.europesays.com\/fr\/142979\/"},"modified":"2025-06-01T01:55:15","modified_gmt":"2025-06-01T01:55:15","slug":"roland-garros-bublik-qualifie-en-8e-je-navais-plus-le-choix-je-suis-sorti-du-top-50-pour-la-premiere-fois-en-six-ans-je-ne-pouvais-pas-imaginer-quitter-le-top-100-alors-jai-decide-de-prendre","status":"publish","type":"post","link":"https:\/\/www.europesays.com\/fr\/142979\/","title":{"rendered":"Roland Garros > Bublik, qualifi\u00e9 en 8e : \u00ab\u00a0Je n&rsquo;avais plus le choix. Je suis sorti du Top 50 pour la premi\u00e8re fois en six ans. Je ne pouvais pas imaginer quitter le Top 100 alors j&rsquo;ai d\u00e9cid\u00e9 de prendre les matchs beaucoup plus s\u00e9rieusement\u00a0\u00bb"},"content":{"rendered":"<p>Qualifi\u00e9 pour les huiti\u00e8mes de finale de Roland\u2010Garros pour la premi\u00e8re fois de sa carri\u00e8re, sur une surface qui est loin d\u2019\u00eatre sa pr\u00e9f\u00e9r\u00e9e, Alexander Bublik a r\u00e9v\u00e9l\u00e9 en conf\u00e9\u00adrence de presse avoir opt\u00e9 pour une approche radi\u00adca\u00adle\u00adment diff\u00e9\u00adrente par rapport aux derniers mois.<\/p>\n<p><strong>\u00ab\u202fJe suis sorti du Top 50 pour la premi\u00e8re fois apr\u00e8s y avoir pass\u00e9 6\u00a0ans. Je n\u2019ar\u00adr\u00ea\u00adtais pas de perdre. Je n\u2019avais plus d\u2019autre choix que d\u2019avoir une approche s\u00e9rieuse. J\u2019ai jou\u00e9 deux Challengers entre les Masters, j\u2019ai jou\u00e9 de plus petits tour\u00adnois. Il n\u2019y avait plus de temps \u00e0 perdre. Je venais l\u00e0 pour gagner. J\u2019ai fait une finale et j\u2019en ai gagn\u00e9 une. Je savais qu\u2019il fallait que je prenne mes matchs plus s\u00e9rieu\u00adse\u00adment. C\u2019est ce que j\u2019ai fait, c\u2019est aussi simple que \u00e7a\u00a0: j\u2019ai juste pris les matchs beau\u00adcoup plus s\u00e9rieu\u00adse\u00adment, parce que je ne pouvais pas imaginer \u00eatre en dehors du Top 100 et ne pas jouer les matchs que je voulais jouer. Parce que j\u2019ai encore envie de jouer au tennis. Il fallait donc que je change d\u2019approche, d\u2019\u00e9tat d\u2019es\u00adprit\u202f; je n\u2019avais plus le choix et je m\u2019y suis tenu. C\u2019est ce qui a fait que j\u2019ai gagn\u00e9 des matchs.\u202f\u00bb<\/strong><\/p>\n<p class=\"post-published-date\" style=\"color: silver; font-size: 75%; text-align: left;\">Publi\u00e9 le samedi 31 mai 2025 \u00e0 20:50<\/p>\n","protected":false},"excerpt":{"rendered":"Qualifi\u00e9 pour les huiti\u00e8mes de finale de Roland\u2010Garros pour la premi\u00e8re fois de sa carri\u00e8re, sur une surface&hellip;\n","protected":false},"author":2,"featured_media":142980,"comment_status":"","ping_status":"","sticky":false,"template":"","format":"standard","meta":{"footnotes":""},"categories":[1415],"tags":[15212,1011,27,60,1467],"class_list":{"0":"post-142979","1":"post","2":"type-post","3":"status-publish","4":"format-standard","5":"has-post-thumbnail","7":"category-tennis","8":"tag-bublik","9":"tag-fr","10":"tag-france","11":"tag-sports","12":"tag-tennis"},"share_on_mastodon":{"url":"https:\/\/pubeurope.com\/@fr\/114605622779941981","error":""},"_links":{"self":[{"href":"https:\/\/www.europesays.com\/fr\/wp-json\/wp\/v2\/posts\/142979","targetHints":{"allow":["GET"]}}],"collection":[{"href":"https:\/\/www.europesays.com\/fr\/wp-json\/wp\/v2\/posts"}],"about":[{"href":"https:\/\/www.europesays.com\/fr\/wp-json\/wp\/v2\/types\/post"}],"author":[{"embeddable":true,"href":"https:\/\/www.europesays.com\/fr\/wp-json\/wp\/v2\/users\/2"}],"replies":[{"embeddable":true,"href":"https:\/\/www.europesays.com\/fr\/wp-json\/wp\/v2\/comments?post=142979"}],"version-history":[{"count":0,"href":"https:\/\/www.europesays.com\/fr\/wp-json\/wp\/v2\/posts\/142979\/revisions"}],"wp:featuredmedia":[{"embeddable":true,"href":"https:\/\/www.europesays.com\/fr\/wp-json\/wp\/v2\/media\/142980"}],"wp:attachment":[{"href":"https:\/\/www.europesays.com\/fr\/wp-json\/wp\/v2\/media?parent=142979"}],"wp:term":[{"taxonomy":"category","embeddable":true,"href":"https:\/\/www.europesays.com\/fr\/wp-json\/wp\/v2\/categories?post=142979"},{"taxonomy":"post_tag","embeddable":true,"href":"https:\/\/www.europesays.com\/fr\/wp-json\/wp\/v2\/tags?post=142979"}],"curies":[{"name":"wp","href":"https:\/\/api.w.org\/{rel}","templated":true}]}}