{"id":142983,"date":"2025-06-01T01:58:14","date_gmt":"2025-06-01T01:58:14","guid":{"rendered":"https:\/\/www.europesays.com\/fr\/142983\/"},"modified":"2025-06-01T01:58:14","modified_gmt":"2025-06-01T01:58:14","slug":"leclerc-assume-pleinement-le-pari-strategique-manque-en-qualifications","status":"publish","type":"post","link":"https:\/\/www.europesays.com\/fr\/142983\/","title":{"rendered":"Leclerc assume pleinement le pari strat\u00e9gique manqu\u00e9 en qualifications"},"content":{"rendered":"<p class=\"p3\">Charles Leclerc a tenu \u00e0 assumer \u00ab l\u2019enti\u00e8re responsabilit\u00e9 \u00bb de la strat\u00e9gie adopt\u00e9e par Ferrari lors des qualifications du Grand Prix d\u2019Espagne. Le pilote mon\u00e9gasque, qui s\u2019\u00e9lancera depuis la septi\u00e8me position sur la grille \u00e0 Barcelone, a choisi de ne r\u00e9aliser qu\u2019une seule tentative en Q3, contrairement \u00e0 ses rivaux directs qui ont tous effectu\u00e9 deux tours rapides.<\/p>\n<p class=\"p3\">Cette approche visait \u00e0 pr\u00e9server un train de pneus tendres pour la course, qui devrait se jouer sur deux arr\u00eats, les gommes dures C1 s\u2019\u00e9tant montr\u00e9es peu efficaces sur le circuit catalan.<\/p>\n<p class=\"p3\">Devanc\u00e9 par Lewis Hamilton \u2013 cinqui\u00e8me \u2013 pour la deuxi\u00e8me fois seulement cette saison, Leclerc a reconnu que cette d\u00e9cision lui revenait et n\u2019a pas cherch\u00e9 \u00e0 en imputer la responsabilit\u00e9 \u00e0 son \u00e9quipe.<\/p>\n<p>\u00ab Je pense qu\u2019il est toujours plus facile avec deux trains en Q3, et je ne sais pas combien de temps j\u2019aurais pu gagner \u00bb, a d\u00e9clar\u00e9 <a href=\"https:\/\/f1only.fr\/sondage-charles-leclerc-victoire-monaco\/\" target=\"_blank\" rel=\"noopener\">Leclerc<\/a>. \u00ab Mais j\u2019assume l\u2019enti\u00e8re responsabilit\u00e9 du d\u00e9roulement des qualifications, c\u2019\u00e9tait mon choix. En Q3, j\u2019ai choisi de partir au milieu alors que l\u2019\u00e9quipe me poussait \u00e0 partir \u00e0 la fin. Je voulais avoir un plan B au cas o\u00f9 je commettais une erreur lors du premier tour, et je voulais avoir la possibilit\u00e9 de faire un deuxi\u00e8me tour. C\u2019est donc ma responsabilit\u00e9, et nous avons fait ces choix pour avoir de meilleurs pneus pour la course. Si nous faisons une tr\u00e8s mauvaise course, je devrai assumer la responsabilit\u00e9 d\u2019un mauvais week-end. Si tout se passe bien, je serai heureux de m\u2019attribuer le m\u00e9rite d\u2019avoir pouss\u00e9 l\u2019\u00e9quipe dans une certaine direction, mais seul le temps nous le dira. \u00c9videmment, la 7e place est un peu en dessous de nos attentes, m\u00eame avec les choix que j\u2019ai faits pour les qualifications, je m\u2019attendais \u00e0 \u00eatre un peu mieux class\u00e9, mais c\u2019est comme \u00e7a, le choix est fait. \u00bb<\/p>\n","protected":false},"excerpt":{"rendered":"Charles Leclerc a tenu \u00e0 assumer \u00ab l\u2019enti\u00e8re responsabilit\u00e9 \u00bb de la strat\u00e9gie adopt\u00e9e par Ferrari lors des&hellip;\n","protected":false},"author":2,"featured_media":142984,"comment_status":"","ping_status":"","sticky":false,"template":"","format":"standard","meta":{"footnotes":""},"categories":[1412],"tags":[5080,5081,2240,1451,5083,5084,5085,5086,5087,2251,5088,1452,1453,1454,1455,1011,27,1975,5089,5090,60,5091,3030],"class_list":{"0":"post-142983","1":"post","2":"type-post","3":"status-publish","4":"format-standard","5":"has-post-thumbnail","7":"category-f1","8":"tag-actualites-f1","9":"tag-actuf1","10":"tag-charles-leclerc","11":"tag-f1","12":"tag-f1-actu","13":"tag-f1-direct","14":"tag-f1-live","15":"tag-f1-news","16":"tag-f1news","17":"tag-ferrari","18":"tag-fia","19":"tag-formula-1","20":"tag-formula1","21":"tag-formule-1","22":"tag-formule1","23":"tag-fr","24":"tag-france","25":"tag-lewis-hamilton","26":"tag-news-f1","27":"tag-newsf1","28":"tag-sports","29":"tag-tip","30":"tag-top"},"share_on_mastodon":{"url":"https:\/\/pubeurope.com\/@fr\/114605634579088453","error":""},"_links":{"self":[{"href":"https:\/\/www.europesays.com\/fr\/wp-json\/wp\/v2\/posts\/142983","targetHints":{"allow":["GET"]}}],"collection":[{"href":"https:\/\/www.europesays.com\/fr\/wp-json\/wp\/v2\/posts"}],"about":[{"href":"https:\/\/www.europesays.com\/fr\/wp-json\/wp\/v2\/types\/post"}],"author":[{"embeddable":true,"href":"https:\/\/www.europesays.com\/fr\/wp-json\/wp\/v2\/users\/2"}],"replies":[{"embeddable":true,"href":"https:\/\/www.europesays.com\/fr\/wp-json\/wp\/v2\/comments?post=142983"}],"version-history":[{"count":0,"href":"https:\/\/www.europesays.com\/fr\/wp-json\/wp\/v2\/posts\/142983\/revisions"}],"wp:featuredmedia":[{"embeddable":true,"href":"https:\/\/www.europesays.com\/fr\/wp-json\/wp\/v2\/media\/142984"}],"wp:attachment":[{"href":"https:\/\/www.europesays.com\/fr\/wp-json\/wp\/v2\/media?parent=142983"}],"wp:term":[{"taxonomy":"category","embeddable":true,"href":"https:\/\/www.europesays.com\/fr\/wp-json\/wp\/v2\/categories?post=142983"},{"taxonomy":"post_tag","embeddable":true,"href":"https:\/\/www.europesays.com\/fr\/wp-json\/wp\/v2\/tags?post=142983"}],"curies":[{"name":"wp","href":"https:\/\/api.w.org\/{rel}","templated":true}]}}