{"id":142989,"date":"2025-06-01T02:01:12","date_gmt":"2025-06-01T02:01:12","guid":{"rendered":"https:\/\/www.europesays.com\/fr\/142989\/"},"modified":"2025-06-01T02:01:12","modified_gmt":"2025-06-01T02:01:12","slug":"booder-explique-pourquoi-il-naffiche-pas-le-visage-de-son-adolescent-de-14-ans-et-evoque-ses-craintes","status":"publish","type":"post","link":"https:\/\/www.europesays.com\/fr\/142989\/","title":{"rendered":"Booder explique pourquoi il n&rsquo;affiche pas le visage de son adolescent de 14 ans et \u00e9voque ses craintes"},"content":{"rendered":"<p>Ce samedi 31 mai, Booder \u00e9tait invit\u00e9 dans 50&prime; inside sur TF1. Le com\u00e9dien a fait des confidences sur son fils de 14 ans. Il a notamment expliqu\u00e9 pourquoi il refusait de d\u00e9voiler le visage de son adolescent.<\/p>\n<p>Ce samedi 31 mai, Booder \u00e9tait l&rsquo;invit\u00e9 d&rsquo;Isbaelle Ithurburu dans 50&prime; inside sur TF1. La star de<a href=\"https:\/\/www.programme-tv.net\/news\/series-tv\/371585-le-nounou-la-serie-avec-booder-aura-t-elle-un-troisieme-episode-il-nous-repond\/\" data-api-deeplink=\"teleloisirs:\/\/news\/371585\" rel=\"nofollow noopener\" target=\"_blank\"> la s\u00e9rie Le nounou<\/a> s&rsquo;est livr\u00e9 sur son r\u00f4le de p\u00e8re.<a href=\"https:\/\/www.programme-tv.net\/news\/people\/340263-mon-fils-nest-pas-fan-de-ce-que-je-fais-booder-papa-ses-tres-rares-confidences-sur-son-enfant\/\" data-api-deeplink=\"teleloisirs:\/\/news\/340263\" rel=\"nofollow noopener\" target=\"_blank\"> En 2011, le com\u00e9dien a accueilli un petit gar\u00e7on<\/a> dont l&rsquo;identit\u00e9 est rest\u00e9e secr\u00e8te. Si l&rsquo;adolescent appara\u00eet souvent aux c\u00f4t\u00e9s de son p\u00e8re sur les r\u00e9seaux sociaux, son visage, lui, n&rsquo;est jamais d\u00e9voil\u00e9. Dans Le portrait de la semaine, l&rsquo;humoriste a expliqu\u00e9 pourquoi. \u00ab\u00a0Je suis tr\u00e8s pudique sur ma vie priv\u00e9e parce que c&rsquo;est important pour moi quand je rentre chez moi de ne plus \u00eatre Booder le com\u00e9dien, je pose le costume\u00a0\u00bb, a-t-il avanc\u00e9 avant d&rsquo;ajouter : \u00ab\u00a0Je ne montre pas mes parents, je ne montre pas ma famille, je ne montre pas mon fils. Il a fait des vid\u00e9os avec moi mais on entend que sa voix. \u00c0 l&rsquo;\u00e9cole, ils savent que c&rsquo;est mon fils mais c&rsquo;est cool.\u00a0\u00bb<\/p>\n<p>Booder se confie sur les sacrifices qu&rsquo;il fait pour l&rsquo;\u00e9ducation de son fils<\/p>\n<p>Si Booder tient \u00e0 sa carri\u00e8re, son fils reste sa priorit\u00e9. Face \u00e0 <a href=\"https:\/\/www.programme-tv.net\/biographie\/146420-ithurburu-isabelle\/\" data-link-people=\"65b89f06-126f-4635-aecb-75145b53839b\" rel=\"nofollow noopener\" target=\"_blank\">Isabelle Ithurburu<\/a>,<a href=\"https:\/\/www.programme-tv.net\/news\/people\/314947-on-a-assiste-a-un-vrai-braquage-issa-doumbia-revele-une-anecdote-incroyable-sur-le-tournage-dun-film-avec-booder\/\" data-api-deeplink=\"teleloisirs:\/\/news\/314947\" rel=\"nofollow noopener\" target=\"_blank\"> le meilleur ami d&rsquo;Issa Doumbia <\/a>a racont\u00e9 son organisation entre sa vie professionnelle et personnelle pour passer un maximum de temps avec son enfant. \u00ab\u00a0Je fais tout pour dormir \u00e0 la maison m\u00eame quand je suis en tourn\u00e9e. Jusqu&rsquo;\u00e0 trois quatre heures de route, je prends la voiture et je rentre. Bon, j&rsquo;ai quelqu&rsquo;un qui conduit avec moi. Je pr\u00e9f\u00e8re arriver \u00e0 2 heures du matin, dormir et \u00e0 7 heures du matin \u00eatre avec lui pour le petit-d\u00e9jeuner\u00a0\u00bb, a-t-il d\u00e9clar\u00e9. Un \u00ab\u00a0mot d&rsquo;ordre\u00a0\u00bb que le com\u00e9dien tient \u00e0 suivre pour l&rsquo;\u00e9ducation de son adolescent.<\/p>\n<p>                        Booder inquiet pour son fils de 14 ans, surcharg\u00e9 par l&rsquo;\u00e9cole<\/p>\n<p>Le quotidien de Booder est \u00e9galement rythm\u00e9 par les devoirs de son fils. \u00ab\u00a0J&rsquo;ai <a href=\"https:\/\/www.programme-tv.net\/news\/series-tv\/371548-mon-fils-peut-etre-severe-dans-ses-critiques-booder-le-nounou-devoile-l-avis-de-son-petit-garcon-de-13-ans-sur-la-fiction-de-tf1\/\" data-api-deeplink=\"teleloisirs:\/\/news\/371548\" rel=\"nofollow noopener\" target=\"_blank\">un enfant de 14 ans<\/a>, il est en quatri\u00e8me, il a une surcharge de travail \u00e9norme. Il faudrait peut-\u00eatre s&rsquo;y pencher\u00a0\u00bb, a-t-il inform\u00e9. \u00ab\u00a0Nos enfants entrent \u00e0 l&rsquo;\u00e9cole \u00e0 8 heures, ils finissent \u00e0 17 heures, quand ils arrivent \u00e0 la maison la premi\u00e8re question qu&rsquo;on leur pose : &lsquo;Est-ce que tu as des devoirs ?&rsquo; Donc en plus, il faut qu&rsquo;il encha\u00eene ses devoirs. Le m\u00f4me, de 8 heures \u00e0 20 heures, que des devoirs, que des le\u00e7ons, que des contr\u00f4les&#8230; C&rsquo;est compliqu\u00e9\u00a0\u00bb, a regrett\u00e9 le papa avant d&rsquo;avouer avoir des lacunes pour l&rsquo;aide aux devoirs : \u00ab\u00a0Je l&rsquo;aide et franchement, c&rsquo;est dur la quatri\u00e8me.\u00a0\u00bb<\/p>\n","protected":false},"excerpt":{"rendered":"Ce samedi 31 mai, Booder \u00e9tait invit\u00e9 dans 50&prime; inside sur TF1. Le com\u00e9dien a fait des confidences&hellip;\n","protected":false},"author":2,"featured_media":142990,"comment_status":"","ping_status":"","sticky":false,"template":"","format":"standard","meta":{"footnotes":""},"categories":[1359],"tags":[4552,27098,244,58,59,1011,27,973,199,1630],"class_list":{"0":"post-142989","1":"post","2":"type-post","3":"status-publish","4":"format-standard","5":"has-post-thumbnail","7":"category-people","8":"tag-50mn-inside","9":"tag-booder","10":"tag-commentaire","11":"tag-divertissement","12":"tag-entertainment","13":"tag-fr","14":"tag-france","15":"tag-people","16":"tag-tf1","17":"tag-zapping"},"share_on_mastodon":{"url":"https:\/\/pubeurope.com\/@fr\/114605646393419086","error":""},"_links":{"self":[{"href":"https:\/\/www.europesays.com\/fr\/wp-json\/wp\/v2\/posts\/142989","targetHints":{"allow":["GET"]}}],"collection":[{"href":"https:\/\/www.europesays.com\/fr\/wp-json\/wp\/v2\/posts"}],"about":[{"href":"https:\/\/www.europesays.com\/fr\/wp-json\/wp\/v2\/types\/post"}],"author":[{"embeddable":true,"href":"https:\/\/www.europesays.com\/fr\/wp-json\/wp\/v2\/users\/2"}],"replies":[{"embeddable":true,"href":"https:\/\/www.europesays.com\/fr\/wp-json\/wp\/v2\/comments?post=142989"}],"version-history":[{"count":0,"href":"https:\/\/www.europesays.com\/fr\/wp-json\/wp\/v2\/posts\/142989\/revisions"}],"wp:featuredmedia":[{"embeddable":true,"href":"https:\/\/www.europesays.com\/fr\/wp-json\/wp\/v2\/media\/142990"}],"wp:attachment":[{"href":"https:\/\/www.europesays.com\/fr\/wp-json\/wp\/v2\/media?parent=142989"}],"wp:term":[{"taxonomy":"category","embeddable":true,"href":"https:\/\/www.europesays.com\/fr\/wp-json\/wp\/v2\/categories?post=142989"},{"taxonomy":"post_tag","embeddable":true,"href":"https:\/\/www.europesays.com\/fr\/wp-json\/wp\/v2\/tags?post=142989"}],"curies":[{"name":"wp","href":"https:\/\/api.w.org\/{rel}","templated":true}]}}