{"id":142991,"date":"2025-06-01T02:02:10","date_gmt":"2025-06-01T02:02:10","guid":{"rendered":"https:\/\/www.europesays.com\/fr\/142991\/"},"modified":"2025-06-01T02:02:10","modified_gmt":"2025-06-01T02:02:10","slug":"au-frac-artoteque-de-limoges-lunion-refait-la-force-liberation","status":"publish","type":"post","link":"https:\/\/www.europesays.com\/fr\/142991\/","title":{"rendered":"Au Frac-Artot\u00e8que de Limoges, l\u2019union refait la force &#8211; Lib\u00e9ration"},"content":{"rendered":"<ol>\n<li><a href=\"https:\/\/news.google.com\/rss\/articles\/CBMivwFBVV95cUxQeG5JQUVKc09ZYllUWndJOEFoWlowVXBvcWlXZ0dtMi1YVVcxMnE0T0xLc3FmVTFlaDA0RlkzMjZvN0RfTml5WW8xbVltYVJUdHZxZE1QQmVkc2xWQ0VBa21oS1g2dWQ0Z3FDNXNCSk5VV21RUExZWlRLeTZWbjdNUHBHMy01U1JIdUNSRkZhU3V2bm1ITEItOTktV3pmekh2ekJqVlJNWmd2QzFDeDFZcjNXdkdZdzFUN243WERHaw?oc=5\" target=\"_blank\" rel=\"nofollow noopener\">Au Frac-Artot\u00e8que de Limoges, l\u2019union refait la force<\/a>&nbsp;&nbsp;Lib\u00e9ration<\/li>\n<li><a href=\"https:\/\/news.google.com\/rss\/articles\/CBMinAFBVV95cUxOc190MjlmcGVjd0p2ZjlMZjRja3loZ1FITTFfM3U3RUR1aVZuU3JGZEthSXZiX2FFN282V21JRmFwM0NzeFBOb3FuMkdzdUtLWURFTk5CcWpLUml3MDF4cHN2dk1FUG9jV2F6Sm9pQm5xNWxERHQzY2Y1S0w3NjRCYnlPS1RoaFUwWURyNzBhOEpMVHhrMzhpdGZaNk0?oc=5\" target=\"_blank\" rel=\"nofollow noopener\">Ouverture du Frac-Artoth\u00e8que Nouvelle-Aquitaine apr\u00e8s 5 ans de travaux<\/a>&nbsp;&nbsp;kaolin-fm.com<\/li>\n<li><a href=\"https:\/\/news.google.com\/rss\/articles\/CBMi3gFBVV95cUxNUkQwWTBFX3ZseTRvanQxdEZhNFNlRGg2QXdkTUUxR05BSm53dFJhRDYyMF9fZ1JIYlBUOU9yV0ZSSjgwZGpXXzFVY1lXM3daVTMwMUhTNHpNQlREVWRMcFFhS2J6TkxabDJ6d3MyYWE5SlRTZlZjN0NDOVNpZUVlaUctNFJmLTlsNVVfem54Xy0tNWNjS3MzaEc2WjJ6RVB5RE01MVRHaHBJbG9mQ3BDcEljbWZnRTIyTktTb0VEeWlzblN3a2FJeUlpWkVQTk8zVTBsVG5TVXNkVU9OWUE?oc=5\" target=\"_blank\" rel=\"nofollow noopener\">\u00c0 quoi servent les artoth\u00e8ques, ces lieux sur lesquels mise Rachida Dati pour son plan \u00ab Culture et ruralit\u00e9 \u00bb ?<\/a>&nbsp;&nbsp;Beaux Arts<\/li>\n<li><a href=\"https:\/\/news.google.com\/rss\/articles\/CBMijgFBVV95cUxQbGVYZGNUQTFYVmdNT1ZtcjNHZGg1X3kxak9oeF9jYXRqaDFKdWZvbm9DUFFYT21ZeF8ySlVjMk5VOThiYTl6eVR0OWJZMENReEF4emtkXzEwQVJEbzNqQ3hTTHo0Y2hDSzdvX1hLRG5fbFNETnRhQUd2UldYN3RXMEJPU2Y1MDN6REd5VXpR?oc=5\" target=\"_blank\" rel=\"nofollow noopener\">\u00c9dition N\u00b03057 du 27 mai 2025<\/a>&nbsp;&nbsp;Le Quotidien de l&rsquo;Art<\/li>\n<li><a href=\"https:\/\/news.google.com\/rss\/articles\/CBMimgFBVV95cUxQTDFQLVBFb003SmpINWtFdWdUcS1ReDVJcG41bVRJc2haaUpvYUhTam5FLUF3RkdoRmliNkZ5TTNkaTBFYnNYMU5VM3dQZGFLZ2luTVFpd0FiczRWX3BIUHdNWVhIaVM0ZXFjQ2dHb21NdFpBLWxrYnp3SHlMX0pBc3RCWkZ0Q3hqREhnZ004ZkwwWFJoV2lLdDd3?oc=5\" target=\"_blank\" rel=\"nofollow noopener\">Haute-Vienne : Limoges met l&rsquo;art contemporain en bo\u00eete<\/a>&nbsp;&nbsp;Le Moniteur<\/li>\n<\/ol>\n","protected":false},"excerpt":{"rendered":"Au Frac-Artot\u00e8que de Limoges, l\u2019union refait la force&nbsp;&nbsp;Lib\u00e9ration Ouverture du Frac-Artoth\u00e8que Nouvelle-Aquitaine apr\u00e8s 5 ans de travaux&nbsp;&nbsp;kaolin-fm.com \u00c0&hellip;\n","protected":false},"author":2,"featured_media":142992,"comment_status":"","ping_status":"","sticky":false,"template":"","format":"standard","meta":{"footnotes":""},"categories":[1358],"tags":[1348,1384,1385,413,1386,58,59,1011,27,2193],"class_list":{"0":"post-142991","1":"post","2":"type-post","3":"status-publish","4":"format-standard","5":"has-post-thumbnail","7":"category-arts-et-design","8":"tag-arts","9":"tag-arts-and-design","10":"tag-arts-et-design","11":"tag-ca-va-mieux-lisant","12":"tag-design","13":"tag-divertissement","14":"tag-entertainment","15":"tag-fr","16":"tag-france","17":"tag-limoges"},"share_on_mastodon":{"url":"https:\/\/pubeurope.com\/@fr\/114605650331138966","error":""},"_links":{"self":[{"href":"https:\/\/www.europesays.com\/fr\/wp-json\/wp\/v2\/posts\/142991","targetHints":{"allow":["GET"]}}],"collection":[{"href":"https:\/\/www.europesays.com\/fr\/wp-json\/wp\/v2\/posts"}],"about":[{"href":"https:\/\/www.europesays.com\/fr\/wp-json\/wp\/v2\/types\/post"}],"author":[{"embeddable":true,"href":"https:\/\/www.europesays.com\/fr\/wp-json\/wp\/v2\/users\/2"}],"replies":[{"embeddable":true,"href":"https:\/\/www.europesays.com\/fr\/wp-json\/wp\/v2\/comments?post=142991"}],"version-history":[{"count":0,"href":"https:\/\/www.europesays.com\/fr\/wp-json\/wp\/v2\/posts\/142991\/revisions"}],"wp:featuredmedia":[{"embeddable":true,"href":"https:\/\/www.europesays.com\/fr\/wp-json\/wp\/v2\/media\/142992"}],"wp:attachment":[{"href":"https:\/\/www.europesays.com\/fr\/wp-json\/wp\/v2\/media?parent=142991"}],"wp:term":[{"taxonomy":"category","embeddable":true,"href":"https:\/\/www.europesays.com\/fr\/wp-json\/wp\/v2\/categories?post=142991"},{"taxonomy":"post_tag","embeddable":true,"href":"https:\/\/www.europesays.com\/fr\/wp-json\/wp\/v2\/tags?post=142991"}],"curies":[{"name":"wp","href":"https:\/\/api.w.org\/{rel}","templated":true}]}}