{"id":143001,"date":"2025-06-01T02:07:10","date_gmt":"2025-06-01T02:07:10","guid":{"rendered":"https:\/\/www.europesays.com\/fr\/143001\/"},"modified":"2025-06-01T02:07:10","modified_gmt":"2025-06-01T02:07:10","slug":"cette-decouverte-horrible-dans-95-des-bieres-vendues-en-supermarche-par-les-scientifiques","status":"publish","type":"post","link":"https:\/\/www.europesays.com\/fr\/143001\/","title":{"rendered":"Cette d\u00e9couverte horrible dans 95% des bi\u00e8res vendues en supermarch\u00e9 par les scientifiques"},"content":{"rendered":"<p>                                        <img width=\"658\" height=\"329\" src=\"https:\/\/www.europesays.com\/fr\/wp-content\/uploads\/2025\/06\/Cette-decouverte-horrible-dans-95-des-bieres-vendues-en-supermarche-par-les-scientifiques-658x329.jp.jpeg\" class=\"attachment-single-desktop size-single-desktop wp-post-image\" alt=\"Cette d\u00e9couverte horrible dans 95% des bi\u00e8res vendues en supermarch\u00e9 par les scientifiques\" fetchpriority=\"high\" loading=\"eager\" decoding=\"sync\"  \/>                                    <\/p>\n<p>                            Une r\u00e9v\u00e9lation sur les bi\u00e8res a r\u00e9cemment vu le jour et elle va vous faire tomber de dix \u00e9tages. Voici ce qu&rsquo;il faut savoir !<\/p>\n<p>Ce qui devait \u00eatre un moment de d\u00e9tente entre amis autour <a href=\"https:\/\/www.tuxboard.com\/60-millions-de-consommateurs-a-trouve-les-2-marques-de-biere-les-moins-nocives-pour-la-sante-14052025\/\" target=\"_blank\" rel=\"noopener\">d\u2019un verre <\/a>pourrait bien se transformer en source d\u2019inqui\u00e9tude. Des chercheurs viennent de r\u00e9v\u00e9ler une <strong>information pour le moins <a href=\"https:\/\/www.tuxboard.com\/aides-au-logement-les-3-types-daides-proposees-par-le-gouvernement-en-2025-29052025\/\" target=\"_blank\" rel=\"noopener\">choquante<\/a> sur les bi\u00e8res.\u00a0<\/strong><\/p>\n<p>Une r\u00e9v\u00e9lation choquante sur les bi\u00e8res<\/p>\n<p>D\u2019apr\u00e8s des experts, une grande majorit\u00e9 des bi\u00e8res disponibles sur le march\u00e9 contiendraient des polluants chimiques persistants, aussi connus sous le nom de PFAS. Ces substances se trouvent dans les boissons les plus consomm\u00e9es.<\/p>\n<p>C\u2019est \u00e9galement le cas de celles issues de<a href=\"https:\/\/www.tuxboard.com\/ajouter-de-la-biere-dans-la-pate-a-crepes-vraiment-une-bonne-idee-01022025\/\" target=\"_blank\" rel=\"noopener\"> brasseries artisanales<\/a>. \u00c0 l\u2019origine de cette r\u00e9v\u00e9lation, une \u00e9tude parue dans la revue Environmental Science &amp; Technology, qui a analys\u00e9 <strong>vingt-trois bi\u00e8res issues de diff\u00e9rentes r\u00e9gions des \u00c9tats-Unis<\/strong>.<\/p>\n<p>\u00c0 la surprise g\u00e9n\u00e9rale, 95 % des \u00e9chantillons contenaient des PFAS, notamment du PFOS (perfluorooctanesulfonate) et du PFOA (acide perfluorooctano\u00efque). Ces compos\u00e9s chimiques se montrent particuli\u00e8rement redout\u00e9s pour leur persistance dans l\u2019environnement et leurs effets potentiels sur la sant\u00e9 humaine.<\/p>\n<p>\u00ab\u00a0En tant que consommatrice occasionnelle de bi\u00e8re, je me suis demand\u00e9 si les PFAS pr\u00e9sents dans l\u2019eau <strong>finissaient dans nos pintes<\/strong>\u00ab\u00a0, a d\u00e9clar\u00e9 Jennifer Hoponick Redmon, directrice de recherche de <a href=\"https:\/\/www.tuxboard.com\/ces-bieres-mauvaises-pour-la-sante-a-ne-plus-boire-selon-60-millions-de-consommateurs-21122024\/\" target=\"_blank\" rel=\"noopener\">l\u2019\u00e9tude<\/a>.<\/p>\n<p>Cette interrogation a pouss\u00e9 son \u00e9quipe \u00e0 adapter une m\u00e9thode d\u00e9velopp\u00e9e par l\u2019Agence am\u00e9ricaine de protection de l\u2019environnement (EPA) pour mesurer les taux de PFAS dans l\u2019eau potable, cette fois appliqu\u00e9e \u00e0 la bi\u00e8re.<\/p>\n<p>Une grande inqui\u00e9tude<\/p>\n<p>Les r\u00e9sultats parlent d\u2019eux-m\u00eames. Les bi\u00e8res brass\u00e9es dans des zones touch\u00e9es par une contamination document\u00e9e des eaux pr\u00e9sentaient les niveaux les plus \u00e9lev\u00e9s. Le bassin versant de la rivi\u00e8re Cape Fear, en Caroline du Nord, a d\u00e9cid\u00e9 de se d\u00e9marquer par <a href=\"https:\/\/www.tuxboard.com\/les-meilleures-bieres-pour-la-sante-a-boire-devant-les-matchs-des-bleus-05072024\/\" target=\"_blank\" rel=\"noopener\">la diversit\u00e9<\/a> et la concentration des PFAS <strong>retrouv\u00e9s dans les bi\u00e8res produites localement<\/strong>.<\/p>\n<p>Ce lien direct entre les taux de PFAS dans l\u2019eau potable municipale et ceux retrouv\u00e9s dans la bi\u00e8re produite sur place soul\u00e8ve une alerte jusqu\u2019ici peu explor\u00e9e. Jennifer Hoponick Redmon a alors fait plus de confidences sur le sujet.<\/p>\n<p>Elle a indiqu\u00e9 : \u00ab\u00a0J\u2019esp\u00e8re que ces r\u00e9sultats inciteront \u00e0 mettre en place des strat\u00e9gies et des politiques de traitement de l\u2019eau. Et ce, pour limiter la pr\u00e9sence de PFAS dans les boissons \u00e0 venir\u00a0\u00bb.<\/p>\n<p>Les PFAS, \u00e9galement surnomm\u00e9s polluants \u00e9ternels, <strong>se trouvent dans de nombreux produits du quotidien<\/strong>. Gr\u00e2ce \u00e0 leurs propri\u00e9t\u00e9s hydrofuges, antitaches et ol\u00e9ofuges, ils sont utilis\u00e9s dans les textiles, les emballages alimentaires, les ustensiles de cuisine antiadh\u00e9sifs ou encore les mousses anti-incendie.<\/p>\n<p>Des interrogations sur la provenance de l\u2019eau<\/p>\n<p>Cette omnipr\u00e9sence dans l\u2019environnement a entra\u00een\u00e9 leur venue dans les ressources en eau. C\u2019est un ph\u00e9nom\u00e8ne qui d\u00e9passe les fronti\u00e8res d\u2019Am\u00e9rique. L\u2019\u00e9tude montre que m\u00eame les grandes marques internationales ne sont pas \u00e9pargn\u00e9es.<\/p>\n<p>C\u2019est notamment le cas de celles dont les sources d\u2019eau restent inconnues ou difficilement tra\u00e7ables. Cela renforce la n\u00e9cessit\u00e9 pour les brasseries de bi\u00e8res, qu\u2019elles soient artisanales ou industrielles, de <strong>s\u2019interroger sur l\u2019origine de leur eau<\/strong>.<\/p>\n<p>Elles doivent aussi \u00e9valuer leurs \u00e9quipements de traitement face \u00e0 cette nouvelle menace. L\u2019EPA a r\u00e9cemment \u00e9tabli de nouveaux seuils d\u2019exposition pour les PFAS dans l\u2019eau potable. En revanche, cette r\u00e8gle reste encore peu \u00e9tendue aux produits d\u00e9riv\u00e9s comme la bi\u00e8re.<\/p>\n<p>Pourtant, cette \u00e9tude d\u00e9montre clairement que la contamination \u00e0 la source se r\u00e9percute directement sur les produits de consommation. Si cette info peut faire tomber de dix \u00e9tages, elle invite surtout \u00e0 revoir nos choix de consommation. Et \u00e0 <strong>encourager des pratiques de production plus responsables<\/strong>.<\/p>\n<p>                                    <img loading=\"lazy\" decoding=\"async\" src=\"data:image\/svg+xml,%3Csvg%20xmlns=\" http:=\"\" itemprop=\"image\" width=\"32\" height=\"32\" alt=\"avatar\" class=\"avatar avatar-32\" data-lazy-src=\"https:\/\/www.europesays.com\/fr\/wp-content\/uploads\/2025\/04\/victoria-bernard.jpg\"\/>                                                                    <\/p>\n<p>                                    <a class=\"post-author-name\" href=\"https:\/\/www.tuxboard.com\/author\/victoriabernard2022tx\/\" title=\"Victoria Bernard\" itemprop=\"url\" target=\"_blank\" rel=\"noopener\">Victoria Bernard<\/a><\/p>\n<p itemprop=\"description\">Diplom\u00e9e d&rsquo;une grande \u00e9cole de journaliste et j&rsquo;ai aussi un dipl\u00f4me en pr\u00e9paration d&rsquo;ap\u00e9ro. J&rsquo;adore \u00e9crire et surtout pour Tuxboard, l&rsquo;\u00e9quipe est vraiment top et les sujets tr\u00e8s vari\u00e9s m\u00eame si je pr\u00e9f\u00e8re \u00e9crire sur le m\u00e9dia et aussi les tendances mode !<\/p>\n","protected":false},"excerpt":{"rendered":"Une r\u00e9v\u00e9lation sur les bi\u00e8res a r\u00e9cemment vu le jour et elle va vous faire tomber de dix&hellip;\n","protected":false},"author":2,"featured_media":143002,"comment_status":"","ping_status":"","sticky":false,"template":"","format":"standard","meta":{"footnotes":""},"categories":[10],"tags":[9731,1011,27,72,71],"class_list":{"0":"post-143001","1":"post","2":"type-post","3":"status-publish","4":"format-standard","5":"has-post-thumbnail","7":"category-sante","8":"tag-bieres","9":"tag-fr","10":"tag-france","11":"tag-health","12":"tag-sante"},"share_on_mastodon":{"url":"https:\/\/pubeurope.com\/@fr\/114605670023154535","error":""},"_links":{"self":[{"href":"https:\/\/www.europesays.com\/fr\/wp-json\/wp\/v2\/posts\/143001","targetHints":{"allow":["GET"]}}],"collection":[{"href":"https:\/\/www.europesays.com\/fr\/wp-json\/wp\/v2\/posts"}],"about":[{"href":"https:\/\/www.europesays.com\/fr\/wp-json\/wp\/v2\/types\/post"}],"author":[{"embeddable":true,"href":"https:\/\/www.europesays.com\/fr\/wp-json\/wp\/v2\/users\/2"}],"replies":[{"embeddable":true,"href":"https:\/\/www.europesays.com\/fr\/wp-json\/wp\/v2\/comments?post=143001"}],"version-history":[{"count":0,"href":"https:\/\/www.europesays.com\/fr\/wp-json\/wp\/v2\/posts\/143001\/revisions"}],"wp:featuredmedia":[{"embeddable":true,"href":"https:\/\/www.europesays.com\/fr\/wp-json\/wp\/v2\/media\/143002"}],"wp:attachment":[{"href":"https:\/\/www.europesays.com\/fr\/wp-json\/wp\/v2\/media?parent=143001"}],"wp:term":[{"taxonomy":"category","embeddable":true,"href":"https:\/\/www.europesays.com\/fr\/wp-json\/wp\/v2\/categories?post=143001"},{"taxonomy":"post_tag","embeddable":true,"href":"https:\/\/www.europesays.com\/fr\/wp-json\/wp\/v2\/tags?post=143001"}],"curies":[{"name":"wp","href":"https:\/\/api.w.org\/{rel}","templated":true}]}}