{"id":143005,"date":"2025-06-01T02:09:11","date_gmt":"2025-06-01T02:09:11","guid":{"rendered":"https:\/\/www.europesays.com\/fr\/143005\/"},"modified":"2025-06-01T02:09:11","modified_gmt":"2025-06-01T02:09:11","slug":"un-groupe-de-musiciens-tue-les-cartels-de-la-drogue-soupconnes-liberation","status":"publish","type":"post","link":"https:\/\/www.europesays.com\/fr\/143005\/","title":{"rendered":"un groupe de musiciens tu\u00e9, les cartels de la drogue soup\u00e7onn\u00e9s \u2013 Lib\u00e9ration"},"content":{"rendered":"<p class=\"sc-ksZaOG ehjQrN text-element\">Dimanche 25 mai, les quatre membres de Grupo Fugitivo, une formation de musique norte\u00f1a (du nord du Mexique), et leur manager se rendent dans un faubourg de la ville de Reynosa, o\u00f9 ils ont \u00e9t\u00e9 appel\u00e9s pour animer une soir\u00e9e priv\u00e9e. Mais l\u2019adresse qu\u2019on leur a indiqu\u00e9e se trouve \u00eatre un terrain vague, et vers 22 heures, ils entrent dans le bar La Chinita pour s\u2019informer.<\/p>\n<p class=\"sc-ksZaOG ehjQrN text-element\">Que se passe-t-il ensuite ? On sait seulement que les cinq hommes, qui ont entre 20 et 40 ans, disparaissent, vraisemblablement emmen\u00e9s sous la menace, dans leur propre camionnette, une Yukon noire. Apr\u00e8s quatre jours de mobilisation de leurs proches et de communiqu\u00e9s contradictoires des autorit\u00e9s de l\u2019Etat de Tamaulipas, l\u2019issue redout\u00e9e s\u2019est confirm\u00e9e jeudi 29 mai au soir : les cinq corps sont retrouv\u00e9s calcin\u00e9s.<\/p>\n<p class=\"sc-ksZaOG ehjQrN text-element\">Les meurtres de musiciens se sont multipli\u00e9s ces derni\u00e8res ann\u00e9es dans le nord du Mexique. Toutes les victimes avaient en commun d\u2019\u00eatre sp\u00e9cialis\u00e9es dans les narcocorridos, chansons consacr\u00e9es au trafic de drogue, et qui <a href=\"https:\/\/www.liberation.fr\/planete\/2015\/07\/23\/des-chansons-pour-feter-l-evasion-d-el-chapo-parrain-narco-mexicain_1352074\/\" target=\"_blank\" rel=\"noopener\" title=\"https:\/\/www.liberation.fr\/planete\/2015\/07\/23\/des-chansons-pour-feter-l-evasion-d-el-chapo-parrain-narco-mexicain_1352074\/\">glorifient souvent les parrains des cartels<\/a>. Des vedettes adul\u00e9es sont tomb\u00e9es sous les balles de tueurs qui ont rarement \u00e9t\u00e9 arr\u00eat\u00e9s et jug\u00e9s : Valent\u00edn Elizalde alias \u00able Coq d\u2019or\u00bb, <\/p>\n","protected":false},"excerpt":{"rendered":"Dimanche 25 mai, les quatre membres de Grupo Fugitivo, une formation de musique norte\u00f1a (du nord du Mexique),&hellip;\n","protected":false},"author":2,"featured_media":143006,"comment_status":"","ping_status":"","sticky":false,"template":"","format":"standard","meta":{"footnotes":""},"categories":[8],"tags":[58,3992,59,1011,27,5697,8721],"class_list":{"0":"post-143005","1":"post","2":"type-post","3":"status-publish","4":"format-standard","5":"has-post-thumbnail","7":"category-divertissement","8":"tag-divertissement","9":"tag-drogues","10":"tag-entertainment","11":"tag-fr","12":"tag-france","13":"tag-mexique","14":"tag-narcotrafic"},"share_on_mastodon":{"url":"https:\/\/pubeurope.com\/@fr\/114605677890865140","error":""},"_links":{"self":[{"href":"https:\/\/www.europesays.com\/fr\/wp-json\/wp\/v2\/posts\/143005","targetHints":{"allow":["GET"]}}],"collection":[{"href":"https:\/\/www.europesays.com\/fr\/wp-json\/wp\/v2\/posts"}],"about":[{"href":"https:\/\/www.europesays.com\/fr\/wp-json\/wp\/v2\/types\/post"}],"author":[{"embeddable":true,"href":"https:\/\/www.europesays.com\/fr\/wp-json\/wp\/v2\/users\/2"}],"replies":[{"embeddable":true,"href":"https:\/\/www.europesays.com\/fr\/wp-json\/wp\/v2\/comments?post=143005"}],"version-history":[{"count":0,"href":"https:\/\/www.europesays.com\/fr\/wp-json\/wp\/v2\/posts\/143005\/revisions"}],"wp:featuredmedia":[{"embeddable":true,"href":"https:\/\/www.europesays.com\/fr\/wp-json\/wp\/v2\/media\/143006"}],"wp:attachment":[{"href":"https:\/\/www.europesays.com\/fr\/wp-json\/wp\/v2\/media?parent=143005"}],"wp:term":[{"taxonomy":"category","embeddable":true,"href":"https:\/\/www.europesays.com\/fr\/wp-json\/wp\/v2\/categories?post=143005"},{"taxonomy":"post_tag","embeddable":true,"href":"https:\/\/www.europesays.com\/fr\/wp-json\/wp\/v2\/tags?post=143005"}],"curies":[{"name":"wp","href":"https:\/\/api.w.org\/{rel}","templated":true}]}}