{"id":14301,"date":"2025-04-10T06:09:09","date_gmt":"2025-04-10T06:09:09","guid":{"rendered":"https:\/\/www.europesays.com\/fr\/14301\/"},"modified":"2025-04-10T06:09:09","modified_gmt":"2025-04-10T06:09:09","slug":"ces-photos-de-meghan-markle-encore-petite-fille-mais-deja-ambitieuse","status":"publish","type":"post","link":"https:\/\/www.europesays.com\/fr\/14301\/","title":{"rendered":"ces photos de Meghan Markle encore petite fille mais d\u00e9j\u00e0 ambitieuse"},"content":{"rendered":"<p>                             Par S\u00e9gol\u00e8ne Forgar<\/p>\n<p>\n            Publi\u00e9<br \/>\n                le 8 avril 2025 \u00e0 12h21,<br \/>\n                 mis \u00e0 jour le 8 avril 2025 \u00e0 12h21<\/p>\n<p>    Meghan Markle au gala du Paley Center for Media en l\u2019honneur de l\u2019acteur et r\u00e9alisateur Tyler Perry, au Beverly Wilshire Hotel. (Beverly Hills, le 4 d\u00e9cembre 2024.)<br \/>\n                ETIENNE LAURENT \/ AFP<\/p>\n<p>Ce mardi, la duchesse de Sussex a partag\u00e9 plusieurs clich\u00e9s de son enfance pour marquer le lancement de son nouveau podcast consacr\u00e9 aux femmes entrepreneures.<\/p>\n<p class=\"fig-paragraph\">Le business dans la peau. Ce mardi 8 avril,\u00a0<a href=\"https:\/\/madame.lefigaro.fr\/tag\/meghan-markle\" target=\"_blank\" rel=\"noopener\" data-gtm-custom-categorie=\"navigation\" data-gtm-custom-action=\"crossclick\" data-gtm-custom-label=\"Contextuel\" data-gtm-event=\"customEventSPE\">Meghan Markle<\/a>\u00a0a fait sourire ses abonn\u00e9s en d\u00e9voilant sur son compte Instagram une s\u00e9rie de photos la montrant enfant. Sur les trois clich\u00e9s, on d\u00e9couvre une jeune Meghan tout sourire dans son uniforme marron des Girl Scouts, une bo\u00eete de biscuits entre les mains.<\/p>\n<p class=\"fig-paragraph\">D\u2019autres photos la montrent encore en compagnie d\u2019autres camarades, posant devant un stand de vente ou tenant des ballons color\u00e9s. \u00abL\u2019entrepreneuriat peut commencer tr\u00e8s jeune\u00bb, a comment\u00e9 l\u2019\u00e9pouse du prince Harry. Puis d\u2019ajouter avec humour\u00a0: \u00abD\u2019ailleurs, apr\u00e8s toutes ces ann\u00e9es plus tard, je vends toujours des cookies\u00a0!\u00bb Une r\u00e9f\u00e9rence ici \u00e0 sa marque d\u00e9di\u00e9e aux arts de la table, baptis\u00e9e\u00a0<a href=\"http:\/\/madame.lefigaro.fr\/business\/actu-business\/nous-avons-ecoule-tous-nos-stocks-en-une-heure-meghan-markle-lance-sa-boutique-en-ligne-et-c-est-deja-un-succes-20250403\" target=\"_blank\" data-fig-type=\"Article\" rel=\"noopener\" data-gtm-custom-categorie=\"navigation\" data-gtm-custom-action=\"crossclick\" data-gtm-custom-label=\"Contextuel\" data-gtm-event=\"customEventSPE\" data-fig-domain=\"MADAME\">As Ever<\/a>, qui propose notamment \u00e0 la vente une pr\u00e9paration de biscuits sabl\u00e9s.<\/p>\n<p class=\"fig-body-link&#10;    \">\n            \u00c0 lire aussi<br \/>\n        <a class=\"fig-body-link__link\" href=\"http:\/\/madame.lefigaro.fr\/celebrites\/actu-people\/combien-coutent-les-produits-de-la-marque-as-ever-de-meghan-markle-20250404\" target=\"_blank\" data-fig-type=\"Article\" rel=\"noopener\" data-gtm-custom-categorie=\"navigation\" data-gtm-custom-action=\"crossclick\" data-gtm-custom-label=\"Contextuel\" data-gtm-event=\"customEventSPE\" data-fig-domain=\"MADAME\">Combien co\u00fbtent les produits de la marque As Ever de Meghan Markle\u00a0?<\/a>\n<\/p>\n<p>\u00a0\u00bb<br \/>\n        data-script=\u00a0\u00bbhttps:\/\/static.lefigaro.fr\/widget-video\/short-ttl\/video\/index.js\u00a0\u00bb<br \/>\n    &gt;<\/p>\n<p>Un podcast qui met \u00e0 l\u2019honneur les femmes entrepreneures<\/p>\n<p class=\"fig-paragraph\">Pour autant, ce clin d\u2019\u0153il de Meghan Markle \u00e0 ses d\u00e9buts pr\u00e9coces dans le monde de l\u2019entrepreneuriat n\u2019est pas un hasard. Il co\u00efncide avec le lancement de son nouveau podcast \u00abConfessions of a Female Founder\u00bb. Dans le premier \u00e9pisode, la duchesse de Sussex s\u2019entretient avec son amie Whitney Wolfe Herd, fondatrice de l\u2019application de rencontres Bumble. Ensemble, elles abordent les d\u00e9fis auxquels font face les femmes entrepreneures. Meghan Markle a aussi profit\u00e9 de cet \u00e9change pour se confier sur son exp\u00e9rience personnelle de la maternit\u00e9, r\u00e9v\u00e9lant avoir souffert de pr\u00e9\u00e9clampsie post-partum, une complication rare et dangereuse. \u00abC\u2019est tellement rare et tellement effrayant\u00bb, a-t-elle partag\u00e9. \u00abEt vous essayez toujours de jongler avec tout \u00e7a, et le monde ignore ce qui se passe en silence.\u00bb<\/p>\n<p class=\"fig-paragraph\">\u00abConfessions of a Female Founder\u00bb s\u2019inscrit dans la volont\u00e9 de Meghan Markle de mettre en lumi\u00e8re des parcours f\u00e9minins inspirants et de partager les coulisses souvent m\u00e9connues de l\u2019entrepreneuriat au f\u00e9minin. Un sujet qui lui tient visiblement \u00e0 c\u0153ur depuis son plus jeune \u00e2ge, comme en t\u00e9moignent ces adorables photos d\u2019archives.<\/p>\n","protected":false},"excerpt":{"rendered":"Par S\u00e9gol\u00e8ne Forgar Publi\u00e9 le 8 avril 2025 \u00e0 12h21, mis \u00e0 jour le 8 avril 2025 \u00e0&hellip;\n","protected":false},"author":2,"featured_media":14302,"comment_status":"","ping_status":"","sticky":false,"template":"","format":"standard","meta":{"footnotes":""},"categories":[8],"tags":[1296,1284,1291,1286,35,1285,1287,1289,1290,1288,1292,58,59,2855,1295,1294,1293,638,1011,27,977,908,973,971],"class_list":{"0":"post-14301","1":"post","2":"type-post","3":"status-publish","4":"format-standard","5":"has-post-thumbnail","7":"category-divertissement","8":"tag-accessoires","9":"tag-actu-business","10":"tag-actu-societe","11":"tag-article-business","12":"tag-business","13":"tag-business-au-feminin","14":"tag-business-detox","15":"tag-business-style","16":"tag-business-with-attitute","17":"tag-coaching-carriere","18":"tag-debat","19":"tag-divertissement","20":"tag-entertainment","21":"tag-entrepreneuriat","22":"tag-feminin","23":"tag-femme","24":"tag-femmes-influentes","25":"tag-figaro","26":"tag-fr","27":"tag-france","28":"tag-madame","29":"tag-meghan-markle","30":"tag-people","31":"tag-royaute"},"share_on_mastodon":{"url":"https:\/\/pubeurope.com\/@fr\/114312181489213018","error":""},"_links":{"self":[{"href":"https:\/\/www.europesays.com\/fr\/wp-json\/wp\/v2\/posts\/14301","targetHints":{"allow":["GET"]}}],"collection":[{"href":"https:\/\/www.europesays.com\/fr\/wp-json\/wp\/v2\/posts"}],"about":[{"href":"https:\/\/www.europesays.com\/fr\/wp-json\/wp\/v2\/types\/post"}],"author":[{"embeddable":true,"href":"https:\/\/www.europesays.com\/fr\/wp-json\/wp\/v2\/users\/2"}],"replies":[{"embeddable":true,"href":"https:\/\/www.europesays.com\/fr\/wp-json\/wp\/v2\/comments?post=14301"}],"version-history":[{"count":0,"href":"https:\/\/www.europesays.com\/fr\/wp-json\/wp\/v2\/posts\/14301\/revisions"}],"wp:featuredmedia":[{"embeddable":true,"href":"https:\/\/www.europesays.com\/fr\/wp-json\/wp\/v2\/media\/14302"}],"wp:attachment":[{"href":"https:\/\/www.europesays.com\/fr\/wp-json\/wp\/v2\/media?parent=14301"}],"wp:term":[{"taxonomy":"category","embeddable":true,"href":"https:\/\/www.europesays.com\/fr\/wp-json\/wp\/v2\/categories?post=14301"},{"taxonomy":"post_tag","embeddable":true,"href":"https:\/\/www.europesays.com\/fr\/wp-json\/wp\/v2\/tags?post=14301"}],"curies":[{"name":"wp","href":"https:\/\/api.w.org\/{rel}","templated":true}]}}