{"id":143013,"date":"2025-06-01T02:13:11","date_gmt":"2025-06-01T02:13:11","guid":{"rendered":"https:\/\/www.europesays.com\/fr\/143013\/"},"modified":"2025-06-01T02:13:11","modified_gmt":"2025-06-01T02:13:11","slug":"alsace-des-trombes-deau-sur-valff-et-sur-plusieurs-communes-du-secteur-dobernai-dna","status":"publish","type":"post","link":"https:\/\/www.europesays.com\/fr\/143013\/","title":{"rendered":"Alsace. Des trombes d&#039;eau sur Valff et sur plusieurs communes du secteur d&#039;Obernai &#8211; DNA"},"content":{"rendered":"<ol>\n<li><a href=\"https:\/\/news.google.com\/rss\/articles\/CBMikAFBVV95cUxNR1lkdFRTMkFlVXRDZWY2SFFkSVNSS3I3bEpUaVhqN3BGVjFVMWdBQUc0aENQak1zWDFWdU9nZ0d6MDFvVm1Qd01xa1lWb3hKcHRSaVZHWnRqSVJzM1lkeFVrTjJBMGVDa1FwQ1lMdVl6dHRaV2lYSWQ1VWNLeDJScndHc1VKZTJfTTBSc2VYT1Y?oc=5\" target=\"_blank\" rel=\"noopener\">Alsace. Des trombes d&rsquo;eau sur Valff et sur plusieurs communes du secteur d&rsquo;Obernai<\/a>&nbsp;&nbsp;DNA<\/li>\n<li><a href=\"https:\/\/news.google.com\/rss\/articles\/CBMizAFBVV95cUxQcTBLSERvbVM0Z0hMd0hkR0lMMU9sT3huRUlocGdiR0J3ZGhVN2JYcXJnVzJydjVaN09IY2NzRW1LMWpmbHlDYnZiTHVJejJyaDcxbC10VlFtZ1RYV1VGNVdPaC1NUFF0S2Y2T2F2UUhfV2ZINmg0R0ZwcnNwSWc0SWJ4clRZMXl0akswRk5XWk03QnRTc2VMNHlKVC1sMzEyZDRrYVBiS1dIUDd0NzdYal9tMWt5c2MyVzM4VG1hWUVyOWo3YWltcjB0V0c?oc=5\" target=\"_blank\" rel=\"noopener\">Orages en Alsace : arbres couch\u00e9s \u00e0 Strasbourg, gr\u00eale \u00e0 Heiligenstein, inondations \u00e0 Valff<\/a>&nbsp;&nbsp;francebleu.fr<\/li>\n<li><a href=\"https:\/\/news.google.com\/rss\/articles\/CBMi2AFBVV95cUxNSUhCeTM2TGh3MEt5YlhXN1BjR2JTT1Y5dTRuOS1FVTZ1dHRfelBINmlNd2VhQXNpcVoxcHFYOXRWVGFfbEdLTVBWTzJlcnZLVm9XbHlDLURpS2EwYzlfMTN6LUctR1hibWFjc3RJM1VCOTc4WUFZa3VBMl9fNC03S1JwZmxfUUxWWWR0clZya2JELTh0S2pCVkMyVzJjZ0xMdUdxV1JWdldMMURuYnpzNFlRQ3c5Z2N4REphZTdQcGFTOEQtRTFwSGR1RWZna0Ftb19HODFCYVk?oc=5\" target=\"_blank\" rel=\"noopener\">M\u00e9t\u00e9o France place le Bas-Rhin en vigilance jaune orages : \u00ab\u00a0Une forte activit\u00e9 de foudre\u00a0\u00bb attendue localement<\/a>&nbsp;&nbsp;Actu.fr<\/li>\n<li><a href=\"https:\/\/news.google.com\/rss\/articles\/CBMi-AFBVV95cUxPRFpocWR2NFNNY0lGVEVHTzJkVU9MOU81OXoyaEZCWHZqc2lPRTEwZG5oZHZHbExsVzEzRWM0bFJ4WFJ5amRoeHN2bUgzdWVTeDV1WXFPaXBlZ2JyWmFsMHJLTU5CbS1aa1hleVgtSlFjMmN4bGRTbW1nbUlBTHNlaDB5bXhsSWY3UFZWbTYwZ3VsbVNBRGl3Nm5aVlloSmhZZWRNTl9scE5VMG93RVVQb0RlWklzYTBHUnhKVHZaVHdpUzlrTnhqNk5ST2hIc0ZaQ21maHlob3VQbnItYm1oYjhtSC1vQ3NMT2E5TEpHblFwVDNIWllwNA?oc=5\" target=\"_blank\" rel=\"noopener\">Pic de chaleur et orages : la m\u00e9t\u00e9o sera chaotique durant le week-end de l&rsquo;Ascension, l&rsquo;Alsace en vigilance jaune<\/a>&nbsp;&nbsp;France 3 R\u00e9gions<\/li>\n<li><a href=\"https:\/\/news.google.com\/rss\/articles\/CBMipwFBVV95cUxOcnRXSEJHMEJ4anlLdExOSXUydFp0X1FWM3lhTk9WNWoxUGdxSDNmSDFzQl9HZTg2dWV2RjZJUU9zU3NyZlJ1ZnNUdWNPRE5DRTVvMFRGOEthMm1rZUFnWm9IZjRtUUltOXR6eExBcVZmRDdWRjNpckM2NWJBQjQwX19QT0M3cldnbURkaHJXR0hySkFSZFdRd0dqcnhTbWZ2ZE5uZGxTcw?oc=5\" target=\"_blank\" rel=\"noopener\">Il devrait faire tr\u00e8s chaud ce week-end encore dans la r\u00e9gion<\/a>&nbsp;&nbsp;Radio M\u00e9lodie<\/li>\n<\/ol>\n","protected":false},"excerpt":{"rendered":"Alsace. Des trombes d&rsquo;eau sur Valff et sur plusieurs communes du secteur d&rsquo;Obernai&nbsp;&nbsp;DNA Orages en Alsace : arbres&hellip;\n","protected":false},"author":2,"featured_media":143014,"comment_status":"","ping_status":"","sticky":false,"template":"","format":"standard","meta":{"footnotes":""},"categories":[4],"tags":[11,2389,2649,24625,274,107,1011,27,8423,12,25,27101,27100],"class_list":{"0":"post-143013","1":"post","2":"type-post","3":"status-publish","4":"format-standard","5":"has-post-thumbnail","7":"category-france","8":"tag-actualites","9":"tag-alsace","10":"tag-bas-rhin","11":"tag-edition-molsheim-obernai","12":"tag-faits-divers-justice","13":"tag-fil-info","14":"tag-fr","15":"tag-france","16":"tag-meteorologie-climat","17":"tag-news","18":"tag-republique-francaise","19":"tag-secteur-dobernai","20":"tag-valff"},"share_on_mastodon":{"url":"https:\/\/pubeurope.com\/@fr\/114605693645959006","error":""},"_links":{"self":[{"href":"https:\/\/www.europesays.com\/fr\/wp-json\/wp\/v2\/posts\/143013","targetHints":{"allow":["GET"]}}],"collection":[{"href":"https:\/\/www.europesays.com\/fr\/wp-json\/wp\/v2\/posts"}],"about":[{"href":"https:\/\/www.europesays.com\/fr\/wp-json\/wp\/v2\/types\/post"}],"author":[{"embeddable":true,"href":"https:\/\/www.europesays.com\/fr\/wp-json\/wp\/v2\/users\/2"}],"replies":[{"embeddable":true,"href":"https:\/\/www.europesays.com\/fr\/wp-json\/wp\/v2\/comments?post=143013"}],"version-history":[{"count":0,"href":"https:\/\/www.europesays.com\/fr\/wp-json\/wp\/v2\/posts\/143013\/revisions"}],"wp:featuredmedia":[{"embeddable":true,"href":"https:\/\/www.europesays.com\/fr\/wp-json\/wp\/v2\/media\/143014"}],"wp:attachment":[{"href":"https:\/\/www.europesays.com\/fr\/wp-json\/wp\/v2\/media?parent=143013"}],"wp:term":[{"taxonomy":"category","embeddable":true,"href":"https:\/\/www.europesays.com\/fr\/wp-json\/wp\/v2\/categories?post=143013"},{"taxonomy":"post_tag","embeddable":true,"href":"https:\/\/www.europesays.com\/fr\/wp-json\/wp\/v2\/tags?post=143013"}],"curies":[{"name":"wp","href":"https:\/\/api.w.org\/{rel}","templated":true}]}}