{"id":143015,"date":"2025-06-01T02:14:11","date_gmt":"2025-06-01T02:14:11","guid":{"rendered":"https:\/\/www.europesays.com\/fr\/143015\/"},"modified":"2025-06-01T02:14:11","modified_gmt":"2025-06-01T02:14:11","slug":"miss-thailande-suchata-chuangsri-couronnee-miss-martinique-elue-troisieme-dauphine","status":"publish","type":"post","link":"https:\/\/www.europesays.com\/fr\/143015\/","title":{"rendered":"Miss Tha\u00eflande Suchata Chuangsri couronn\u00e9e, Miss Martinique \u00e9lue troisi\u00e8me dauphine"},"content":{"rendered":"<p class=\"article-p mdl\">La couronne n&rsquo;est pas pass\u00e9e loin. Trois fran\u00e7aises \u00e9taient en lice cette ann\u00e9e pour l&rsquo;\u00e9lection de\u00a0Miss Monde 2025, mais c&rsquo;est\u00a0Suchata Chuangsri, Miss Tha\u00eflande qui a remport\u00e9 le concours de beaut\u00e9. Elle succ\u00e8de ainsi \u00e0 la tch\u00e8que Krystyna Pyszkov\u00e1.\u00a0<\/p>\n<p class=\"article-p mdl\">C&rsquo;est Agathe Cauet, ex-Miss Nord-Pas-de-Calais et premi\u00e8re dauphine d&rsquo;Indira Ampiot, Miss France 2023, qui a repr\u00e9sent\u00e9, cette ann\u00e9e, la France. Ang\u00e9lique Angarni-Filopon, Miss France 2025,\u00a0<a class=\"link\" href=\"https:\/\/www.rtl.fr\/culture\/medias-people\/miss-france-2025-pourquoi-angelique-angarni-filopon-sera-interdite-de-miss-monde-7900451657\" title=\"Miss France 2025 : pourquoi Ang\u00e9lique Angarni-Filopon sera interdite de Miss Monde\" target=\"_blank\" rel=\"noopener\">a \u00e9t\u00e9 \u00e9cart\u00e9e en raison de son \u00e2ge<\/a>\u00a0puisque le concours impose <strong>encore une limite d&rsquo;\u00e2ge de 27 ans.\u00a0<\/strong><\/p>\n<p class=\"article-p mdl\">Outre la candidate Agathe Cauet, deux autres fran\u00e7aises ont particip\u00e9 \u00e0 la comp\u00e9tition pour la Guadeloupe et la Martinique. Le concours Miss Monde distingue les participantes selon les continents :\u00a0<a class=\"link\" href=\"https:\/\/www.rtl.fr\/culture\/medias-people\/miss-monde-2025-qui-est-agathe-cauet-qui-representera-la-france-au-concours-de-beaute-7900481867\" title=\"Miss Monde 2025 : qui est Agathe Cauet, qui repr\u00e9sentera la France au concours de beaut\u00e9 ?\" target=\"_blank\" rel=\"noopener\">Agathe Cauet<\/a>\u00a0a donc concouru dans la cat\u00e9gorie Europe, tandis que<strong> les candidates de Guadeloupe et de Martinique <\/strong>ont \u00e9t\u00e9 \u00e9valu\u00e9es dans la cat\u00e9gorie Am\u00e9rique et Cara\u00efbes.<\/p>\n<p class=\"article-p mdl\">C&rsquo;est No\u00e9mie Milne qui a repr\u00e9sent\u00e9 la Guadeloupe et Aur\u00e9lie Joachim, ancienne Miss Martinique 2016, a concouru pour l&rsquo;\u00eele aux fleurs. Cette derni\u00e8re a termin\u00e9 troisi\u00e8me dauphine du concours, derri\u00e8re ses concurrentes polonaise et \u00e9thiopienne. Les deux autres fran\u00e7aises ne sont pas parvenues \u00e0 atteindre le Top 40.<\/p>\n<p>    La r\u00e9daction vous recommande<\/p>\n<p class=\"s-newsletter__title\">\n                L\u2019actualit\u00e9 par la r\u00e9daction de RTL dans votre bo\u00eete mail.\n            <\/p>\n<p class=\"s-newsletter__subtitle\">\n                Gr\u00e2ce \u00e0 votre compte RTL abonnez-vous \u00e0 la newsletter RTL info pour suivre toute l&rsquo;actualit\u00e9 au quotidien\n            <\/p>\n<p>\n                                    Lire la suite\n                                <\/p>\n","protected":false},"excerpt":{"rendered":"La couronne n&rsquo;est pas pass\u00e9e loin. Trois fran\u00e7aises \u00e9taient en lice cette ann\u00e9e pour l&rsquo;\u00e9lection de\u00a0Miss Monde 2025,&hellip;\n","protected":false},"author":2,"featured_media":143016,"comment_status":"","ping_status":"","sticky":false,"template":"","format":"standard","meta":{"footnotes":""},"categories":[2],"tags":[11,2424,903,107,1011,27,6142,20470,3034,27042,12],"class_list":{"0":"post-143015","1":"post","2":"type-post","3":"status-publish","4":"format-standard","5":"has-post-thumbnail","7":"category-actualites","8":"tag-actualites","9":"tag-beaute","10":"tag-concours","11":"tag-fil-info","12":"tag-fr","13":"tag-france","14":"tag-guadeloupe","15":"tag-martinique","16":"tag-miss-france","17":"tag-miss-monde","18":"tag-news"},"share_on_mastodon":{"url":"https:\/\/pubeurope.com\/@fr\/114605697500341366","error":""},"_links":{"self":[{"href":"https:\/\/www.europesays.com\/fr\/wp-json\/wp\/v2\/posts\/143015","targetHints":{"allow":["GET"]}}],"collection":[{"href":"https:\/\/www.europesays.com\/fr\/wp-json\/wp\/v2\/posts"}],"about":[{"href":"https:\/\/www.europesays.com\/fr\/wp-json\/wp\/v2\/types\/post"}],"author":[{"embeddable":true,"href":"https:\/\/www.europesays.com\/fr\/wp-json\/wp\/v2\/users\/2"}],"replies":[{"embeddable":true,"href":"https:\/\/www.europesays.com\/fr\/wp-json\/wp\/v2\/comments?post=143015"}],"version-history":[{"count":0,"href":"https:\/\/www.europesays.com\/fr\/wp-json\/wp\/v2\/posts\/143015\/revisions"}],"wp:featuredmedia":[{"embeddable":true,"href":"https:\/\/www.europesays.com\/fr\/wp-json\/wp\/v2\/media\/143016"}],"wp:attachment":[{"href":"https:\/\/www.europesays.com\/fr\/wp-json\/wp\/v2\/media?parent=143015"}],"wp:term":[{"taxonomy":"category","embeddable":true,"href":"https:\/\/www.europesays.com\/fr\/wp-json\/wp\/v2\/categories?post=143015"},{"taxonomy":"post_tag","embeddable":true,"href":"https:\/\/www.europesays.com\/fr\/wp-json\/wp\/v2\/tags?post=143015"}],"curies":[{"name":"wp","href":"https:\/\/api.w.org\/{rel}","templated":true}]}}