{"id":143029,"date":"2025-06-01T02:27:21","date_gmt":"2025-06-01T02:27:21","guid":{"rendered":"https:\/\/www.europesays.com\/fr\/143029\/"},"modified":"2025-06-01T02:27:21","modified_gmt":"2025-06-01T02:27:21","slug":"grenoble-une-voiture-percute-la-foule-faisant-quatre-blesses","status":"publish","type":"post","link":"https:\/\/www.europesays.com\/fr\/143029\/","title":{"rendered":"Grenoble: une voiture percute la foule faisant quatre bless\u00e9s"},"content":{"rendered":"<p>    <img fetchpriority=\"high\" src=\"https:\/\/www.europesays.com\/fr\/wp-content\/uploads\/2025\/06\/422ac6dc116e31417beec24a8cacf93d90ce4496-89441767.jpg\" width=\"1400\" height=\"1050\" alt=\"\" loading=\"eager\" decoding=\"auto\"\/><\/p>\n<p>            Keystone-SDA        <\/p>\n<p>        Quatre personnes d&rsquo;une m\u00eame famille ont \u00e9t\u00e9 bless\u00e9es, dont deux gri\u00e8vement, samedi soir \u00e0 Grenoble apr\u00e8s qu&rsquo;une voiture a heurt\u00e9 la foule c\u00e9l\u00e9brant la victoire du PSG en Ligue des champions. L&rsquo;acte n&rsquo;\u00e9tait pas intentionnel, selon une source proche du dossier.\n<\/p>\n<p>        Ce contenu a \u00e9t\u00e9 publi\u00e9 sur    <\/p>\n<p>        01 juin 2025 &#8211; 02:31\n<\/p>\n<p> (Keystone-ATS) \u00ab\u00a0Un v\u00e9hicule aurait perdu le contr\u00f4le, heurtant quatre personnes dont deux bless\u00e9es gri\u00e8vement\u00a0\u00bb, a indiqu\u00e9 la pr\u00e9fecture \u00e0 l\u2019AFP. Le conducteur s\u2019est rendu de lui-m\u00eame \u00e0 la police et a \u00e9t\u00e9 plac\u00e9 en garde \u00e0 vue.<\/p>\n<p>Selon une source proche du dossier, l\u2019automobiliste circulait \u00e0 vive allure sur le cours Jean-Jaur\u00e8s, une des art\u00e8res principales de Grenoble, quand il a tent\u00e9 d\u2019effectuer un d\u00e9rapage contr\u00f4l\u00e9, percutant la foule rassembl\u00e9e pour c\u00e9l\u00e9brer la victoire du PSG 5-0 face \u00e0 l\u2019Inter Milan en finale de la Ligue des champions de football.<\/p>\n<p>Le v\u00e9hicule a alors fauch\u00e9 quatre pi\u00e9tons: deux hommes de 17 ans et deux femmes de 23 et 46 ans, membres de la m\u00eame famille, selon la source proche du dossier.<\/p>\n<p>Centaines d\u2019arrestations \u00e0 Paris<\/p>\n<p>A Paris, des incidents ont \u00e9clat\u00e9 sur l\u2019avenue des Champs-Elys\u00e9es et aux abords du parc des Princes, le stade historique du Paris Saint-Germain. A 02h00, au moins 294 personnes avaient \u00e9t\u00e9 interpell\u00e9es, selon un nouveau bilan de la pr\u00e9fecture de police de Paris.<\/p>\n<p>\u00ab\u00a0Des fauteurs de troubles sur les Champs-Elys\u00e9es cherchent l\u2019incident et vont au contact r\u00e9p\u00e9t\u00e9 des agents avec des jets de mortiers d\u2019artifice et divers projectiles\u00a0\u00bb, a comment\u00e9 la pr\u00e9fecture. Un magasin de chaussures de l\u2019avenue a \u00e9t\u00e9 pill\u00e9. Une trentaine de personnes y ont \u00e9t\u00e9 interpell\u00e9es par la police.<\/p>\n<p>Dans un message post\u00e9 sur le r\u00e9seau social X, le ministre fran\u00e7ais de l\u2019int\u00e9rieur Bruno Retailleau s\u2019est insurg\u00e9 \u00ab\u00a0contre des barbares venus dans les rues de Paris pour commettre des d\u00e9lits et provoquer les forces de l\u2019ordre\u00a0\u00bb, tandis que les \u00ab\u00a0vrais supporters du PSG sont en train de s\u2019enthousiasmer devant le magnifique match de leur \u00e9quipe\u00a0\u00bb.<\/p>\n<p>5400 policiers et gendarmes sont mobilis\u00e9s \u00e0 Paris et son agglom\u00e9ration.<\/p>\n<p>Satur\u00e9s d\u2019appels, les sapeurs-pompiers de Paris ont tent\u00e9 sur X de canaliser les demandes: \u00ab\u00a0En raison des \u00e9v\u00e9nements qui touchent actuellement Paris, nous recevons un grand nombre d\u2019appels. Si votre appel ne rev\u00eat pas de caract\u00e8re d\u2019urgence, nous vous invitons \u00e0 lib\u00e9rer imm\u00e9diatement la ligne d\u2019appel d\u2019urgence\u00a0\u00bb.<\/p>\n","protected":false},"excerpt":{"rendered":"Keystone-SDA Quatre personnes d&rsquo;une m\u00eame famille ont \u00e9t\u00e9 bless\u00e9es, dont deux gri\u00e8vement, samedi soir \u00e0 Grenoble apr\u00e8s qu&rsquo;une&hellip;\n","protected":false},"author":2,"featured_media":143030,"comment_status":"","ping_status":"","sticky":false,"template":"","format":"standard","meta":{"footnotes":""},"categories":[9566],"tags":[1111,11,2430,1777,674,1011,27,2731,12,25,4384],"class_list":{"0":"post-143029","1":"post","2":"type-post","3":"status-publish","4":"format-standard","5":"has-post-thumbnail","7":"category-grenoble","8":"tag-actu","9":"tag-actualites","10":"tag-auvergne-rhone-alpes","11":"tag-eu","12":"tag-europe","13":"tag-fr","14":"tag-france","15":"tag-grenoble","16":"tag-news","17":"tag-republique-francaise","18":"tag-ticker"},"share_on_mastodon":{"url":"https:\/\/pubeurope.com\/@fr\/114605748660164025","error":""},"_links":{"self":[{"href":"https:\/\/www.europesays.com\/fr\/wp-json\/wp\/v2\/posts\/143029","targetHints":{"allow":["GET"]}}],"collection":[{"href":"https:\/\/www.europesays.com\/fr\/wp-json\/wp\/v2\/posts"}],"about":[{"href":"https:\/\/www.europesays.com\/fr\/wp-json\/wp\/v2\/types\/post"}],"author":[{"embeddable":true,"href":"https:\/\/www.europesays.com\/fr\/wp-json\/wp\/v2\/users\/2"}],"replies":[{"embeddable":true,"href":"https:\/\/www.europesays.com\/fr\/wp-json\/wp\/v2\/comments?post=143029"}],"version-history":[{"count":0,"href":"https:\/\/www.europesays.com\/fr\/wp-json\/wp\/v2\/posts\/143029\/revisions"}],"wp:featuredmedia":[{"embeddable":true,"href":"https:\/\/www.europesays.com\/fr\/wp-json\/wp\/v2\/media\/143030"}],"wp:attachment":[{"href":"https:\/\/www.europesays.com\/fr\/wp-json\/wp\/v2\/media?parent=143029"}],"wp:term":[{"taxonomy":"category","embeddable":true,"href":"https:\/\/www.europesays.com\/fr\/wp-json\/wp\/v2\/categories?post=143029"},{"taxonomy":"post_tag","embeddable":true,"href":"https:\/\/www.europesays.com\/fr\/wp-json\/wp\/v2\/tags?post=143029"}],"curies":[{"name":"wp","href":"https:\/\/api.w.org\/{rel}","templated":true}]}}