{"id":14303,"date":"2025-04-10T06:10:13","date_gmt":"2025-04-10T06:10:13","guid":{"rendered":"https:\/\/www.europesays.com\/fr\/14303\/"},"modified":"2025-04-10T06:10:13","modified_gmt":"2025-04-10T06:10:13","slug":"phil-spencer-veut-vraiment-que-vous-compreniez-que-xbox-va-sortir-une-console-portable","status":"publish","type":"post","link":"https:\/\/www.europesays.com\/fr\/14303\/","title":{"rendered":"Phil Spencer veut vraiment que vous compreniez que Xbox va sortir une console portable"},"content":{"rendered":"<p>Phil Spencer a l\u2019air tr\u00e8s enthousiaste vis-\u00e0-vis du prochain appareil de son entreprise. La console portable Xbox est dans les starting-blocks, et devrait arriver tr\u00e8s prochainement.<\/p>\n<p><a href=\"https:\/\/images.frandroid.com\/wp-content\/uploads\/2025\/03\/console-portable-xbox-1200x675-1.jpg\" target=\"_blank\" class=\"article-content__figure\" rel=\"noopener\"><img fetchpriority=\"high\" decoding=\"async\" loading=\"eager\" width=\"1200\" height=\"675\" src=\"https:\/\/www.europesays.com\/fr\/wp-content\/uploads\/2025\/04\/console-portable-xbox-1200x675-1.jpg\" alt=\"\" class=\"wp-image-2537199 wp-image wp-image\"  \/><\/a>Illustration Frandroid<\/p>\n<p>Le patron de Xbox, Phil Spencer, a lev\u00e9 un coin du voile sur les projets portables de Microsoft lors d\u2019une interview avec iJustine. \u00ab Nous avons \u00e9voqu\u00e9 des <a href=\"https:\/\/www.frandroid.com\/guide-dachat\/guides-dachat-gaming\/1705105_quelles-sont-les-meilleures-consoles-portables-notre-selection\" target=\"_blank\" rel=\"noopener\">consoles portables<\/a>, et je suis tr\u00e8s excit\u00e9 \u00bb, a-t-il d\u00e9clar\u00e9, martelant sa vision : <strong>mettre le joueur au centre, peu importe l\u2019appareil. <\/strong>Une annonce qui confirme les rumeurs <a href=\"https:\/\/www.frandroid.com\/marques\/asus\/2565223_asus-tease-lannonce-dune-console-xbox\" target=\"_blank\" rel=\"noopener\">d\u2019une console nomade en collaboration avec ASUS, pr\u00e9vue pour 2025.<\/a><\/p>\n<p>Selon Spencer, l\u2019objectif est de permettre aux joueurs d\u2019acc\u00e9der \u00e0 leur biblioth\u00e8que, sauvegardes et achats n\u2019importe o\u00f9. Un discours qui s\u2019appuie sur le cloud gaming (d\u00e9j\u00e0 utilis\u00e9 pour des \u00ab dizaines de millions d\u2019heures \u00bb mensuelles) et le <a href=\"https:\/\/www.frandroid.com\/produits-android\/console\/console-de-jeux\/2542579_998-999-1000-lecosysteme-xbox-vient-de-franchir-une-etape-importante-sur-console-et-pc\" target=\"_blank\" rel=\"noopener\">programme Xbox Play Anywhere, offrant des versions PC gratuites pour 1 100 jeux.<\/a><\/p>\n<p>Project Kennan : une console portable sign\u00e9e ASUS en 2025<\/p>\n<p>Sous le nom de code Project Kennan, cette console serait d\u00e9velopp\u00e9e avec ASUS, comme le sugg\u00e8rent <a href=\"https:\/\/www.frandroid.com\/marques\/microsoft\/2537167_surprise-xbox-prepare-une-nouvelle-console-des-cette-annee-pour-repondre-a-la-nintendo-switch-2\" target=\"_blank\" rel=\"noopener\">des teasers r\u00e9cents des deux entreprises<\/a>. Bien qu\u2019elle ne puisse pas ex\u00e9cuter nativement tous les jeux Xbox,<strong> elle miserait sur le cloud et les titres compatibles PC. <\/strong>Objectif : concurrencer la <a href=\"https:\/\/www.frandroid.com\/marques\/nintendo\/1789603_nintendo-switch-2-sortie-prix-ecran-manettes-jeux-tout-ce-quil-faut-savoir\" target=\"_blank\" rel=\"noopener\">Switch 2<\/a> de Nintendo, dont la sortie r\u00e9cente a sem\u00e9 la controverse.<\/p>\n<p>Mais Microsoft ne s\u2019arr\u00eate pas l\u00e0. Une console portable \u00ab maison \u00bb serait en d\u00e9veloppement pour 2027, accompagnant la prochaine g\u00e9n\u00e9ration de consoles Xbox. Jason Ronald, vice-pr\u00e9sident de Xbox, \u00e9voque <strong>un hybride entre Xbox et Windows<\/strong>, de quoi faire saliver les fans de gaming nomade qui sont pr\u00e9sents sur les deux plateformes.<\/p>\n<p>Reste \u00e0 voir si ASUS et Microsoft surferont sur la vague portable mieux que le <a href=\"https:\/\/www.frandroid.com\/produits\/consoles\/valve\/1851795-valve-steam-deck-oled\" target=\"_blank\" rel=\"noopener\">Steam Deck<\/a>. On attend aussi de voir \u00e0 quel prix serait lanc\u00e9 un tel appareil, parce que pour rappel, les g\u00e9ants du secteur tirent les prix vers le haut depuis maintenant quelques ann\u00e9es. R\u00e9cemment, c\u2019est <a href=\"https:\/\/www.frandroid.com\/marques\/nintendo\/2568097_voici-les-prix-de-la-nintendo-switch-2-en-france-un-positionnement-premium\" target=\"_blank\" rel=\"noopener\">la Switch 2 qui a beaucoup surpris \u00e0 cause de son tarif tr\u00e8s \u00e9lev\u00e9<\/a>.<\/p>\n","protected":false},"excerpt":{"rendered":"Phil Spencer a l\u2019air tr\u00e8s enthousiaste vis-\u00e0-vis du prochain appareil de son entreprise. La console portable Xbox est&hellip;\n","protected":false},"author":2,"featured_media":14304,"comment_status":"","ping_status":"","sticky":false,"template":"","format":"standard","meta":{"footnotes":""},"categories":[7],"tags":[1011,27,43,40,41,39,42,44,1027],"class_list":{"0":"post-14303","1":"post","2":"type-post","3":"status-publish","4":"format-standard","5":"has-post-thumbnail","7":"category-sciences-et-technologies","8":"tag-fr","9":"tag-france","10":"tag-science","11":"tag-science-and-technology","12":"tag-sciences","13":"tag-sciences-et-technologies","14":"tag-technologies","15":"tag-technology","16":"tag-xbox"},"share_on_mastodon":{"url":"https:\/\/pubeurope.com\/@fr\/114312185339220091","error":""},"_links":{"self":[{"href":"https:\/\/www.europesays.com\/fr\/wp-json\/wp\/v2\/posts\/14303","targetHints":{"allow":["GET"]}}],"collection":[{"href":"https:\/\/www.europesays.com\/fr\/wp-json\/wp\/v2\/posts"}],"about":[{"href":"https:\/\/www.europesays.com\/fr\/wp-json\/wp\/v2\/types\/post"}],"author":[{"embeddable":true,"href":"https:\/\/www.europesays.com\/fr\/wp-json\/wp\/v2\/users\/2"}],"replies":[{"embeddable":true,"href":"https:\/\/www.europesays.com\/fr\/wp-json\/wp\/v2\/comments?post=14303"}],"version-history":[{"count":0,"href":"https:\/\/www.europesays.com\/fr\/wp-json\/wp\/v2\/posts\/14303\/revisions"}],"wp:featuredmedia":[{"embeddable":true,"href":"https:\/\/www.europesays.com\/fr\/wp-json\/wp\/v2\/media\/14304"}],"wp:attachment":[{"href":"https:\/\/www.europesays.com\/fr\/wp-json\/wp\/v2\/media?parent=14303"}],"wp:term":[{"taxonomy":"category","embeddable":true,"href":"https:\/\/www.europesays.com\/fr\/wp-json\/wp\/v2\/categories?post=14303"},{"taxonomy":"post_tag","embeddable":true,"href":"https:\/\/www.europesays.com\/fr\/wp-json\/wp\/v2\/tags?post=14303"}],"curies":[{"name":"wp","href":"https:\/\/api.w.org\/{rel}","templated":true}]}}