{"id":143034,"date":"2025-06-01T02:31:15","date_gmt":"2025-06-01T02:31:15","guid":{"rendered":"https:\/\/www.europesays.com\/fr\/143034\/"},"modified":"2025-06-01T02:31:15","modified_gmt":"2025-06-01T02:31:15","slug":"neuf-parlementaires-alsaciens-alertent-sur-leffondrement-prochain-de-stocamine","status":"publish","type":"post","link":"https:\/\/www.europesays.com\/fr\/143034\/","title":{"rendered":"Neuf parlementaires alsaciens alertent sur l\u2019effondrement prochain de Stocamine"},"content":{"rendered":"<p class=\"wp-block-post-excerpt__excerpt\">\u00c0 l\u2019initiative de la s\u00e9natrice du Haut-Rhin Sabine Drexler, neuf parlementaires alsaciens demandent au gouvernement de revoir sa position sur le futur de Stocamine. Elles et ils demandent que soit abandonn\u00e9s les travaux de confinement d\u00e9finitif et que les acc\u00e8s \u00e0 la mine soient restaur\u00e9s d\u2019urgence. <\/p>\n<p class=\"font-sans\">\n\t\t\tCet article est en acc\u00e8s libre. Pour soutenir Rue89 Strasbourg,<br \/>\n\t\t\t<a class=\"underline\" href=\"https:\/\/www.rue89strasbourg.com\/abonnement\" target=\"_blank\" rel=\"noopener\">abonnez-vous<\/a>.\n\t\t<\/p>\n<p>Pierre France<\/p>\n<p>Publi\u00e9 le 31 mai 2025\u00a0\u00a0\u00b7\u00a0\u00a0<\/p>\n<p>Imprim\u00e9 le 1er juin 2025 \u00e0 04h06\u00a0\u00a0\u00b7\u00a0\u00a0<\/p>\n<p>\t\t\t\t\t2\u00a0minutes\n<\/p>\n<p>Vendredi 28 mai, la s\u00e9natrice (Les R\u00e9publicains) du Haut-Rhin, Sabine Drexler, a \u00e9crit aux d\u00e9put\u00e9s et aux s\u00e9nateurs alsaciens pour leur proposer de s\u2019associer \u00e0 une lettre ouverte envoy\u00e9e au gouvernement. Dans son message, elle indique que \u00ab\u00a0de nouveaux \u00e9l\u00e9ments remettent en cause toutes les certitudes pass\u00e9es dans le dossier de Stocamine et il est aujourd\u2019hui av\u00e9r\u00e9 que les deux \u00e9tudes cl\u00e9s pr\u00e9sent\u00e9es en 2023, donc apr\u00e8s la fin de l\u2019enqu\u00eate publique et qui ont fond\u00e9 les choix politiques de confinement, sont erron\u00e9es car elles ne tiennent pas compte de l\u2019\u00e9tat de corrosion r\u00e9el des cuvelages\u00a0\u00bb.<\/p>\n<p>Ces \u00e9l\u00e9ments, <a href=\"https:\/\/www.rue89strasbourg.com\/stocamine-erreurs-graves-etudes-nappe-phreatique-333169\" target=\"_blank\" rel=\"noreferrer noopener\">r\u00e9v\u00e9l\u00e9s par Rue89 Strasbourg en mars<\/a>, remettent en cause le narratif du gouvernement selon lequel les infiltrations seront minimes dans la mine, remplies de 42\u00a0000 tonnes de d\u00e9chets toxiques, mais qu\u2019au contraire, ses puits sont proches de s\u2019effondrer, provoquant une inondation et donc une pollution tr\u00e8s importante de la nappe phr\u00e9atique. <\/p>\n<p>\u00ab\u00a0Alors que l\u2019eau s\u2019infiltre d\u00e9j\u00e0 dans l\u2019ancienne mine de potasse, indique le texte cosign\u00e9 par les neuf parlementaires alsaciens, on connait aujourd\u2019hui et depuis 2023 seulement, l\u2019\u00e9tat de corrosion tr\u00e8s d\u00e9grad\u00e9 des cuvelages en fonte des 15 puits connect\u00e9s \u00e0 la mine. Avec pour certains seulement 20 millim\u00e8tres (mm) d\u2019\u00e9paisseur contre 45 mm \u00e0 l\u2019origine, plusieurs d\u2019entre eux sont au bord de la rupture et quand le premier rompra, cela provoquera rapidement un ennoiement total du site\u00a0\u00bb.<\/p>\n<p><a href=\"https:\/\/www.rue89strasbourg.com\/abonnement\" target=\"_blank\" rel=\"noopener\"><img loading=\"lazy\" decoding=\"async\" width=\"970\" height=\"250\" src=\"https:\/\/www.europesays.com\/fr\/wp-content\/uploads\/2025\/05\/bannie\u0300re-autopromo-2025-desktop-1.gif\" alt=\"\" class=\"wp-image-343590\" style=\"width:792px\"\/><\/a><\/p>\n<p><a href=\"https:\/\/www.rue89strasbourg.com\/abonnement\" target=\"_blank\" rel=\"noopener\"><img loading=\"lazy\" decoding=\"async\" width=\"300\" height=\"300\" src=\"https:\/\/www.europesays.com\/fr\/wp-content\/uploads\/2025\/05\/bannieres@2x.png\" alt=\"\" class=\"wp-image-341656\"  \/><\/a><\/p>\n<p>Appel urgent au gouvernement<\/p>\n<p>Sabine Drexler relate \u00e9galement d\u2019autres \u00e9l\u00e9ments techniques inqui\u00e9tants, et notamment des oublis dans les \u00e9tudes pr\u00e9c\u00e9dentes, qui sous-estiment les capacit\u00e9s d\u2019isolation des m\u00e9thodes employ\u00e9es \u00e0 l\u2019\u00e9poque des derniers travaux. <\/p>\n<p>Le communiqu\u00e9 se conclut par un appel au gouvernement \u00e0 revoir \u00ab\u00a0les d\u00e9cisions politiques \u00e0 la lumi\u00e8re de ces nouveaux \u00e9l\u00e9ments et de ce risque d\u00e9sormais certain d\u2019une inondation rapide de la mine qui provoquera une pollution irr\u00e9versible de la nappe phr\u00e9atique avec des impacts environnementaux et sanitaires dramatiques\u00a0\u00bb. Les cosignataires demandent \u00ab\u00a0l\u2019arr\u00eat des travaux de confinement, la remise en \u00e9tat du cuvelage du puits Joseph et le d\u00e9marrage imm\u00e9diat des travaux de d\u00e9stockage\u00a0\u00bb.<\/p>\n<p>Outre Sabine Drexler, d\u2019autres s\u00e9nateurs de droite ou du centre ont sign\u00e9 le communiqu\u00e9, comme Claude Kern (UDI), Christian Klinger (LR), Laurence Muller-Bronn (LR), Andr\u00e9 Reichardt (LR) et un d\u00e9put\u00e9 du centre, Hubert Ott (Modem). Parmi les parlementaires de gauche, tous l\u2019ont sign\u00e9 \u2013 le s\u00e9nateur Jacques Fernique (Les \u00c9cologistes), les d\u00e9put\u00e9s Sandra Regol (Les \u00c9cologistes) et Emmanuel Fernandes (LFI) \u2013 sauf Thierry Sother (PS). <\/p>\n<p>Aller <strong>plus loin<\/strong><\/p>\n","protected":false},"excerpt":{"rendered":"\u00c0 l\u2019initiative de la s\u00e9natrice du Haut-Rhin Sabine Drexler, neuf parlementaires alsaciens demandent au gouvernement de revoir sa&hellip;\n","protected":false},"author":2,"featured_media":143035,"comment_status":"","ping_status":"","sticky":false,"template":"","format":"standard","meta":{"footnotes":""},"categories":[2820],"tags":[1111,11,1777,674,1011,27,775,12,25,1004,22064,640],"class_list":{"0":"post-143034","1":"post","2":"type-post","3":"status-publish","4":"format-standard","5":"has-post-thumbnail","7":"category-strasbourg","8":"tag-actu","9":"tag-actualites","10":"tag-eu","11":"tag-europe","12":"tag-fr","13":"tag-france","14":"tag-grand-est","15":"tag-news","16":"tag-republique-francaise","17":"tag-senat","18":"tag-stocamine","19":"tag-strasbourg"},"share_on_mastodon":{"url":"https:\/\/pubeurope.com\/@fr\/114605764642784374","error":""},"_links":{"self":[{"href":"https:\/\/www.europesays.com\/fr\/wp-json\/wp\/v2\/posts\/143034","targetHints":{"allow":["GET"]}}],"collection":[{"href":"https:\/\/www.europesays.com\/fr\/wp-json\/wp\/v2\/posts"}],"about":[{"href":"https:\/\/www.europesays.com\/fr\/wp-json\/wp\/v2\/types\/post"}],"author":[{"embeddable":true,"href":"https:\/\/www.europesays.com\/fr\/wp-json\/wp\/v2\/users\/2"}],"replies":[{"embeddable":true,"href":"https:\/\/www.europesays.com\/fr\/wp-json\/wp\/v2\/comments?post=143034"}],"version-history":[{"count":0,"href":"https:\/\/www.europesays.com\/fr\/wp-json\/wp\/v2\/posts\/143034\/revisions"}],"wp:featuredmedia":[{"embeddable":true,"href":"https:\/\/www.europesays.com\/fr\/wp-json\/wp\/v2\/media\/143035"}],"wp:attachment":[{"href":"https:\/\/www.europesays.com\/fr\/wp-json\/wp\/v2\/media?parent=143034"}],"wp:term":[{"taxonomy":"category","embeddable":true,"href":"https:\/\/www.europesays.com\/fr\/wp-json\/wp\/v2\/categories?post=143034"},{"taxonomy":"post_tag","embeddable":true,"href":"https:\/\/www.europesays.com\/fr\/wp-json\/wp\/v2\/tags?post=143034"}],"curies":[{"name":"wp","href":"https:\/\/api.w.org\/{rel}","templated":true}]}}