{"id":143038,"date":"2025-06-01T02:33:14","date_gmt":"2025-06-01T02:33:14","guid":{"rendered":"https:\/\/www.europesays.com\/fr\/143038\/"},"modified":"2025-06-01T02:33:14","modified_gmt":"2025-06-01T02:33:14","slug":"on-nest-pas-tres-beaux-mais-on-est-costauds-les-joueurs-du-nice-futsal-club-montent-en-d1","status":"publish","type":"post","link":"https:\/\/www.europesays.com\/fr\/143038\/","title":{"rendered":"\u00ab\u00a0On n\u2019est pas tr\u00e8s beaux mais on est costauds\u00a0\u00bb, les joueurs du Nice Futsal Club montent en D1"},"content":{"rendered":"<p>il fallait s\u2019extraire de la fournaise. Rester lucide sur le parquet d\u2019une halle Charles-Ehrmann transform\u00e9e en \u00e9tuve par le mercure venu frapper sur les parois. Habituel antre des handballeuses ni\u00e7oises, la salle a ouvert ses portes \u00e0 de nouveaux h\u00f4tes, hier apr\u00e8s-midi. Il \u00e9tait toujours question de ballon, mais cette fois-ci mani\u00e9 avec les pieds. Et de sommet, aussi, \u00e9pilogue d\u2019un exercice qu\u2019ils n\u2019imaginaient pas si brillant. \u00ab\u00a0On s&rsquo;attendait \u00e0 une saison difficile\u00a0\u00bb, admettait hier Elyesse Ben Salem, la voix fatigu\u00e9e par l\u2019encha\u00eenement des consignes. \u00c0 l\u2019origine de la cr\u00e9ation du Nice Futsal Club en 2008, l\u2019actuel coach adjoint pouvait savourer et ses joueurs avec. Ils n\u2019avaient besoin que d\u2019un match nul face \u00e0 Orl\u00e9ans pour poin\u00e7onner leur ticket direction l\u2019\u00e9lite. Solides et particuli\u00e8rement concentr\u00e9s, les Ni\u00e7ois ont fait le job face \u00e0 des visiteurs trop brouillons (victoire 3-1, buts de Briki, Francisco Pereira dit \u2018\u2018Chico\u2019\u2019 et Chared). Un succ\u00e8s qui a mis du temps \u00e0 se dessiner, m\u00eame s\u2019ils menaient d\u00e9j\u00e0 \u00e0 mi-parcours (1-0) et n\u2019ont pas bronch\u00e9 malgr\u00e9 les deux montants trouv\u00e9s par Orl\u00e9ans puis la r\u00e9duction de l\u2019\u00e9cart en fin de match (2-0, 22\u2019; 2-1, 37\u2019).<\/p>\n<p>Du travail bien fait devant une assistance garnie pour ce jour historique. \u00ab\u00a0On s&rsquo;attendait \u00e0 jouer le maintien, reprend Elyesse Ben Salem. On a commenc\u00e9 un peu difficilement et petit \u00e0 petit on est mont\u00e9 en puissance Sans \u00eatre flamboyant, un peu \u00e0 l&rsquo;image du match d&rsquo;aujourd&rsquo;hui: on n&rsquo;est pas tr\u00e8s beaux mais on est costauds.\u00a0\u00bb Qu\u2019importe le flacon, pourvu qu\u2019on ait l\u2019accession. Le petit promu a tout d\u00e9gag\u00e9 sur son passage pour se frayer un chemin jusqu\u2019\u00e0 la D1. \u00ab\u00a0L\u2019ann\u00e9e derni\u00e8re, on est mont\u00e9 apr\u00e8s avoir gagn\u00e9 les barrages mais il y a eu une r\u00e9clamation d&rsquo;un club, rembobine l\u2019entra\u00eeneur adjoint. On a \u00e9t\u00e9 donn\u00e9 perdant puis r\u00e9trograd\u00e9, c\u2019\u00e9tait un truc de fou! On a d\u00fb faire appel et aller au tribunal administratif. On a eu le r\u00e9sultat qu&rsquo;une semaine avant le d\u00e9but du championnat en octobre: on a \u00e9t\u00e9 donn\u00e9 gagnant et on est mont\u00e9.\u00a0\u00bb<\/p>\n<p>Plus de soutien pour grandir?<\/p>\n<p>Hier, l\u2019issue a \u00e9t\u00e9 identique m\u00eame si le suspense n\u2019\u00e9tait pas le m\u00eame. Mass\u00e9s en tribunes, amis et familles ont pu rejoindre les hommes en noir pour s\u2019\u00e9gosiller et festoyer. Un promu qui monte directement, \u00e7a n\u2019arrive pas tous les ans et l\u2019\u00e9lite sera donc le nouveau terrain de jeu d\u2019une formation qui devra se muscler encore un peu. \u00ab\u00a0Quand tu montes en D1 tu re\u00e7ois beaucoup de demandes [de joueurs]. a a d\u00e9j\u00e0 commenc\u00e9. \u00c0 nous de filtrer, de faire les bons choix. Si on veut faire bonne figure dans un championnat, il faut recruter au-dessus.\u00a0\u00bb<\/p>\n<p>Tout en gardant une ossature locale, histoire de ne pas oublier d\u2019o\u00f9 vient le club et qui l\u2019a men\u00e9 jusqu\u2019ici. \u00ab\u00a0On a des mecs de Nice, Cannes, Monaco, trois Br\u00e9siliens\u2026 Il y a encore quelques locaux, mais plus beaucoup (rire).\u00a0\u00bb Dont le capitaine, Mehdi Ben Salem, petit fr\u00e8re d\u2019Elyesse et garant de l\u2019identit\u00e9. \u00ab\u00a0Il est l\u00e0 depuis la cr\u00e9ation, c&rsquo;est l&rsquo;homme incontournable de notre \u00e9quipe. C&rsquo;est un bagarreur, il ne l\u00e2che rien.\u00a0\u00bb<\/p>\n<p>Comme toute cette bande, qui a quelques mois pour pr\u00e9parer la suite. En esp\u00e9rant des coups de main venus de l\u2019ext\u00e9rieur. \u00ab\u00a0Il y a un monde entre la D2 et la D1, conclut le dirigeant. On esp\u00e8re pouvoir jouir de cette salle la saison prochaine. C\u2019\u00e9tait la premi\u00e8re fois qu\u2019on y venait, d\u2019habitude on joue au gymnase Maurice Jaubert mais on n&rsquo;a pas de parking. On n&rsquo;a pas encore de subvention non plus. On tourne gr\u00e2ce au m\u00e9c\u00e9nat et au sponsoring. On esp\u00e8re que \u00e7a viendra\u2026\u00a0\u00bb<\/p>\n<p>              <img ci-src=\"https:\/\/www.nicematin.com\/futsal\/protec\/DATA_ART_15631641-OvUGu0KO.jpg?vh=e9113f&amp;ci_seal=b129c8d2b6\" alt=\"\"\/><br \/>\n         <strong>Photo Vincent Blondel.<\/strong> <\/p>\n","protected":false},"excerpt":{"rendered":"il fallait s\u2019extraire de la fournaise. Rester lucide sur le parquet d\u2019une halle Charles-Ehrmann transform\u00e9e en \u00e9tuve par&hellip;\n","protected":false},"author":2,"featured_media":143039,"comment_status":"","ping_status":"","sticky":false,"template":"","format":"standard","meta":{"footnotes":""},"categories":[2819],"tags":[1111,11,1777,674,1011,27,24912,12,2401,882,25,60],"class_list":{"0":"post-143038","1":"post","2":"type-post","3":"status-publish","4":"format-standard","5":"has-post-thumbnail","7":"category-nice","8":"tag-actu","9":"tag-actualites","10":"tag-eu","11":"tag-europe","12":"tag-fr","13":"tag-france","14":"tag-futsal","15":"tag-news","16":"tag-nice","17":"tag-provence-alpes-cote-dazur","18":"tag-republique-francaise","19":"tag-sports"},"share_on_mastodon":{"url":"https:\/\/pubeurope.com\/@fr\/114605772161581508","error":""},"_links":{"self":[{"href":"https:\/\/www.europesays.com\/fr\/wp-json\/wp\/v2\/posts\/143038","targetHints":{"allow":["GET"]}}],"collection":[{"href":"https:\/\/www.europesays.com\/fr\/wp-json\/wp\/v2\/posts"}],"about":[{"href":"https:\/\/www.europesays.com\/fr\/wp-json\/wp\/v2\/types\/post"}],"author":[{"embeddable":true,"href":"https:\/\/www.europesays.com\/fr\/wp-json\/wp\/v2\/users\/2"}],"replies":[{"embeddable":true,"href":"https:\/\/www.europesays.com\/fr\/wp-json\/wp\/v2\/comments?post=143038"}],"version-history":[{"count":0,"href":"https:\/\/www.europesays.com\/fr\/wp-json\/wp\/v2\/posts\/143038\/revisions"}],"wp:featuredmedia":[{"embeddable":true,"href":"https:\/\/www.europesays.com\/fr\/wp-json\/wp\/v2\/media\/143039"}],"wp:attachment":[{"href":"https:\/\/www.europesays.com\/fr\/wp-json\/wp\/v2\/media?parent=143038"}],"wp:term":[{"taxonomy":"category","embeddable":true,"href":"https:\/\/www.europesays.com\/fr\/wp-json\/wp\/v2\/categories?post=143038"},{"taxonomy":"post_tag","embeddable":true,"href":"https:\/\/www.europesays.com\/fr\/wp-json\/wp\/v2\/tags?post=143038"}],"curies":[{"name":"wp","href":"https:\/\/api.w.org\/{rel}","templated":true}]}}