{"id":143040,"date":"2025-06-01T02:35:30","date_gmt":"2025-06-01T02:35:30","guid":{"rendered":"https:\/\/www.europesays.com\/fr\/143040\/"},"modified":"2025-06-01T02:35:30","modified_gmt":"2025-06-01T02:35:30","slug":"tentatives-denlevements-a-paris-et-nantes-une-organisation-violente-et-structuree-mise-a-jour","status":"publish","type":"post","link":"https:\/\/www.europesays.com\/fr\/143040\/","title":{"rendered":"Tentatives d\u2019enl\u00e8vements \u00e0 Paris et Nantes : une organisation violente et structur\u00e9e mise \u00e0 jour"},"content":{"rendered":"<p>CRYPTOS ET CRIMES<\/p>\n<p>En ciblant des familles li\u00e9es au secteur des cryptomonnaies, un r\u00e9seau criminel ultra-cloisonn\u00e9, compos\u00e9 de jeunes recrut\u00e9s sur messageries chiffr\u00e9es, a tent\u00e9 au moins deux enl\u00e8vements en plein jour. L\u2019intervention rapide de la BRB (Brigade de r\u00e9pression du banditisme) a permis d\u2019\u00e9viter le pire, mais l\u2019enqu\u00eate ne fait que commencer : les commanditaires, eux, courent toujours.<\/p>\n","protected":false},"excerpt":{"rendered":"CRYPTOS ET CRIMES En ciblant des familles li\u00e9es au secteur des cryptomonnaies, un r\u00e9seau criminel ultra-cloisonn\u00e9, compos\u00e9 de&hellip;\n","protected":false},"author":2,"featured_media":143041,"comment_status":"","ping_status":"","sticky":false,"template":"","format":"standard","meta":{"footnotes":""},"categories":[2818],"tags":[1111,11,27105,5392,27104,1777,674,1011,27,766,12,2636,25,27106],"class_list":{"0":"post-143040","1":"post","2":"type-post","3":"status-publish","4":"format-standard","5":"has-post-thumbnail","7":"category-nantes","8":"tag-actu","9":"tag-actualites","10":"tag-criminalite-organisee","11":"tag-cryptomonnaies","12":"tag-cryptos","13":"tag-eu","14":"tag-europe","15":"tag-fr","16":"tag-france","17":"tag-nantes","18":"tag-news","19":"tag-pays-de-la-loire","20":"tag-republique-francaise","21":"tag-tentative-d"},"share_on_mastodon":{"url":"https:\/\/pubeurope.com\/@fr\/114605780011920180","error":""},"_links":{"self":[{"href":"https:\/\/www.europesays.com\/fr\/wp-json\/wp\/v2\/posts\/143040","targetHints":{"allow":["GET"]}}],"collection":[{"href":"https:\/\/www.europesays.com\/fr\/wp-json\/wp\/v2\/posts"}],"about":[{"href":"https:\/\/www.europesays.com\/fr\/wp-json\/wp\/v2\/types\/post"}],"author":[{"embeddable":true,"href":"https:\/\/www.europesays.com\/fr\/wp-json\/wp\/v2\/users\/2"}],"replies":[{"embeddable":true,"href":"https:\/\/www.europesays.com\/fr\/wp-json\/wp\/v2\/comments?post=143040"}],"version-history":[{"count":0,"href":"https:\/\/www.europesays.com\/fr\/wp-json\/wp\/v2\/posts\/143040\/revisions"}],"wp:featuredmedia":[{"embeddable":true,"href":"https:\/\/www.europesays.com\/fr\/wp-json\/wp\/v2\/media\/143041"}],"wp:attachment":[{"href":"https:\/\/www.europesays.com\/fr\/wp-json\/wp\/v2\/media?parent=143040"}],"wp:term":[{"taxonomy":"category","embeddable":true,"href":"https:\/\/www.europesays.com\/fr\/wp-json\/wp\/v2\/categories?post=143040"},{"taxonomy":"post_tag","embeddable":true,"href":"https:\/\/www.europesays.com\/fr\/wp-json\/wp\/v2\/tags?post=143040"}],"curies":[{"name":"wp","href":"https:\/\/api.w.org\/{rel}","templated":true}]}}