{"id":14305,"date":"2025-04-10T06:13:12","date_gmt":"2025-04-10T06:13:12","guid":{"rendered":"https:\/\/www.europesays.com\/fr\/14305\/"},"modified":"2025-04-10T06:13:12","modified_gmt":"2025-04-10T06:13:12","slug":"lincendie-revendique-la-piste-criminelle-se-precise","status":"publish","type":"post","link":"https:\/\/www.europesays.com\/fr\/14305\/","title":{"rendered":"l&rsquo;incendie revendiqu\u00e9, la piste criminelle se pr\u00e9cise"},"content":{"rendered":"<p>            Par<br \/>\n        <strong><br \/>\n            <a href=\"https:\/\/actu.fr\/auteur\/guillaume-laurens\" title=\"Consulter tous les articles de Guillaume Laurens\" target=\"_blank\" rel=\"noopener\">Guillaume Laurens<\/a><br \/>\n        <\/strong><\/p>\n<p>        Publi\u00e9 le<\/p>\n<p>            8 avr. 2025 \u00e0 11h13        <\/p>\n<p>Les choses s\u2019\u00e9claircissent, quelques heures \u00e0 peine apr\u00e8s <a href=\"https:\/\/actu.fr\/occitanie\/montrabe_31389\/un-incendie-ravage-ce-mcdonald-s-dont-l-arrivee-est-decriee-pres-de-toulouse_62479842.html\" target=\"_blank\" rel=\"noopener\">l\u2019incendie d\u2019un restaurant McDonald\u2019s \u00e0 <strong>Montrab\u00e9<\/strong><\/a>, au nord-est de <strong>Toulouse<\/strong>, mardi 8\u00a0avril 2025. Alors que la <strong>piste criminelle<\/strong> semble se dessiner, le sinistre a \u00e9t\u00e9 revendiqu\u00e9 dans un mail adress\u00e9 \u00e0 plusieurs m\u00e9dias dont Actu Toulouse dans la matin\u00e9e. Ce que l\u2019on sait.<\/p>\n<p>\u00ab\u2009On arr\u00eate le chantier pendant deux ou trois semaines\u2009\u00bb<\/p>\n<p class=\" wall-content\">\u00ab\u2009On vient d\u2019arriver, \u00e7a s\u2019est produit vers 3\u00a0heures du matin\u2009\u00bb, souffle<strong> un ouvrier<\/strong> \u00e0 Actu Toulouse, ce mardi, sur les coups de 8h15 du matin. Les yeux riv\u00e9s sur son travail fra\u00eechement incendi\u00e9, ce ma\u00e7on soupire\u2009: \u00ab\u2009On avait quasiment fini la structure\u2009\u00bb.<\/p>\n<p class=\" wall-content\">\u00ab\u00a0On vient de recevoir les consignes\u00a0\u00bb, glisse un autre responsable de chantier, tout aussi d\u00e9sabus\u00e9. \u00ab\u00a0On arr\u00eate le chantier pendant au moins deux ou trois semaines, le temps de l\u2019enqu\u00eate. Un mois apr\u00e8s le d\u00e9but des travaux, la structure \u00e0 ossature bois venait d\u2019\u00eatre termin\u00e9e, la toiture \u00e9tait fin pr\u00eate \u00e0 arborer le fameux grand \u00ab\u00a0m\u00a0\u00bb de couleur jaune. Le terrassement avait \u00e9t\u00e9 rondement men\u00e9, et les travaux de voirie s\u2019appr\u00eataient \u00e0 d\u00e9buter\u2026<\/p>\n<blockquote class=\"tiktok-embed\" cite=\"https:\/\/www.tiktok.com\/@actutoulouse\/video\/7490884775159303446\" data-video-id=\"7490884775159303446\" data-embed-from=\"oembed\" style=\"max-width:605px; min-width:325px;\"><p>\n<a target=\"_blank\" title=\"@actutoulouse\" href=\"https:\/\/www.tiktok.com\/@actutoulouse?refer=embed\" rel=\"noopener\">@actutoulouse<\/a> <\/p>\n<p>\ud83d\udd25 Un <a title=\"mcdo\" target=\"_blank\" href=\"https:\/\/www.tiktok.com\/tag\/mcdo?refer=embed\" rel=\"noopener\">#McDo<\/a> en construction a \u00e9t\u00e9 incendi\u00e9 \u00e0 Montrab\u00e9, pr\u00e8s de Toulouse, mardi 8 avril 2025 vers 3 heures du matin. Un myst\u00e9rieux groupe a revendiqu\u00e9 dans la matin\u00e9e avoir mis le feu. Plus d\u2019infos sur notre site Actu Toulouse <a title=\"mcdonalds\" target=\"_blank\" href=\"https:\/\/www.tiktok.com\/tag\/mcdonalds?refer=embed\" rel=\"noopener\">#McDonalds<\/a> <a title=\"toulousemaville\" target=\"_blank\" href=\"https:\/\/www.tiktok.com\/tag\/toulousemaville?refer=embed\" rel=\"noopener\">#toulousemaville<\/a> <a title=\"toulouse31\" target=\"_blank\" href=\"https:\/\/www.tiktok.com\/tag\/toulouse31?refer=embed\" rel=\"noopener\">#toulouse31<\/a> <a title=\"faitsdivers\" target=\"_blank\" href=\"https:\/\/www.tiktok.com\/tag\/faitsdivers?refer=embed\" rel=\"noopener\">#FaitsDivers<\/a> <a title=\"sinformersurtiktok\" target=\"_blank\" href=\"https:\/\/www.tiktok.com\/tag\/sinformersurtiktok?refer=embed\" rel=\"noopener\">#SInformersurTiktok<\/a> <a title=\"apprendresurtiktok\" target=\"_blank\" href=\"https:\/\/www.tiktok.com\/tag\/apprendresurtiktok?refer=embed\" rel=\"noopener\">#ApprendresurTiktok<\/a> <\/p>\n<p> <a target=\"_blank\" title=\"\u266c ominous - insensible\" href=\"https:\/\/www.tiktok.com\/music\/ominous-7299618713351227393?refer=embed\" rel=\"noopener\">\u266c ominous \u2013 insensible<\/a> <\/p>\n<\/blockquote>\n<p class=\" wall-content\">Quelques heures plus t\u00f4t, ce mardi, le McDo de Montrab\u00e9, d\u00e9cri\u00e9 par une association de parents d\u2019\u00e9l\u00e8ves de la commune, a \u00e9t\u00e9 en proie aux flammes. Mais d\u2019apr\u00e8s nos informations, l\u2019origine du sinistre n\u2019a sans doute <strong>rien \u00e0 voir avec<\/strong><strong> les tensions locales<\/strong><a href=\"https:\/\/actu.fr\/occitanie\/montrabe_31389\/pres-de-toulouse-vent-de-fronde-contre-l-implantation-d-un-mcdo-dans-cette-commune_61024575.html\" target=\"_blank\" rel=\"noopener\"> autour de ce fast-food, cibl\u00e9 par une p\u00e9tition.<\/a><\/p>\n<p>Un acte \u00ab\u2009en soutien au peuple palestinien\u2009\u00bb\u2009?<\/p>\n<p class=\" wall-content\">L\u2019incendie a \u00e9t\u00e9 <strong>revendiqu\u00e9 dans un mail<\/strong> adress\u00e9 \u2014 par un exp\u00e9diteur inconnu, et se revendiquant d\u2019un myst\u00e9rieux groupe baptis\u00e9<strong> \u00ab\u00a0les Frites Insoumises\u00a0\u00bb<\/strong> \u2014 \u00e0 plusieurs m\u00e9dias, dont Actu Toulouse,\u00a0ce mardi, en matin\u00e9e\u2009: \u00ab\u2009La nuit du 7 au 8 avril, les Frites Insoumises ont incendi\u00e9 le McDonald\u2019s en construction \u00e0 Montrab\u00e9 (Haute-Garonne),<strong> en soutien au peuple palestinien<\/strong>, et <strong>contre la nouvelle strat\u00e9gie d\u2019expansion de la firme<\/strong>, qui souhaite ouvrir 50 nouveaux restaurants cette ann\u00e9e et imposer sa pr\u00e9sence dans tout le territoire fran\u00e7ais afin de compenser les pertes financi\u00e8res dues au boycott\u2009\u00bb, est-il \u00e9crit.<\/p>\n<p class=\" wall-content\">D\u00e9non\u00e7ant \u00ab\u2009le g\u00e9nocide d\u2019Isra\u00ebl\u2009\u00bb sur la population palestinienne de Gaza, ces incendiaires autoproclam\u00e9s annoncent\u2009: \u00ab\u2009Avec cette action, nous d\u00e9non\u00e7ons <strong>le r\u00f4le jou\u00e9 par la firme McDonald\u2019s<\/strong> dans cette d\u00e9marche macabre, comme si les pr\u00e9judices environnementaux, de sant\u00e9 publique et la normalisation de nos vies ne suffisaient pas\u2009\u00bb. \u00c0 cette heure, les gendarmes enqu\u00eatent pour d\u00e9terminer s\u2019il s\u2019agit des r\u00e9els auteurs des faits.<\/p>\n<p>\u00ab\u2009McDo Br\u00fblera, Palestine vaincra\u2009\u00bb<\/p>\n<p class=\" wall-content\">Les pyromanes pr\u00e9sum\u00e9s rappellent aussi qu\u2019en octobre 2023, \u00ab\u200912\u2009000 repas ont \u00e9t\u00e9 offerts par la franchise isra\u00e9lienne aux soldats g\u00e9nocidaires de Tsahal\u2009\u00bb (ces restaurants ont \u00e9t\u00e9 <a href=\"https:\/\/www.lesechos.fr\/industrie-services\/tourisme-transport\/guerre-a-gaza-mcdonalds-rachete-tous-les-restaurants-franchises-disrael-2087033#:~:text=Guerre%20%C3%A0%20Gaza%20%3A%20McDonald&#039;s%20rach%C3%A8te%20tous%20les%20restaurants%20franchis%C3%A9s%20d&#039;Isra%C3%ABl,-Contenu%20r%C3%A9serv%C3%A9%20aux&amp;text=Le%20g%C3%A9ant%20du%20fast%2Dfood,n&#039;a%20pas%20%C3%A9t%C3%A9%20divulgu%C3%A9.\" target=\"_blank\" rel=\"noopener\">rachet\u00e9s par la firme am\u00e9ricaine \u00e0 son franchis\u00e9<\/a> par la suite, NDLR), ce qui avait valu \u00e0 McDo \u00ab\u2009une campagne de boycott autonome et mondiale\u2009\u00bb.<\/p>\n<blockquote class=\"ac-article-quote wall-content\">\n<p>Nous ne pouvons pas les laisser s&rsquo;implanter dans le moindre village de France pour compenser les impacts du boycott massif et l\u00e9gitime qu&rsquo;ils subissent.<\/p>\n<p>    <strong>Les incendiaires pr\u00e9sum\u00e9s du McDo de Montrab\u00e9<\/strong>\n            <\/p><\/blockquote>\n<p class=\" wall-content\">Consid\u00e9rant que \u00ab\u2009l\u2019heure n\u2019est plus au d\u00e9montage\u2009\u00bb, ce mail se conclut\u2009: \u00ab\u2009McDo br\u00fblera, Palestine vaincra\u2009\u00bb.<\/p>\n<p>      <img   decoding=\"async\" loading=\"lazy\" src=\"https:\/\/www.europesays.com\/fr\/wp-content\/uploads\/2025\/04\/incendie-mcdonalds-montrabe-toulouse-960x640.jpg\" alt=\"L'incendie du McDo de Montrab\u00e9 dans la nuit du lundi 7 au mardi 8 avril 2025\" width=\"960\" height=\"640\"\/><br \/>\n    L\u2019incendie du McDo de Montrab\u00e9 dans la nuit du lundi\u00a07 au mardi 8\u00a0avril 2025 (\u00a9Nathan Lenne \/ SDIS\u00a031)La th\u00e8se criminelle reste \u00e0 confirmer par les gendarmes<\/p>\n<p class=\" wall-content\">Du c\u00f4t\u00e9 de la gendarmerie, on reste prudent. L\u2019enqu\u00eate ne fait que d\u00e9buter et la <strong>th\u00e8se criminelle reste \u00e0 confirmer<\/strong>. Mais de sources concordantes, le contexte autour de ce sinistre ne laisse gu\u00e8re de doutes quant \u00e0 la piste intentionnelle.<\/p>\n<p class=\" wall-content\">De son c\u00f4t\u00e9, le SDIS de la Haute-Garonne a d\u00e9ploy\u00e9 les grands moyens vers 3\u00a0heures du matin sur place. \u00ab\u2009Quand on est arriv\u00e9, c\u2019\u00e9tait <strong>totalement embras\u00e9\u2009\u00bb,<\/strong> glisse un soldat du feu. D\u00e9p\u00each\u00e9s depuis les centres de Rouffiac-Tolosan et Toulouse-Atlanta, quelque 18 pompiers sont parvenus \u00e0 \u00e9teindre le foyer principal vers 5h30.<\/p>\n<p class=\" wall-content\">Le McDonald\u2019s \u00e9tant construit en ossature bois \u2014 ce qui a d\u2019ailleurs permis de l\u2019\u00e9riger <strong>en quelques semaines<\/strong> seulement \u2014, les op\u00e9rations de d\u00e9garnissage et de d\u00e9blai ont \u00e9t\u00e9 relativement longues. Au total, trois lances \u00e0 incendie ont \u00e9t\u00e9 d\u00e9ploy\u00e9es, dont une sur grande \u00e9chelle, afin de \u00ab\u2009stopper la propagation du feu sur la toiture\u2009\u00bb, a pr\u00e9cis\u00e9 le SDIS 31. Le sinistre s\u2019\u00e9tant produit en pleine nuit, aucune victime n\u2019est \u00e0 d\u00e9plorer.<\/p>\n<p class=\" wall-content\">Le parquet de Toulouse indique que la Cellule en identification criminelle de la gendarmerie a \u00e9t\u00e9 d\u00e9p\u00each\u00e9 sur place, avec un expert en incendie. Pour l\u2019heure, \u00ab\u00a0aucune hypoth\u00e8se n\u2019est privil\u00e9gi\u00e9e\u00a0\u00bb.<\/p>\n<p class=\" wall-content\">De son c\u00f4t\u00e9, la <strong>direction du McDo de Montrab\u00e9<\/strong> a indiqu\u00e9 dans la journ\u00e9e qu\u2019elle restait \u00ab\u00a0d\u00e9termin\u00e9e\u00a0\u00bb \u00e0 finir ce chantier \u00ab\u00a0d\u00e8s que possible\u00a0\u00bb.<\/p>\n<p>    <a href=\"https:\/\/www.google.com\/maps\/embed?pb=!1m14!1m8!1m3!1d5774.436246839535!2d1.531587!3d43.64363!3m2!1i1024!2i768!4f13.1!3m3!1m2!1s0x12ae98126650df57%3A0x59df084d9457b216!2s2%20Chem.%20de%20Saint-Jean%2C%2031850%20Montrab%C3%A9!5e0!3m2!1sfr!2sfr!4v1744124758054!5m2!1sfr!2sfr\" title=\"Ouvrie le lien\" target=\"_blank\" rel=\"noopener\">Cliquez ici pour visualiser le contenu<\/a><\/p>\n<p class=\" wall-content\">Suivez toute l\u2019actualit\u00e9 de vos villes et m\u00e9dias favoris en vous inscrivant \u00e0 <a href=\"https:\/\/moncompte.actu.fr\" title=\"D\u00e9couvez Mon Actu\" rel=\"nofollow noopener\" data-trk=\"{&quot;cta&quot;:{&quot;action&quot;:&quot;https:\\\/\\\/moncompte.actu.fr&quot;,&quot;category&quot;:&quot;mon compte&quot;,&quot;from&quot;:&quot;article footer&quot;,&quot;name&quot;:&quot;Mon actu&quot;,&quot;type&quot;:&quot;cta&quot;}}\" target=\"_blank\">Mon Actu<\/a>.<\/p>\n<p>                    <script async src=\"\/\/www.tiktok.com\/embed.js\"><\/script><\/p>\n","protected":false},"excerpt":{"rendered":"Par Guillaume Laurens Publi\u00e9 le 8 avr. 2025 \u00e0 11h13 Les choses s\u2019\u00e9claircissent, quelques heures \u00e0 peine apr\u00e8s&hellip;\n","protected":false},"author":2,"featured_media":14306,"comment_status":"","ping_status":"","sticky":false,"template":"","format":"standard","meta":{"footnotes":""},"categories":[4],"tags":[11,118,1011,27,5643,1310,679,12,25],"class_list":{"0":"post-14305","1":"post","2":"type-post","3":"status-publish","4":"format-standard","5":"has-post-thumbnail","7":"category-france","8":"tag-actualites","9":"tag-faits-divers","10":"tag-fr","11":"tag-france","12":"tag-guerre-israel-hamas","13":"tag-incendie","14":"tag-mcdonalds","15":"tag-news","16":"tag-republique-francaise"},"share_on_mastodon":{"url":"https:\/\/pubeurope.com\/@fr\/114312197118017968","error":""},"_links":{"self":[{"href":"https:\/\/www.europesays.com\/fr\/wp-json\/wp\/v2\/posts\/14305","targetHints":{"allow":["GET"]}}],"collection":[{"href":"https:\/\/www.europesays.com\/fr\/wp-json\/wp\/v2\/posts"}],"about":[{"href":"https:\/\/www.europesays.com\/fr\/wp-json\/wp\/v2\/types\/post"}],"author":[{"embeddable":true,"href":"https:\/\/www.europesays.com\/fr\/wp-json\/wp\/v2\/users\/2"}],"replies":[{"embeddable":true,"href":"https:\/\/www.europesays.com\/fr\/wp-json\/wp\/v2\/comments?post=14305"}],"version-history":[{"count":0,"href":"https:\/\/www.europesays.com\/fr\/wp-json\/wp\/v2\/posts\/14305\/revisions"}],"wp:featuredmedia":[{"embeddable":true,"href":"https:\/\/www.europesays.com\/fr\/wp-json\/wp\/v2\/media\/14306"}],"wp:attachment":[{"href":"https:\/\/www.europesays.com\/fr\/wp-json\/wp\/v2\/media?parent=14305"}],"wp:term":[{"taxonomy":"category","embeddable":true,"href":"https:\/\/www.europesays.com\/fr\/wp-json\/wp\/v2\/categories?post=14305"},{"taxonomy":"post_tag","embeddable":true,"href":"https:\/\/www.europesays.com\/fr\/wp-json\/wp\/v2\/tags?post=14305"}],"curies":[{"name":"wp","href":"https:\/\/api.w.org\/{rel}","templated":true}]}}