{"id":143055,"date":"2025-06-01T02:44:11","date_gmt":"2025-06-01T02:44:11","guid":{"rendered":"https:\/\/www.europesays.com\/fr\/143055\/"},"modified":"2025-06-01T02:44:11","modified_gmt":"2025-06-01T02:44:11","slug":"lyon-pour-ses-20-ans-le-kraspek-myzik-soffre-une-nouvelle-jeunesse","status":"publish","type":"post","link":"https:\/\/www.europesays.com\/fr\/143055\/","title":{"rendered":"Lyon. Pour ses 20 ans, le Kraspek Myzik s\u2019offre une nouvelle jeunesse"},"content":{"rendered":"<p>L\u2019esprit alternatif mat\u00e9rialis\u00e9 par le Do-It-Yourself a toujours r\u00e9gn\u00e9 sur les pentes de la Croix-Rousse. Les plus anciens se souviennent de lieux embl\u00e9matiques qui ont r\u00e9sist\u00e9. Ou d\u2019autres contraints de baisser le rideau. Comme feu Bistroy, le caf\u00e9-concert. On trouvait aussi le Kaf\u00e9 Myzik, transform\u00e9 en salle de concert il y a vingt ans et rebaptis\u00e9 depuis\u2026 le Kraspek Myzik.<\/p>\n<p><strong>&gt;&gt;\u00a0<a href=\"https:\/\/www.leprogres.fr\/culture-loisirs\/2024\/11\/23\/le-sonic-doit-trouver-300-000-euros-ou-en-sont-les-recherches-pour-sauver-le-legendaire-club-salle-de-concert\" target=\"_blank\" rel=\"nofollow noopener\">Le Sonic doit trouver 300 000 euros<\/a><\/strong><\/p>\n<p>In\u00e8s Bourgeois, la coordinatrice, et Le\u00efla Ensanyar-Volle, l\u2019administratrice, ont repris les r\u00eanes de cette quasi-institution de l\u2019univers underground, apr\u00e8s le d\u00e9part cet \u00e9t\u00e9, de l\u2019ancien directeur et programmateur, Franck Guscioni. Toutes deux sont \u00e9galement coprogrammatrices et portent l\u2019h\u00e9ritage de ce lieu phare des musiques actuelles qui souffle donc ses 20 bougies cette ann\u00e9e. <\/p>\n","protected":false},"excerpt":{"rendered":"L\u2019esprit alternatif mat\u00e9rialis\u00e9 par le Do-It-Yourself a toujours r\u00e9gn\u00e9 sur les pentes de la Croix-Rousse. Les plus anciens&hellip;\n","protected":false},"author":2,"featured_media":143056,"comment_status":"","ping_status":"","sticky":false,"template":"","format":"standard","meta":{"footnotes":""},"categories":[1889],"tags":[1111,11,2430,1687,2757,1777,674,1011,27,2428,2756,873,12,25,2429],"class_list":{"0":"post-143055","1":"post","2":"type-post","3":"status-publish","4":"format-standard","5":"has-post-thumbnail","7":"category-lyon","8":"tag-actu","9":"tag-actualites","10":"tag-auvergne-rhone-alpes","11":"tag-culture-loisirs","12":"tag-edition-lyon-villeurbanne","13":"tag-eu","14":"tag-europe","15":"tag-fr","16":"tag-france","17":"tag-lyon","18":"tag-lyon-bassin","19":"tag-musique","20":"tag-news","21":"tag-republique-francaise","22":"tag-rhone"},"share_on_mastodon":{"url":"https:\/\/pubeurope.com\/@fr\/114605815627606852","error":""},"_links":{"self":[{"href":"https:\/\/www.europesays.com\/fr\/wp-json\/wp\/v2\/posts\/143055","targetHints":{"allow":["GET"]}}],"collection":[{"href":"https:\/\/www.europesays.com\/fr\/wp-json\/wp\/v2\/posts"}],"about":[{"href":"https:\/\/www.europesays.com\/fr\/wp-json\/wp\/v2\/types\/post"}],"author":[{"embeddable":true,"href":"https:\/\/www.europesays.com\/fr\/wp-json\/wp\/v2\/users\/2"}],"replies":[{"embeddable":true,"href":"https:\/\/www.europesays.com\/fr\/wp-json\/wp\/v2\/comments?post=143055"}],"version-history":[{"count":0,"href":"https:\/\/www.europesays.com\/fr\/wp-json\/wp\/v2\/posts\/143055\/revisions"}],"wp:featuredmedia":[{"embeddable":true,"href":"https:\/\/www.europesays.com\/fr\/wp-json\/wp\/v2\/media\/143056"}],"wp:attachment":[{"href":"https:\/\/www.europesays.com\/fr\/wp-json\/wp\/v2\/media?parent=143055"}],"wp:term":[{"taxonomy":"category","embeddable":true,"href":"https:\/\/www.europesays.com\/fr\/wp-json\/wp\/v2\/categories?post=143055"},{"taxonomy":"post_tag","embeddable":true,"href":"https:\/\/www.europesays.com\/fr\/wp-json\/wp\/v2\/tags?post=143055"}],"curies":[{"name":"wp","href":"https:\/\/api.w.org\/{rel}","templated":true}]}}