{"id":143057,"date":"2025-06-01T02:45:15","date_gmt":"2025-06-01T02:45:15","guid":{"rendered":"https:\/\/www.europesays.com\/fr\/143057\/"},"modified":"2025-06-01T02:45:15","modified_gmt":"2025-06-01T02:45:15","slug":"harout-mekhsian-du-cco-a-la-mjc-monplaisir","status":"publish","type":"post","link":"https:\/\/www.europesays.com\/fr\/143057\/","title":{"rendered":"Harout Mekhsian : du CCO \u00e0 la MJC Monplaisir"},"content":{"rendered":"<p>Apr\u00e8s trois ans pass\u00e9s au CCO, apr\u00e8s avoir ouvert la nouvelle salle de la Rayonne, Harout Mekhsian tourne la page et devient directeur de la MJC Monplaisir\u2026 l\u2019une des plus importantes de France.<\/p>\n<p>La<strong> Maison des Jeunes et de la Culture<\/strong> (<strong>MJC<\/strong>) <strong>Monplaisir<\/strong> s\u2019appr\u00eate \u00e0 \u00e9crire un nouveau chapitre de son histoire. <strong>Harout Mekhsian<\/strong>, fort de son exp\u00e9rience et de son engagement dans le <strong>secteur associatif<\/strong>, succ\u00e8de \u00e0 <strong>Brice Gourdol<\/strong> \u00e0 la direction de l\u2019\u00e9tablissement.\u00a0<\/p>\n<p>Ecoutez le podcast<\/p>\n<p>Harout Mekhsian nouveau directeur de la MJC Monplaisir<\/p>\n<p>Ce changement de direction marque une \u00e9tape importante pour la <strong>MJC Monplaisir<\/strong>, qui continue d\u2019adapter ses activit\u00e9s et ses projets aux besoins \u00e9volutifs de son public. Et la volont\u00e9 aujourd\u2019hui c\u2019est de <strong>renforcer l\u2019offre culturelle<\/strong>. <strong>Karine Boyer-Kempf<\/strong>, pr\u00e9sidente de la<strong> MJC Monplaisir \u2013 Les 4 vents<\/strong> nous explique\u2026<\/p>\n<p>Ecoutez aussi :<a href=\"https:\/\/www.lyondemain.fr\/dignes-spectacle-compagnie-albert-claquemure\/\" target=\"_blank\" rel=\"noreferrer noopener nofollow\"> \u00ab\u00a0Dignes !\u00a0\u00bb : dernier spectacle de la Compagnie Albert Claquemur\u00e9<\/a><\/p>\n<p>D\u00e9velopper la dimension culturelle de la maison<\/p>\n<p>\u00ab\u00a0C\u2019est une grosse maison, avec 170 salari\u00e9s. Nous sommes sur deux \u00e9quipements, donc deux parties du <strong>8e arrondissement<\/strong>. C\u2019\u00e9tait important d\u2019avoir quelqu\u2019un qui sache g\u00e9rer ce personnel. Qui soit aussi en capacit\u00e9 de conna\u00eetre les partenaires qui sont d\u00e9j\u00e0 existants : la <strong>ville de Lyon<\/strong>. la <strong>M\u00e9tropole de Lyon<\/strong> et la <strong>CAF<\/strong>\u2026 Et qui a aussi un r\u00e9seau sur Lyon. C\u2019est le cas de <strong>Harout<\/strong>, il arrive aussi avec un bagage culturel. C\u2019est important pour nous de pouvoir d\u00e9velopper cette <strong>dimension culturelle<\/strong>. Dans <strong>Maison des Jeunes et de la Culture<\/strong>, il y a un mot tr\u00e8s important : <strong>culture<\/strong>. Nous avons la chance d\u2019avoir une <strong>salle de spectacles<\/strong> qui s\u2019appelle <strong>Le Karbone<\/strong>. Et un <strong>bar associatif<\/strong>\u2026 qui aujourd\u2019hui sont assez m\u00e9connus dans notre quartier et qui ont besoin de prendre leur place. Donc c\u2019\u00e9tait important pour nous d\u2019avoir ce profil avec cette dimension culturelle\u00a0\u00bb.<\/p>\n<p><img loading=\"lazy\" decoding=\"async\" width=\"1200\" height=\"675\" src=\"https:\/\/www.europesays.com\/fr\/wp-content\/uploads\/2025\/06\/Harout-Mekhsian-et-Karine-Boyer-Kempf.jpg\" alt=\"Harout Mekhsian\" class=\"wp-image-249716\"  \/>Harout Mekhsian et Karine Boyer-Kempf<\/p>\n<p><strong>Brice Gourdol<\/strong>, qui a \u0153uvr\u00e9 \u00e0 la t\u00eate de la <strong>MJC Monplaisir<\/strong> ces derni\u00e8res ann\u00e9es, avait d\u00e9j\u00e0 contribu\u00e9 \u00e0 renforcer l\u2019ancrage local. <strong>Harout Mekhsian<\/strong> entend renforcer ce lien avec le public. Fort de son exp\u00e9rience \u00e0 <strong>Villeurbanne<\/strong> o\u00f9 il a accompagn\u00e9 la mutation du <strong>CCO<\/strong> de Croix-Luizet \u00e0 la Soie\u2026 Avec au passage la cr\u00e9ation de la nouvelle <strong>salle de la Rayonne<\/strong> (1000 places).<\/p>\n<p>Ecoutez aussi : <a href=\"https:\/\/www.lyondemain.fr\/place-hubert-mounier-lyon-inauguration\/\" target=\"_blank\" rel=\"noreferrer noopener nofollow\">Place Hubert Mounier : l\u2019univers d\u2019un gone aux 1000 vies<\/a><\/p>\n<blockquote class=\"instagram-media\" data-instgrm-captioned=\"\" data-instgrm-permalink=\"https:\/\/www.instagram.com\/p\/CxhnKOzIOi-\/?utm_source=ig_embed&amp;utm_campaign=loading\" data-instgrm-version=\"14\" style=\" background:#FFF; border:0; border-radius:3px; box-shadow:0 0 1px 0 rgba(0,0,0,0.5),0 1px 10px 0 rgba(0,0,0,0.15); margin: 1px; max-width:540px; min-width:326px; padding:0; width:99.375%; width:-webkit-calc(100% - 2px); width:calc(100% - 2px);\"\/>\n<p>Remettre les artistes au centre de l\u2019\u00e9ducation populaire<\/p>\n<p>A la <strong>MJC Monplaisir<\/strong>, la salle <strong>Le Karbone<\/strong> ne compte que 150 places. Suffisant pour \u00eatre le support de nombreuses disciplines..Nous avons rencontr\u00e9 <strong>Harout Mekhsian<\/strong>, le nouveau directeur de la <strong>MJC Monplaisir.<\/strong><\/p>\n<p><img loading=\"lazy\" decoding=\"async\" width=\"1200\" height=\"675\" src=\"https:\/\/www.europesays.com\/fr\/wp-content\/uploads\/2025\/06\/Harout-Mekhsian-salle-Le-Karbone.jpg\" alt=\"salle Le Karbone\" class=\"wp-image-249715\"  \/><\/p>\n<p>\u00ab\u00a0Je trouve qu\u2019une ville comme Lyon, une m\u00e9tropole comme le Grand Lyon a besoin de lieux comme \u00e7a, o\u00f9 on exp\u00e9rimente. Et sur plein de formats\u2026 <strong>Spectacle vivant<\/strong>, <strong>arts plastiques<\/strong>,<strong> jeunes publics<\/strong>. <strong>musique<\/strong>, il faut qu\u2019on puisse exp\u00e9rimenter et qu\u2019on puisse laisser la place aux<strong> artistes<\/strong> qui ont toujours \u00e9t\u00e9 des viviers assez incroyables. Justement pour accompagner les changements de soci\u00e9t\u00e9 et pour retravailler des imaginaires. Les artistes, c\u2019est des personnes qui r\u00e9interrogent les endroits o\u00f9 on vit. Qui r\u00e9interrogent les environnements o\u00f9 on est, dans des logiques d\u2019<strong>\u00e9duc-pop<\/strong>. Pour moi, ce sont des \u00e9l\u00e9ments centraux et essentiels qu\u2019on doit pouvoir accueillir dans des bonnes conditions\u2026\u00a0\u00bb explique <strong>Harout Mekhsian<\/strong>.<\/p>\n<ul class=\"wp-block-jetpack-slideshow_swiper-wrapper swiper-wrapper\">\n<li class=\"wp-block-jetpack-slideshow_slide swiper-slide\"><img loading=\"lazy\" decoding=\"async\" width=\"1200\" height=\"675\" alt=\"Harout Mekhsian\" class=\"wp-block-jetpack-slideshow_image wp-image-249708\" data-id=\"249708\" src=\"https:\/\/www.europesays.com\/fr\/wp-content\/uploads\/2025\/06\/Harout-Mekhsian-fresque-murale.jpg\"  \/><\/li>\n<li class=\"wp-block-jetpack-slideshow_slide swiper-slide\"><img loading=\"lazy\" decoding=\"async\" width=\"1200\" height=\"675\" alt=\"peinture murale\" class=\"wp-block-jetpack-slideshow_image wp-image-249711\" data-id=\"249711\" src=\"https:\/\/www.europesays.com\/fr\/wp-content\/uploads\/2025\/06\/Harout-Mekhsian-peinture-murale.jpg\"  \/>3 propositions pour la future fesque murale avenue des Fr\u00e8res Lumi\u00e8re<\/li>\n<\/ul>\n<p><a class=\"wp-block-jetpack-slideshow_button-prev swiper-button-prev swiper-button-white\" role=\"button\"\/><a class=\"wp-block-jetpack-slideshow_button-next swiper-button-next swiper-button-white\" role=\"button\"\/><a aria-label=\"Pause Slideshow\" class=\"wp-block-jetpack-slideshow_button-pause\" role=\"button\"\/><\/p>\n<p>La particularit\u00e9 de cet <strong>MJC Montplaisir<\/strong>, c\u2019est d\u2019avoir deux sites, la MJC de l\u2019avenue des Fr\u00e8res Lumi\u00e8re et l\u2019<strong>espace des Quatre Vents<\/strong>. \u00ab\u00a0C\u2019est une des raisons pour lesquelles j\u2019ai voulu venir l\u00e0. De mon point de vue, c\u2019est une richesse. Je suis n\u00e9, j\u2019ai grandi \u00e0 Vaulx-en-Velin. Je me suis toujours int\u00e9ress\u00e9 \u00e0 ce qui se passait dans ces endroits-l\u00e0. On a beaucoup \u00e0 apprendre de ces territoires, de leur habitants. Il y a des \u00e9nergies folles\u00a0\u00bb s\u2019enthousiasme d\u00e9j\u00e0 le nouveau directeur\u2026.<\/p>\n<p>Ecoutez aussi : <a href=\"https:\/\/www.lyondemain.fr\/biennale-de-la-danse-2025-danses-recyclees-defile\/\" rel=\"nofollow noopener\" target=\"_blank\">Biennale de la Danse 2025 : des \u00ab\u00a0danses recycl\u00e9es\u00a0\u00bb pour le d\u00e9fil\u00e9<\/a><\/p>\n<p><img loading=\"lazy\" decoding=\"async\" width=\"1200\" height=\"675\" src=\"https:\/\/www.europesays.com\/fr\/wp-content\/uploads\/2025\/06\/Harout-Mekhsian-2.jpg\" alt=\"nouveau directeur\" class=\"wp-image-249717\"  \/>Harout Mekhsian<br \/>\nJ\u2019aime \u00e7a\u00a0:<\/p>\n<p>J\u2019aime chargement\u2026<\/p>\n<p><a class=\"sd-link-color\"\/><\/p>\n<p>\n\tArticles similaires\n<\/p>\n<p>\t\t\t\t<img decoding=\"async\" src=\"https:\/\/www.europesays.com\/fr\/wp-content\/uploads\/2025\/06\/7866158698e17e8ed633c05e8f8e7fe5d9e057ad78661c4dc34e413abb6b9f19\" alt=\"G\u00e9rald Bouchon\"\/><\/p>\n<p>Pionnier des radios libres, passionn\u00e9 de radio, journaliste et dirigeant de m\u00e9dias \u00e9co-responsables..<\/p>\n<p>\t\t\t<script async src=\"\/\/www.instagram.com\/embed.js\"><\/script><\/p>\n","protected":false},"excerpt":{"rendered":"Apr\u00e8s trois ans pass\u00e9s au CCO, apr\u00e8s avoir ouvert la nouvelle salle de la Rayonne, Harout Mekhsian tourne&hellip;\n","protected":false},"author":2,"featured_media":143058,"comment_status":"","ping_status":"","sticky":false,"template":"","format":"standard","meta":{"footnotes":""},"categories":[1889],"tags":[1111,11,4733,2430,27107,27108,27109,27110,27111,1777,674,1011,27,27112,27113,27114,27115,2428,27116,27117,5304,12,25,27118],"class_list":{"0":"post-143057","1":"post","2":"type-post","3":"status-publish","4":"format-standard","5":"has-post-thumbnail","7":"category-lyon","8":"tag-actu","9":"tag-actualites","10":"tag-associations","11":"tag-auvergne-rhone-alpes","12":"tag-bar-associatif","13":"tag-brice-gourdol","14":"tag-cco","15":"tag-education-populaire","16":"tag-espace-des-4-vents","17":"tag-eu","18":"tag-europe","19":"tag-fr","20":"tag-france","21":"tag-harout-mekhsian","22":"tag-karine-boyer-kempf","23":"tag-la-rayonne","24":"tag-le-karbone","25":"tag-lyon","26":"tag-mjc","27":"tag-mjc-monplaisir","28":"tag-monplaisir","29":"tag-news","30":"tag-republique-francaise","31":"tag-salle-de-spectacles"},"share_on_mastodon":{"url":"https:\/\/pubeurope.com\/@fr\/114605819506857940","error":""},"_links":{"self":[{"href":"https:\/\/www.europesays.com\/fr\/wp-json\/wp\/v2\/posts\/143057","targetHints":{"allow":["GET"]}}],"collection":[{"href":"https:\/\/www.europesays.com\/fr\/wp-json\/wp\/v2\/posts"}],"about":[{"href":"https:\/\/www.europesays.com\/fr\/wp-json\/wp\/v2\/types\/post"}],"author":[{"embeddable":true,"href":"https:\/\/www.europesays.com\/fr\/wp-json\/wp\/v2\/users\/2"}],"replies":[{"embeddable":true,"href":"https:\/\/www.europesays.com\/fr\/wp-json\/wp\/v2\/comments?post=143057"}],"version-history":[{"count":0,"href":"https:\/\/www.europesays.com\/fr\/wp-json\/wp\/v2\/posts\/143057\/revisions"}],"wp:featuredmedia":[{"embeddable":true,"href":"https:\/\/www.europesays.com\/fr\/wp-json\/wp\/v2\/media\/143058"}],"wp:attachment":[{"href":"https:\/\/www.europesays.com\/fr\/wp-json\/wp\/v2\/media?parent=143057"}],"wp:term":[{"taxonomy":"category","embeddable":true,"href":"https:\/\/www.europesays.com\/fr\/wp-json\/wp\/v2\/categories?post=143057"},{"taxonomy":"post_tag","embeddable":true,"href":"https:\/\/www.europesays.com\/fr\/wp-json\/wp\/v2\/tags?post=143057"}],"curies":[{"name":"wp","href":"https:\/\/api.w.org\/{rel}","templated":true}]}}