{"id":143061,"date":"2025-06-01T02:49:09","date_gmt":"2025-06-01T02:49:09","guid":{"rendered":"https:\/\/www.europesays.com\/fr\/143061\/"},"modified":"2025-06-01T02:49:09","modified_gmt":"2025-06-01T02:49:09","slug":"trocadero-enflamme-tour-eiffel-rouge-et-bleue-feux-dartifice-paris-en-liesse-apres-le-sacre-du-psg-en-ligue-des-champions","status":"publish","type":"post","link":"https:\/\/www.europesays.com\/fr\/143061\/","title":{"rendered":"Trocad\u00e9ro enflamm\u00e9, Tour Eiffel rouge et bleue, feux d\u2019artifice&#8230; Paris en liesse apr\u00e8s le sacre du PSG en Ligue des champions"},"content":{"rendered":"<p><strong>EN IMAGES &#8211;<\/strong> Les hommes de Luis Enrique ont brillamment remport\u00e9 la Ligue des champions en s\u2019imposant 5-0 en finale face \u00e0 l\u2019Inter Milan ce samedi 31 mai. De quoi enflammer les supporters du club de la capitale.<\/p>\n<p class=\"fig-paragraph\">Les sc\u00e8nes de liesse se multiplient \u00e0 Paris samedi\u00a0<a href=\"http:\/\/www.lefigaro.fr\/sports\/football\/ligue-des-champions\/ligue-des-champions-a-l-issue-d-une-finale-de-reve-le-psg-au-sommet-de-l-europe-20250531\" data-fig-type=\"NewsFlash\" data-gtm-custom-categorie=\"navigation\" data-gtm-custom-action=\"crossclick\" data-gtm-custom-label=\"Contextuel\" data-gtm-event=\"customEventSPE\" data-fig-domain=\"LEFIGARO\" rel=\"nofollow noopener\" target=\"_blank\">apr\u00e8s la victoire du PSG 5-0 face \u00e0 l&rsquo;Inter Milan<\/a>, \u00e0 Munich en finale de la Ligue des champions, avec des rassemblements de supporters autour du Parc des Princes et des Champs-Elys\u00e9es, et quelques incidents. M\u00eame sans joueur sur le terrain, le Parc des Princes a r\u00e9sonn\u00e9 comme pour les plus belles affiches et a rugi \u00e0 chacun des cinq buts des Parisiens, qui ont assur\u00e9 une d\u00e9monstration sans contestation possible contre l&rsquo;Inter Milan (5-0).<\/p>\n<p class=\"fig-paragraph\">\u00abC&rsquo;est comme si le match se passait \u00e0 la maison\u00bb, a lanc\u00e9 le rappeur Vacra, l&rsquo;un des acteurs du spectacle d&rsquo;avant-match\u00a0<a href=\"http:\/\/www.lefigaro.fr\/sports\/football\/ligue-des-champions\/psg-inter-milan-un-moment-historique-un-parc-des-princes-en-fusion-pour-cette-soiree-de-reve-20250601\" data-fig-type=\"NewsFlash\" data-gtm-custom-categorie=\"navigation\" data-gtm-custom-action=\"crossclick\" data-gtm-custom-label=\"Contextuel\" data-gtm-event=\"customEventSPE\" data-fig-domain=\"LEFIGARO\" rel=\"nofollow noopener\" target=\"_blank\">dans un Parc des Princes o\u00f9 48.000 billets ont \u00e9t\u00e9 mis \u00e0 la vente pour l&rsquo;occasion<\/a>\u00a0afin de profiter de la finale avec quatre \u00e9crans g\u00e9ants au niveau du rond central. Chaque gros plan sur des supporters italiens en d\u00e9tresse a \u00e9t\u00e9 c\u00e9l\u00e9br\u00e9 comme un but ou presque tandis que D\u00e9sir\u00e9 Dou\u00e9, h\u00e9ros du match avec son doubl\u00e9, a \u00e9t\u00e9 longuement ovationn\u00e9 lors de sa sortie.<\/p>\n<p class=\"fig-paragraph\">D\u00e8s le coup de sifflet final, un son et lumi\u00e8re avec des flammes a illumin\u00e9 le terrain tandis que quelques kilom\u00e8tres plus loin, la Tour Eiffel a brill\u00e9 de mille feux aux couleurs parisiennes. Mais en dehors, les supporters regroup\u00e9s notamment sur les Champs-Elys\u00e9es, interdits aux voitures pour l&rsquo;occasion, et sur la place du Trocad\u00e9ro ont c\u00e9l\u00e9br\u00e9 bien plus t\u00f4t le sacre, \u00e0 grands coups de p\u00e9tards, de chants et de coups klaxon.<\/p>\n<p class=\"fig-body-link\">\n            \u00c0 lire aussi<br \/>\n        <a class=\"fig-body-link__link fig-premium-mark\" href=\"http:\/\/www.lefigaro.fr\/sports\/football\/ligue-des-champions\/les-notes-du-psg-face-a-l-inter-doue-phenomenal-vitinha-exceptionnel-dembele-delicieux-dans-un-collectif-magique-20250531\" data-fig-type=\"NewsFlash\" data-gtm-custom-categorie=\"navigation\" data-gtm-custom-action=\"crossclick\" data-gtm-custom-label=\"Contextuel\" data-gtm-event=\"customEventSPE\" data-fig-domain=\"LEFIGARO\" rel=\"nofollow noopener\" target=\"_blank\">Les notes du PSG face \u00e0 l\u2019Inter\u00a0: Dou\u00e9 ph\u00e9nom\u00e9nal, Vitinha exceptionnel, Demb\u00e9l\u00e9 d\u00e9licieux&#8230; dans un collectif magique<br \/>\n    <\/a>\n<\/p>\n<p>Le PSG sera re\u00e7u dimanche \u00e0 l\u2019\u00c9lys\u00e9e<\/p>\n<p class=\"fig-paragraph\">Les manifestations de joie ne sont pas all\u00e9es sans d\u00e9bordements\u00a0: les 5400 policiers et gendarmes mobilis\u00e9s pour la soir\u00e9e \u00e0 Paris et son agglom\u00e9ration ont eu recours au canon \u00e0 eau sur les Champs-Elys\u00e9es et ont d\u00fb \u00e9vacuer des supporters descendus sur le p\u00e9riph\u00e9rique alors m\u00eame que le match se jouait encore.<\/p>\n<p class=\"fig-paragraph\">\u00c0 22h45, moment de la fin de match, 81 personnes avaient \u00e9t\u00e9 interpell\u00e9es, concentr\u00e9es Porte de Saint-Cloud et en haut de l&rsquo;avenue des Champs-Elys\u00e9es notamment pour \u00abd\u00e9tention de mortiers d&rsquo;artifice, produits incendiaires\u00bb, selon la pr\u00e9fecture de police. Sur les Champs, beaucoup de vitrines de magasins ont \u00e9t\u00e9 pr\u00e9ventivement recouvertes de panneaux en bois l\u00e9ger par crainte de d\u00e9bordements, comme lors de la demi-finale retour.<\/p>\n<p class=\"fig-paragraph\">Les c\u00e9l\u00e9brations vont durer une bonne partie de la nuit, notamment autour des Champs-Elys\u00e9es. Une parade est pr\u00e9vue dimanche pour pr\u00e9senter le troph\u00e9e. L&rsquo;\u00e9quipe parisienne sera \u00e9galement re\u00e7ue par le chef de l&rsquo;Etat Emmanuel Macron, dimanche \u00e0 l&rsquo;Elys\u00e9e.<\/p>\n","protected":false},"excerpt":{"rendered":"EN IMAGES &#8211; Les hommes de Luis Enrique ont brillamment remport\u00e9 la Ligue des champions en s\u2019imposant 5-0&hellip;\n","protected":false},"author":2,"featured_media":143062,"comment_status":"","ping_status":"","sticky":false,"template":"","format":"standard","meta":{"footnotes":""},"categories":[1888],"tags":[1111,1928,11,1927,4791,786,525,448,1981,1089,814,1777,674,2257,63,1011,27,2705,447,1307,3490,955,12,1926,626,1925,4589,4789,93,4790,25,1980,7184,14133,455],"class_list":{"0":"post-143061","1":"post","2":"type-post","3":"status-publish","4":"format-standard","5":"has-post-thumbnail","7":"category-paris","8":"tag-actu","9":"tag-actu-paris","10":"tag-actualites","11":"tag-actualites-paris","12":"tag-barcelone","13":"tag-c1","14":"tag-calendrier","15":"tag-champions-league","16":"tag-classement","17":"tag-coupe-deurope","18":"tag-direct","19":"tag-eu","20":"tag-europe","21":"tag-foot","22":"tag-football","23":"tag-fr","24":"tag-france","25":"tag-groupe","26":"tag-ligue-des-champions","27":"tag-lille","28":"tag-liverpool","29":"tag-match","30":"tag-news","31":"tag-news-paris","32":"tag-paris","33":"tag-paris-news","34":"tag-phase-finale","35":"tag-poule","36":"tag-psg","37":"tag-real-madrid","38":"tag-republique-francaise","39":"tag-resultats","40":"tag-tour-eiffel","41":"tag-trocadero","42":"tag-uefa"},"share_on_mastodon":{"url":"https:\/\/pubeurope.com\/@fr\/114605835246846379","error":""},"_links":{"self":[{"href":"https:\/\/www.europesays.com\/fr\/wp-json\/wp\/v2\/posts\/143061","targetHints":{"allow":["GET"]}}],"collection":[{"href":"https:\/\/www.europesays.com\/fr\/wp-json\/wp\/v2\/posts"}],"about":[{"href":"https:\/\/www.europesays.com\/fr\/wp-json\/wp\/v2\/types\/post"}],"author":[{"embeddable":true,"href":"https:\/\/www.europesays.com\/fr\/wp-json\/wp\/v2\/users\/2"}],"replies":[{"embeddable":true,"href":"https:\/\/www.europesays.com\/fr\/wp-json\/wp\/v2\/comments?post=143061"}],"version-history":[{"count":0,"href":"https:\/\/www.europesays.com\/fr\/wp-json\/wp\/v2\/posts\/143061\/revisions"}],"wp:featuredmedia":[{"embeddable":true,"href":"https:\/\/www.europesays.com\/fr\/wp-json\/wp\/v2\/media\/143062"}],"wp:attachment":[{"href":"https:\/\/www.europesays.com\/fr\/wp-json\/wp\/v2\/media?parent=143061"}],"wp:term":[{"taxonomy":"category","embeddable":true,"href":"https:\/\/www.europesays.com\/fr\/wp-json\/wp\/v2\/categories?post=143061"},{"taxonomy":"post_tag","embeddable":true,"href":"https:\/\/www.europesays.com\/fr\/wp-json\/wp\/v2\/tags?post=143061"}],"curies":[{"name":"wp","href":"https:\/\/api.w.org\/{rel}","templated":true}]}}