{"id":143063,"date":"2025-06-01T02:50:19","date_gmt":"2025-06-01T02:50:19","guid":{"rendered":"https:\/\/www.europesays.com\/fr\/143063\/"},"modified":"2025-06-01T02:50:19","modified_gmt":"2025-06-01T02:50:19","slug":"bienvenue-au-montvenus-bar-a-cocktails-queer-et-feministe-de-montreuil","status":"publish","type":"post","link":"https:\/\/www.europesays.com\/fr\/143063\/","title":{"rendered":"bienvenue au Montvenus, bar \u00e0 cocktails queer et f\u00e9ministe de Montreuil"},"content":{"rendered":"<p>            Par<br \/>\n        <strong><br \/>\n            <a href=\"https:\/\/actu.fr\/auteur\/augustin-delaporte\" title=\"Consulter tous les articles de Augustin Delaporte\" target=\"_blank\" rel=\"noopener\">Augustin Delaporte<\/a><br \/>\n        <\/strong><\/p>\n<p>        Publi\u00e9 le<\/p>\n<p>            31 mai 2025 \u00e0 12h46        <\/p>\n<p>Il y a du Clare Lydon dans l\u2019<strong>\u00e9tag\u00e8re en osier<\/strong> et du Cerise la Castagne expos\u00e9. Un grand mur <strong>couleur lilas<\/strong> entre la pi\u00e8ce principale et le petit salon cosy, <strong>l\u2019odeur<\/strong> <strong>des citrons jaunes<\/strong> d\u00e9coup\u00e9s par H\u00e9l\u00e8ne Carreira derri\u00e8re le bar et un son de RnB pour finir d\u2019enrober cette adresse p\u00e9pite, nich\u00e9e \u00e0 deux pas du m\u00e9tro Mairie de <a href=\"https:\/\/actu.fr\/ile-de-france\/montreuil_93048\" target=\"_blank\" rel=\"noopener\">Montreuil<\/a>. Le Montvenus, clin d\u2019\u0153il au \u00ab\u00a0mont de V\u00e9nus\u00a0\u00bb du pubis, joue cartes sur table d\u2019entr\u00e9e avec une devanture o\u00f9 il est inscrit en lettres majuscules \u00ab\u00a0Bar \u00e0 cocktails \u2013 Queer \u2013 F\u00e9ministe\u00a0\u00bb.\u00a0\u00a0<br \/>Le promesse est all\u00e9grement tenue. On peut venir s\u2019y poster les yeux ferm\u00e9s, histoire d\u2019y siroter un <strong>cocktail signature fait maison<\/strong> (alcoolis\u00e9 ou d\u00e9salcoolis\u00e9) accompagn\u00e9 de tapas, de chiller en terrasse, ou de bouquiner un livre f\u00e9ministe entour\u00e9 d\u2019\u0153uvres queers. La nuit tomb\u00e9e, l\u2019endroit est id\u00e9al pour un before avant une soir\u00e9e \u00e0 La Marbrerie par exemple, la salle de spectacles \u00e9tant situ\u00e9e \u00e0 un jet de pierre de l\u00e0.<\/p>\n<p>Lieu queer en banlieue\u00a0<\/p>\n<p class=\" wall-content\">Ce qui saute aux yeux tout de suite : c\u2019est qu\u2019<strong>on se sent chez elles<\/strong>. Les fondatrices H\u00e9l\u00e8ne Carreira et Andr\u00e9a Bellemere-Laussat ont cr\u00e9\u00e9 un lieu \u00e0 leur image, qui transpire tout \u00e0 la fois leurs parcours individuels, leurs trajectoires de vie, mais qui raconte aussi en sous-texte leur histoire d\u2019amour, marqu\u00e9e par une <strong>d\u00e9construction commune<\/strong> et un engagement grandissant.\u00a0<\/p>\n<p>    <img   decoding=\"async\" loading=\"lazy\" src=\"https:\/\/www.europesays.com\/fr\/wp-content\/uploads\/2025\/06\/img-3105-960x640.jpg\" alt=\"Montvenus-bar-cocktails-f\u00e9ministe-queer-montreuil\" width=\"960\" height=\"640\"\/><br \/>\n    H\u00e9l\u00e8ne et Andr\u00e9 se sont rencontr\u00e9es il y a 9 ans, au Rosa Bonheur. (\u00a9AD \/ actu Paris)<\/p>\n<p class=\" wall-content\">Dans le milieu de la restauration depuis 18 ans et sp\u00e9cialis\u00e9e dans la confection de cocktails depuis 9 ann\u00e9es, H\u00e9l\u00e8ne, 37 ans, a grandi en Seine-Saint-Denis, entre Noisy-le-Sec et Montreuil. Ouvrir <strong>un lieu queer et f\u00e9ministe en banlieue<\/strong> a progressivement fait du chemin dans sa t\u00eate. Elle d\u00e9pose un expresso et son sucre brun \u00e0 c\u00f4t\u00e9 de bougeoirs et d\u2019un vase de fleurs s\u00e9ch\u00e9es, puis ouvre la bo\u00eete \u00e0 souvenirs.\u00a0<\/p>\n<p class=\" wall-content\">\u00ab\u00a0J\u2019ai toujours assum\u00e9 socialement mon homosexualit\u00e9, mais quand j\u2019avais la vingtaine, un lieu comme \u00e7a, \u00e7a n\u2019existait qu\u2019\u00e0 Paris. De mani\u00e8re tr\u00e8s pragmatique cela impliquait un gap financier. Mais je crois, aujourd\u2019hui, que c\u2019\u00e9tait aussi une fa\u00e7on de <strong>nous invisibiliser dans nos propres villes<\/strong>.\u00a0\u00bb<\/p>\n<p>Fruit d\u2019une histoire d\u2019amour\u00a0<\/p>\n<p class=\" wall-content\">Jusqu\u2019\u00e0 ses 19, 20 ans, Andr\u00e9a n\u2019avait, elle, que l\u2019horizon \u00ab\u00a0d\u2019une petite ville\u00a0\u00bb de Normandie pour s\u2019explorer. Ses grands yeux clairs regardent dans le r\u00e9tro. \u00ab\u00a0Je ne savais pas qui j\u2019\u00e9tais parce que <strong>je n\u2019avais aucune repr\u00e9sentation \u00e0 laquelle m\u2019identifier<\/strong>. Dans ma famille, \u00e7a [son orientation sexuelle] n\u2019\u00e9tait pas un sujet, on n\u2019en parlait tout simplement pas. Jusqu\u2019\u00e0 mon arriv\u00e9e \u00e0 Paris, il y a 9 ans, je n\u2019avais aucune exp\u00e9rience des lieux queers.\u00a0\u00bb\u00a0<\/p>\n<p class=\" wall-content\"><a href=\"https:\/\/www.instagram.com\/ceriselacastagne\/embed\" title=\"Ouvrir le lien sur Instagram\" target=\"_blank\" rel=\"noopener\">Visualiser le contenu sur Instagram<\/a><\/p>\n<p class=\" wall-content\">Elle fera alors la rencontre d\u2019H\u00e9l\u00e8ne en travaillant au Rosa Bonheur. \u00ab\u00a0Je me suis d\u00e9couverte avec elle\u00a0\u00bb, juge-t-elle aujourd\u2019hui. H\u00e9l\u00e8ne embraye : \u00ab\u00a0On a fait du chemin ensemble, on a ouvert les yeux sur pas mal de choses\u00a0\u00bb.<\/p>\n<p class=\" wall-content\">Une route qui a men\u00e9 le couple \u00e0 ouvrir le Montvenus en f\u00e9vrier 2024. Andr\u00e9a plante le d\u00e9cor : \u00ab\u00a0On voulait faire un bar en banlieue o\u00f9 on aurait voulu aller, avec notre DA [direction artistique]\u00a0\u00bb.<\/p>\n<p>\u00c0 leur image\u00a0<\/p>\n<p class=\" wall-content\">Le rendu est intime, lumineux et accueillant. Loin des clich\u00e9s longtemps projet\u00e9s sur les membres de la communaut\u00e9 LGBTQIA+, argue H\u00e9l\u00e8ne.<\/p>\n<p class=\" wall-content\">\u00ab\u00a0\u00c0 mon \u00e9poque, \u00e0 Paris, <strong>les lieux queers \u00e9taient forc\u00e9ment assez sombres<\/strong>, cach\u00e9s, parfois secrets. Cela collait \u00e0 l\u2019image que se faisait le grand public de la communaut\u00e9, centr\u00e9e exclusivement sur le sexe \u00e0 outrance, les drogues et une forme de toxicit\u00e9. En clair, des d\u00e9prav\u00e9s. C\u2019\u00e9tait en majorit\u00e9 aussi des lieux d\u00e9di\u00e9s \u00e0 la communaut\u00e9 gay, pas lesbiens. Et comme ils \u00e9taient peu nombreux, c\u2019\u00e9tait souvent bond\u00e9.\u00a0\u00bb\u00a0\u00a0<\/p>\n<p>    <img   decoding=\"async\" loading=\"lazy\" src=\"https:\/\/www.europesays.com\/fr\/wp-content\/uploads\/2025\/06\/img-3154-960x640.jpg\" alt=\"Montvenus-bar-cocktails-f\u00e9ministe-queer-montreuil\" width=\"960\" height=\"640\"\/><br \/>\n    Le salon cosy du Montvenus, o\u00f9 il est possible d\u2019emprunter un livre dans l\u2019\u00e9tag\u00e8re. (\u00a9AD \/ actu Paris)<\/p>\n<p class=\" wall-content\">Bref, rien \u00e0 voir avec le Montvenus, <strong>ses grandes baies vitr\u00e9es<\/strong> donnant sur le boulevard Paul-Vaillant-Couturier, sa terrasse et ses murs blancs. H\u00e9l\u00e8ne pr\u00e9cise le fond de sa pens\u00e9e : \u00ab\u00a0C\u2019est aussi un message politique qui dit : on est partout et pluriel.\u00a0\u00bb<\/p>\n<p>Tricot, drag show et dessins de mod\u00e8le vivant\u00a0<\/p>\n<p class=\" wall-content\">Le propos (engag\u00e9) est diss\u00e9min\u00e9 avec doigt\u00e9 dans la d\u00e9coration du spot, comme dans sa programmation. En toile de fond, les illustrations de l\u2019artiste queer Cerise la Castagne, celles de Margot Koskas (Draw feminism sur Instagram) ou la carte du <a href=\"https:\/\/alcatela.com\/collabs\/project-five-jkmzy-9t52r\" target=\"_blank\" rel=\"noopener\">projet Queer City<\/a> r\u00e9pondent aux dessins de nues, \u00e0 la litt\u00e9rature f\u00e9ministe et \u00e0 la <strong>charte des valeurs du lieu<\/strong>.<\/p>\n<p class=\" wall-content\">\u00ab\u00a0Tous les mois, on fait un vernissage et on expose une artiste. Actuellement, c\u2019est Cerise la Castagne, mais on le fait aussi avec des illustratrices \u00e9mergentes\u00a0\u00bb, d\u00e9taille H\u00e9l\u00e8ne. Avant de pr\u00e9ciser : \u00ab\u00a0On ne fait pas de b\u00e9n\u00e9fice sur les ventes. C\u2019est entre l\u2019artiste et l\u2019acheteuse. Nous on veut juste les mettre en valeur\u00a0\u00bb.\u00a0<\/p>\n<p class=\" wall-content\"><a href=\"https:\/\/www.instagram.com\/p\/DCkpqe9CZNB\/embed\" title=\"Ouvrir le lien sur Instagram\" target=\"_blank\" rel=\"noopener\">Visualiser le contenu sur Instagram<\/a><\/p>\n<p class=\" wall-content\">En parall\u00e8le, le Montvenus accueille des intervenantes f\u00e9ministes, organise des ateliers de tricot ou de dessin de mod\u00e8le vivant, des \u00ab\u00a0drink &amp; draw\u00a0\u00bb, des drag shows et permet de temps \u00e0 autre de<strong> se faire couper les cheveux \u00e0 prix libre<\/strong>. \u00ab\u00a0M\u00eame si on nous a parfois reproch\u00e9 nos tarifs, on a conscience que les femmes et les personnes queers forment une communaut\u00e9 pr\u00e9caris\u00e9e et on est attentives \u00e0 \u00e7a aussi\u00a0\u00bb, ajoute H\u00e9l\u00e8ne.\u00a0<\/p>\n<p class=\" wall-content\">Elle poursuit : \u00ab\u00a0Certains ne s\u2019y retrouveront peut-\u00eatre pas, mais il faut des lieux pour les diff\u00e9rents moments de vie, pour tous les publics. Notre client\u00e8le est un peu plus \u00e2g\u00e9e qu\u2019\u00e0 La Mutinerie par exemple, elle oscille entre 29 ans et la quarantaine, et elle est demandeuse de qualit\u00e9, quitte \u00e0 prendre un peu moins de verres, ou mettre un peu plus d\u2019argent.\u00a0\u00bb\u00a0<\/p>\n<p>Des cocktails d\u00e9salcoolis\u00e9s qui valent le d\u00e9tour\u00a0<\/p>\n<p class=\" wall-content\">Les prix sont d\u2019ailleurs loin d\u2019\u00eatre prohibitifs pour ceux qui privil\u00e9gient la qualit\u00e9 dans leur verre ou leur assiette. Le caf\u00e9 (expresso \u00e0 2 euros) est, par exemple, torr\u00e9fi\u00e9 \u00e0 Montreuil, tandis que la bi\u00e8re (pinte entre 7,20\u00a0 et 8 euros) est brass\u00e9e sur la commune. La plupart des produits sont bios, sourc\u00e9s et locaux. Logique, quand on sait que les fondatrices ont une vision intersectionnelle du f\u00e9minisme.<\/p>\n<blockquote class=\"tiktok-embed\" cite=\"https:\/\/www.tiktok.com\/@actu.paris\/video\/7510285236769443094\" data-video-id=\"7510285236769443094\" data-embed-from=\"oembed\" style=\"max-width:605px; min-width:325px;\"><p>\n<a target=\"_blank\" title=\"@actu.paris\" href=\"https:\/\/www.tiktok.com\/@actu.paris?refer=embed\" rel=\"noopener\">@actu.paris<\/a> <\/p>\n<p>Le bar \u00e0 cocktails queer et f\u00e9ministe MontVenus, clin d\u2019\u0153il au \u00ab\u00a0mont de V\u00e9nus\u00a0\u00bb du pubis, a ouvert en 2024 \u00e0 Montreuil. <a title=\"lgbt\" target=\"_blank\" href=\"https:\/\/www.tiktok.com\/tag\/lgbt?refer=embed\" rel=\"noopener\">#LGBT<\/a> <a title=\"bar\" target=\"_blank\" href=\"https:\/\/www.tiktok.com\/tag\/bar?refer=embed\" rel=\"noopener\">#bar<\/a> <\/p>\n<p> <a target=\"_blank\" title=\"\u266c Natural Emotions - Muspace Lofi\" href=\"https:\/\/www.tiktok.com\/music\/Natural-Emotions-7142926872781817858?refer=embed\" rel=\"noopener\">\u266c Natural Emotions \u2013 Muspace Lofi<\/a> <\/p>\n<\/blockquote>\n<p class=\" wall-content\">Quant au choix des cocktails (entre 7,5 en happy hour et 12 euros), on retrouve les classiques (Spritz, Mojito, Pisco Sour, etc) et une <strong>s\u00e9rie de breuvages signatures<\/strong> baptis\u00e9s avec des noms de proches d\u2019H\u00e9l\u00e8ne et Andr\u00e9a. Comme \u00ab\u00a0Fanny\u00a0\u00bb et son rhum infus\u00e9 \u00e0 la madeleine ou \u00ab\u00a0B\u00e9n\u00e9dicte\u00a0\u00bb qui m\u00eale tequila, campari et triple sec. Quelques-uns peuvent \u00e9galement se go\u00fbter <a href=\"https:\/\/actu.fr\/ile-de-france\/paris_75056\/video-paris-decouvrez-la-premiere-cave-de-boissons-sans-alcool-destinees-aux-adultes_57387997.html\" target=\"_blank\" rel=\"noopener\">en version \u00ab\u00a0sober\u00a0\u00bb (sans alcool)<\/a> et on pr\u00e9f\u00e8re vous pr\u00e9venir, cela vaut le d\u00e9tour.<\/p>\n<p class=\" wall-content\">Et pour ceux qui n\u2019aurait pas compris, n\u2019ayez crainte, le bar est ouvert \u00e0 tous, tant qu\u2019on est \u00ab\u00a0respectueux, bienveillant et dans le partage\u00a0\u00bb. Andr\u00e9a taquine : \u00ab\u00a0On est h\u00e9t\u00e9ro-friendly\u00a0\u00bb.\u00a0<\/p>\n<p><strong>Adresse<\/strong><br \/>16 Boulevard Paul Vaillant Couturier, 93100 Montreuil<\/p>\n<p class=\" wall-content\">Suivez toute l\u2019actualit\u00e9 de vos villes et m\u00e9dias favoris en vous inscrivant \u00e0 <a href=\"https:\/\/moncompte.actu.fr\" title=\"D\u00e9couvez Mon Actu\" rel=\"nofollow noopener\" data-trk=\"{&quot;cta&quot;:{&quot;action&quot;:&quot;https:\\\/\\\/moncompte.actu.fr&quot;,&quot;category&quot;:&quot;mon compte&quot;,&quot;from&quot;:&quot;article footer&quot;,&quot;name&quot;:&quot;Mon actu&quot;,&quot;type&quot;:&quot;cta&quot;}}\" target=\"_blank\">Mon Actu<\/a>.<\/p>\n<p>                    <script async src=\"\/\/www.instagram.com\/embed.js\"><\/script><script async src=\"\/\/www.tiktok.com\/embed.js\"><\/script><\/p>\n","protected":false},"excerpt":{"rendered":"Par Augustin Delaporte Publi\u00e9 le 31 mai 2025 \u00e0 12h46 Il y a du Clare Lydon dans l\u2019\u00e9tag\u00e8re&hellip;\n","protected":false},"author":2,"featured_media":143064,"comment_status":"","ping_status":"","sticky":false,"template":"","format":"standard","meta":{"footnotes":""},"categories":[1888],"tags":[11,1777,674,6757,1011,27,12,626,25,104],"class_list":{"0":"post-143063","1":"post","2":"type-post","3":"status-publish","4":"format-standard","5":"has-post-thumbnail","7":"category-paris","8":"tag-actualites","9":"tag-eu","10":"tag-europe","11":"tag-feminisme","12":"tag-fr","13":"tag-france","14":"tag-news","15":"tag-paris","16":"tag-republique-francaise","17":"tag-societe"},"share_on_mastodon":{"url":"https:\/\/pubeurope.com\/@fr\/114605839413824166","error":""},"_links":{"self":[{"href":"https:\/\/www.europesays.com\/fr\/wp-json\/wp\/v2\/posts\/143063","targetHints":{"allow":["GET"]}}],"collection":[{"href":"https:\/\/www.europesays.com\/fr\/wp-json\/wp\/v2\/posts"}],"about":[{"href":"https:\/\/www.europesays.com\/fr\/wp-json\/wp\/v2\/types\/post"}],"author":[{"embeddable":true,"href":"https:\/\/www.europesays.com\/fr\/wp-json\/wp\/v2\/users\/2"}],"replies":[{"embeddable":true,"href":"https:\/\/www.europesays.com\/fr\/wp-json\/wp\/v2\/comments?post=143063"}],"version-history":[{"count":0,"href":"https:\/\/www.europesays.com\/fr\/wp-json\/wp\/v2\/posts\/143063\/revisions"}],"wp:featuredmedia":[{"embeddable":true,"href":"https:\/\/www.europesays.com\/fr\/wp-json\/wp\/v2\/media\/143064"}],"wp:attachment":[{"href":"https:\/\/www.europesays.com\/fr\/wp-json\/wp\/v2\/media?parent=143063"}],"wp:term":[{"taxonomy":"category","embeddable":true,"href":"https:\/\/www.europesays.com\/fr\/wp-json\/wp\/v2\/categories?post=143063"},{"taxonomy":"post_tag","embeddable":true,"href":"https:\/\/www.europesays.com\/fr\/wp-json\/wp\/v2\/tags?post=143063"}],"curies":[{"name":"wp","href":"https:\/\/api.w.org\/{rel}","templated":true}]}}