{"id":143069,"date":"2025-06-01T02:53:10","date_gmt":"2025-06-01T02:53:10","guid":{"rendered":"https:\/\/www.europesays.com\/fr\/143069\/"},"modified":"2025-06-01T02:53:10","modified_gmt":"2025-06-01T02:53:10","slug":"la-pologne-tient-une-presidentielle-critique-pour-lue-et-lavenir-de-lukraine","status":"publish","type":"post","link":"https:\/\/www.europesays.com\/fr\/143069\/","title":{"rendered":"La Pologne tient une pr\u00e9sidentielle critique pour l&rsquo;UE et l\u2019avenir de l\u2019Ukraine"},"content":{"rendered":"<p>Les sondages pr\u00e9voient une \u00e9lection particuli\u00e8rement serr\u00e9e, Karol Nawrocki b\u00e9n\u00e9ficiant de 50,1% et Rafal Trzaskowski de 49,9% des intentions de vote.<\/p>\n<p class=\"fig-paragraph\">Les Polonais participent dimanche\u00a0<a href=\"http:\/\/www.lefigaro.fr\/international\/toute-ma-vie-j-ai-vu-les-memes-partis-au-pouvoir-en-pologne-la-jeunesse-se-tourne-vers-les-extremes-20250531\" data-fig-type=\"Article\" data-gtm-custom-categorie=\"navigation\" data-gtm-custom-action=\"crossclick\" data-gtm-custom-label=\"Contextuel\" data-gtm-event=\"customEventSPE\" data-fig-domain=\"LEFIGARO\" target=\"_blank\" rel=\"noopener\">\u00e0 une \u00e9lection pr\u00e9sidentielle<\/a>\u00a0qui s&rsquo;annonce extr\u00eamement serr\u00e9e et dont le r\u00e9sultat aura des implications majeures pour la place de leur pays en Europe, mais aussi pour le droit \u00e0 l&rsquo;avortement et les personnes LGBT+.<\/p>\n<p class=\"fig-paragraph\">Rafal Trzaskowski, 53 ans, maire pro-UE de Varsovie et alli\u00e9 du gouvernement centriste, affronte au second tour l&rsquo;historien nationaliste Karol Nawrocki, 42 ans, soutenu par le parti Droit et Justice (PiS) du pr\u00e9sident conservateur sortant Andrzej Duda. Les sondages pr\u00e9voient une \u00e9lection particuli\u00e8rement serr\u00e9e. M. Nawrocki b\u00e9n\u00e9ficie de 50,1% et M. Trzaskowski de 49,9% des intentions de vote, une diff\u00e9rence infime qui se situe dans la marge d&rsquo;erreur.<\/p>\n<p class=\"fig-paragraph\">Les bureaux de vote seront ouverts de 05h00 \u00e0 19h00 GMT dans ce pays membre de l&rsquo;UE et de l&rsquo;Otan, qui borde l&rsquo;<a href=\"http:\/\/www.lefigaro.fr\/international\/dossier\/quand-l-histoire-se-repete\" data-fig-type=\"Topic\" data-gtm-custom-categorie=\"navigation\" data-gtm-custom-action=\"crossclick\" data-gtm-custom-label=\"Contextuel\" data-gtm-event=\"customEventSPE\" data-fig-domain=\"LEFIGARO\" target=\"_blank\" rel=\"noopener\">Ukraine<\/a>\u00a0et reste un fervent soutien de son voisin qui se d\u00e9fend contre la Russie. Un sondage \u00e0 la sortie des urnes est attendu d\u00e8s la fermeture des bureaux de vote, mais le r\u00e9sultat final ne devrait \u00eatre connu que lundi.<\/p>\n<p>Un \u00abv\u00e9ritable choc de civilisations\u00bb<\/p>\n<p class=\"fig-paragraph\">Une victoire de M. Trzaskowski donnerait un grand coup de pouce pour l&rsquo;agenda progressiste du gouvernement dirig\u00e9 par le\u00a0<a href=\"http:\/\/www.lefigaro.fr\/international\/je-ferai-de-mon-mieux-pour-convaincre-donald-tusk-exhorte-les-vingt-sept-a-saisir-les-avoirs-russes-et-a-se-rearmer-20250305\" data-fig-type=\"Article\" data-gtm-custom-categorie=\"navigation\" data-gtm-custom-action=\"crossclick\" data-gtm-custom-label=\"Contextuel\" data-gtm-event=\"customEventSPE\" data-fig-domain=\"LEFIGARO\" target=\"_blank\" rel=\"noopener\">Premier ministre Donald Tusk<\/a>, ancien pr\u00e9sident du Conseil europ\u00e9en.<\/p>\n<p class=\"fig-paragraph\">Cela pourrait entra\u00eener des changements sociaux significatifs tels que l&rsquo;introduction de partenariats civils pour les couples de m\u00eame sexe et un assouplissement de la l\u00e9gislation sur l&rsquo;avortement, aujourd&rsquo;hui quasiment interdit. Le pr\u00e9sident en Pologne, pays de 38 millions d&rsquo;habitants, a le droit de veto sur les lois, et est \u00e9galement le chef des forces arm\u00e9es.<\/p>\n<p class=\"fig-paragraph\">Une victoire de Karol Nawrocki renforcerait le parti populiste Droit et Justice qui a gouvern\u00e9 la Pologne entre 2015 et 2023, et pourrait entra\u00eener de nouvelles \u00e9lections parlementaires. De nombreux partisans de Karol Nawrocki veulent des restrictions plus strictes sur l&rsquo;immigration et une plus large souverainet\u00e9 de leur pays au sein de l&rsquo;Union europ\u00e9enne. Anna Materska-Sosnowska, experte politique, a qualifi\u00e9 l\u2019\u00e9lection de \u00abv\u00e9ritable choc de civilisations\u00bb en raison des importantes divergences de politiques entre les candidats.<\/p>\n<p>Une \u00e9lection cruciale pour l\u2019Ukraine<\/p>\n<p class=\"fig-paragraph\">L&rsquo;\u00e9lection est \u00e9galement suivie de pr\u00e8s en Ukraine, pays voisin qui cherche \u00e0 renforcer le soutien diplomatique international pour ses n\u00e9gociations difficiles avec la Russie.<\/p>\n<p class=\"fig-paragraph\">Karol Nawrocki, admirateur du pr\u00e9sident am\u00e9ricain Donald Trump, s&rsquo;oppose \u00e0 l&rsquo;adh\u00e9sion de Kiev \u00e0 l&rsquo;Otan et a appel\u00e9 \u00e0 des restrictions sur les avantages dont b\u00e9n\u00e9ficient environ un million de r\u00e9fugi\u00e9s ukrainiens en Pologne. Aux derni\u00e8res heures de sa campagne, vendredi, il est all\u00e9 fleurir un monument d\u00e9di\u00e9 aux Polonais tu\u00e9s par des nationalistes ukrainiens pendant la Seconde Guerre mondiale. \u00abC&rsquo;\u00e9tait un g\u00e9nocide contre le peuple polonais\u00bb, a-t-il d\u00e9clar\u00e9.<\/p>\n<p class=\"fig-paragraph\">Le r\u00e9sultat final de l&rsquo;\u00e9lection devrait d\u00e9pendre de la capacit\u00e9 de Rafal Trzaskowski \u00e0 mobiliser suffisamment de supporters, et de la volont\u00e9 des \u00e9lecteurs d&rsquo;extr\u00eame droite de reporter leur vote sur M. Nawrocki. Les candidats d&rsquo;extr\u00eame droite ont obtenu au total plus de 21% des voix au premier tour, que M. Trzaskowski a remport\u00e9 de justesse avec 31% des voix, contre 30% pour M. Nawrocki.<\/p>\n","protected":false},"excerpt":{"rendered":"Les sondages pr\u00e9voient une \u00e9lection particuli\u00e8rement serr\u00e9e, Karol Nawrocki b\u00e9n\u00e9ficiant de 50,1% et Rafal Trzaskowski de 49,9% des&hellip;\n","protected":false},"author":2,"featured_media":143070,"comment_status":"","ping_status":"","sticky":false,"template":"","format":"standard","meta":{"footnotes":""},"categories":[1590],"tags":[259,11,260,19429,11984,1777,674,14,261,12,262,2437,220],"class_list":{"0":"post-143069","1":"post","2":"type-post","3":"status-publish","4":"format-standard","5":"has-post-thumbnail","7":"category-ukraine","8":"tag-actualite-internationale","9":"tag-actualites","10":"tag-affaires-etrangeres","11":"tag-donald-tusk","12":"tag-election-presidentielle","13":"tag-eu","14":"tag-europe","15":"tag-international","16":"tag-ministere-des-affaires-etrangeres","17":"tag-news","18":"tag-politique-etrangere","19":"tag-pologne","20":"tag-ukraine"},"share_on_mastodon":{"url":"https:\/\/pubeurope.com\/@fr\/114605850929300545","error":""},"_links":{"self":[{"href":"https:\/\/www.europesays.com\/fr\/wp-json\/wp\/v2\/posts\/143069","targetHints":{"allow":["GET"]}}],"collection":[{"href":"https:\/\/www.europesays.com\/fr\/wp-json\/wp\/v2\/posts"}],"about":[{"href":"https:\/\/www.europesays.com\/fr\/wp-json\/wp\/v2\/types\/post"}],"author":[{"embeddable":true,"href":"https:\/\/www.europesays.com\/fr\/wp-json\/wp\/v2\/users\/2"}],"replies":[{"embeddable":true,"href":"https:\/\/www.europesays.com\/fr\/wp-json\/wp\/v2\/comments?post=143069"}],"version-history":[{"count":0,"href":"https:\/\/www.europesays.com\/fr\/wp-json\/wp\/v2\/posts\/143069\/revisions"}],"wp:featuredmedia":[{"embeddable":true,"href":"https:\/\/www.europesays.com\/fr\/wp-json\/wp\/v2\/media\/143070"}],"wp:attachment":[{"href":"https:\/\/www.europesays.com\/fr\/wp-json\/wp\/v2\/media?parent=143069"}],"wp:term":[{"taxonomy":"category","embeddable":true,"href":"https:\/\/www.europesays.com\/fr\/wp-json\/wp\/v2\/categories?post=143069"},{"taxonomy":"post_tag","embeddable":true,"href":"https:\/\/www.europesays.com\/fr\/wp-json\/wp\/v2\/tags?post=143069"}],"curies":[{"name":"wp","href":"https:\/\/api.w.org\/{rel}","templated":true}]}}