{"id":143075,"date":"2025-06-01T02:56:17","date_gmt":"2025-06-01T02:56:17","guid":{"rendered":"https:\/\/www.europesays.com\/fr\/143075\/"},"modified":"2025-06-01T02:56:17","modified_gmt":"2025-06-01T02:56:17","slug":"linflation-stable-en-mai-a-21-sur-un-an","status":"publish","type":"post","link":"https:\/\/www.europesays.com\/fr\/143075\/","title":{"rendered":"l&rsquo;inflation stable en mai \u00e0 2,1% sur un an"},"content":{"rendered":"<p class=\"wysiwyg-h2\">L&rsquo;inflation en Allemagne est rest\u00e9e stable en mai sur un an, aid\u00e9e par le recul des prix de l&rsquo;\u00e9nergie, de quoi rassurer la Banque centrale europ\u00e9enne (BCE) qui devrait d\u00e9cider jeudi d&rsquo;une nouvelle baisse des taux d&rsquo;int\u00e9r\u00eats.<\/p>\n<p>L&rsquo;indice des prix \u00e0 la consommation a atteint 2,1% sur un an, comme en avril, selon une estimation provisoire publi\u00e9e vendredi par l&rsquo;institut de statistiques Destatis. Les analystes sond\u00e9s par Factset tablaient sur la m\u00eame valeur.<\/p>\n<p>La hausse des prix ne s&rsquo;est plus acc\u00e9l\u00e9r\u00e9e depuis d\u00e9cembre, quand l&rsquo;indicateur avait atteint 2,6% en Allemagne sur un an.<\/p>\n<p>Paradoxalement, Donald Trump et son avalanche de droits de douane, en partie suspendue actuellement, aurait jou\u00e9 &lsquo;un r\u00f4le important&rsquo; dans cette baisse, selon Carsten Brzeski de la banque ING.<\/p>\n<p>Car &lsquo;la baisse des prix du p\u00e9trole, ainsi que le renforcement du taux de change de l&rsquo;euro&rsquo; entra\u00een\u00e9s par la guerre commerciale men\u00e9e par le pr\u00e9sident am\u00e9ricain &lsquo;ont renforc\u00e9 les pressions d\u00e9sinflationnistes en Allemagne et dans l&rsquo;ensemble de la zone euro&rsquo;, selon l&rsquo;analyste.<\/p>\n<p>Jusqu&rsquo;\u00e0 la fin de l&rsquo;ann\u00e9e, l&rsquo;indicateur devrait avoisiner les 2%, la cible fix\u00e9e par la BCE, une rare bonne nouvelle pour l&rsquo;\u00e9conomie allemande en crise.<\/p>\n<p>L&rsquo;inflation dans les services se maintient certes \u00e0 un niveau \u00e9lev\u00e9, \u00e0 3,4% en mai, mais inf\u00e9rieur \u00e0 celui des mois pr\u00e9c\u00e9dents.<\/p>\n<p>Et les prix de l&rsquo;\u00e9nergie poursuivent leur recul, \u00e0 -4,6% sur un an, bien loin des sommets atteints dans la foul\u00e9e de l&rsquo;invasion russe en Ukraine.<\/p>\n<p>L&rsquo;indice global des prix harmonis\u00e9s, valeur r\u00e9f\u00e9rence pour l&rsquo;institution de Francfort, a atteint 2,1% en mai.<\/p>\n<p>Quant \u00e0 l&rsquo;inflation sous-jacente, qui exclut les prix volatils des biens de consommation et de l&rsquo;\u00e9nergie, elle a l\u00e9g\u00e8rement ralenti \u00e0 2,8% en mai.<\/p>\n<p>En glissement mensuel, l&rsquo;inflation a augment\u00e9 de 0,1% entre avril et mai.<\/p>\n<p>L&rsquo;inflation a \u00e9galement baiss\u00e9 en Espagne (\u00e0 1,9%), en Italie (1,7%) et en Pologne (4,1%) tandis qu&rsquo;elle a enregistr\u00e9 une hausse, pour le deuxi\u00e8me mois cons\u00e9cutif au Portugal (2,3%), d&rsquo;apr\u00e8s des chiffres officiels publi\u00e9s vendredi.<\/p>\n<p>Depuis juin 2024, la BCE a r\u00e9alis\u00e9 sept baisses de taux, dans un contexte de d\u00e9sinflation et de croissance globalement an\u00e9mique en zone euro.<\/p>\n<p>Tout porte \u00e0 croire que l&rsquo;institution mon\u00e9taire r\u00e9duira \u00e0 nouveau ses taux jeudi, malgr\u00e9 les menaces li\u00e9s aux droits de douane am\u00e9ricain sur l&rsquo;\u00e9conomie de la zone euro.<\/p>\n<p>\/ATS<\/p>\n","protected":false},"excerpt":{"rendered":"L&rsquo;inflation en Allemagne est rest\u00e9e stable en mai sur un an, aid\u00e9e par le recul des prix de&hellip;\n","protected":false},"author":2,"featured_media":143076,"comment_status":"","ping_status":"","sticky":false,"template":"","format":"standard","meta":{"footnotes":""},"categories":[1587],"tags":[11,672,1804,1805,1803,33,1777,674,1801,20189,12,1802,20190,20191],"class_list":{"0":"post-143075","1":"post","2":"type-post","3":"status-publish","4":"format-standard","5":"has-post-thumbnail","7":"category-allemagne","8":"tag-actualites","9":"tag-allemagne","10":"tag-bundesrepublik-deutschland","11":"tag-de","12":"tag-deutschland","13":"tag-economie","14":"tag-eu","15":"tag-europe","16":"tag-germany","17":"tag-leman-bleu","18":"tag-news","19":"tag-republique-federale-dallemagne","20":"tag-television-geneve","21":"tag-television-nyon"},"share_on_mastodon":{"url":"https:\/\/pubeurope.com\/@fr\/114605862639465343","error":""},"_links":{"self":[{"href":"https:\/\/www.europesays.com\/fr\/wp-json\/wp\/v2\/posts\/143075","targetHints":{"allow":["GET"]}}],"collection":[{"href":"https:\/\/www.europesays.com\/fr\/wp-json\/wp\/v2\/posts"}],"about":[{"href":"https:\/\/www.europesays.com\/fr\/wp-json\/wp\/v2\/types\/post"}],"author":[{"embeddable":true,"href":"https:\/\/www.europesays.com\/fr\/wp-json\/wp\/v2\/users\/2"}],"replies":[{"embeddable":true,"href":"https:\/\/www.europesays.com\/fr\/wp-json\/wp\/v2\/comments?post=143075"}],"version-history":[{"count":0,"href":"https:\/\/www.europesays.com\/fr\/wp-json\/wp\/v2\/posts\/143075\/revisions"}],"wp:featuredmedia":[{"embeddable":true,"href":"https:\/\/www.europesays.com\/fr\/wp-json\/wp\/v2\/media\/143076"}],"wp:attachment":[{"href":"https:\/\/www.europesays.com\/fr\/wp-json\/wp\/v2\/media?parent=143075"}],"wp:term":[{"taxonomy":"category","embeddable":true,"href":"https:\/\/www.europesays.com\/fr\/wp-json\/wp\/v2\/categories?post=143075"},{"taxonomy":"post_tag","embeddable":true,"href":"https:\/\/www.europesays.com\/fr\/wp-json\/wp\/v2\/tags?post=143075"}],"curies":[{"name":"wp","href":"https:\/\/api.w.org\/{rel}","templated":true}]}}