{"id":143079,"date":"2025-06-01T02:58:08","date_gmt":"2025-06-01T02:58:08","guid":{"rendered":"https:\/\/www.europesays.com\/fr\/143079\/"},"modified":"2025-06-01T02:58:08","modified_gmt":"2025-06-01T02:58:08","slug":"on-a-eu-du-mal-et-on-na-pas-merite-de-gagner-reconnait-dumfries-apres-la-deroute-face-au-psg","status":"publish","type":"post","link":"https:\/\/www.europesays.com\/fr\/143079\/","title":{"rendered":"\u00abOn a eu du mal et on n\u2019a pas m\u00e9rit\u00e9 de gagner\u00bb, reconna\u00eet Dumfries apr\u00e8s la d\u00e9route face au PSG"},"content":{"rendered":"<p>L\u2019international n\u00e9erlandais de l\u2019Inter fait le point apr\u00e8s la correction face au PSG (0-5) samedi, \u00e0 Munich, en finale de Ligue des champions.<\/p>\n<p class=\"fig-paragraph\">Denzel Dumfries, l\u2019arri\u00e8re droit de l\u2019Inter Milan, est revenu en zone mixte sur la lourde d\u00e9faite de son \u00e9quipe en finale de Ligue des champions contre le PSG (0-5)\u00a0: \u00abC\u2019est dur \u00e0 encaisser\u2026 D\u00e8s le d\u00e9but, on n\u2019a pas m\u00e9rit\u00e9 de gagner. C\u2019est dur, on voulait prendre notre revanche apr\u00e8s la d\u00e9faite en finale perdue de 2023. \u00c7a n\u2019a pas \u00e9t\u00e9 dans notre sens. Il faut l\u2019accepter. C\u2019est dur de trouver les mots pour expliquer ce qui est arriv\u00e9\u2026\u00bb<\/p>\n<p class=\"fig-paragraph\">A-t-il \u00e9t\u00e9 surpris par le niveau du PSG\u00a0? \u00abNon. On savait qu\u2019ils \u00e9taient forts. Aujourd\u2019hui, on n\u2019a pas vu l\u2019Inter qu\u2019on voulait voir, l\u2019Inter qu\u2019on a d\u00e9j\u00e0 montr\u00e9, celui qui a m\u00e9rit\u00e9 sa place en finale. On doit l\u2019accepter. On gagne ensemble, on perd ensemble. Le plus dur face \u00e0 Paris\u00a0? Ils sont tr\u00e8s dominants, tr\u00e8s dynamiques, beaucoup de mouvement. Ils sont tr\u00e8s bons afin de trouver le joueur libre. On a eu du mal et on n\u2019a pas m\u00e9rit\u00e9 de gagner. Mon match\u00a0? \u00c7a n\u2019a pas d\u2019importance. On a perdu et c\u2019est la r\u00e9alit\u00e9. (\u2026) Le coach \u00e9tait en col\u00e8re, il attendait qu\u2019on mette plus d\u2019\u00e9nergie, il a toutes les raisons d\u2019\u00eatre en col\u00e8re mais on l\u2019est aussi. Ce n\u2019\u00e9tait pas assez.\u00bb<\/p>\n<p class=\"fig-paragraph\">Quant au tripl\u00e9 encore possible pour l\u2019Inter Milan qui, finalement, n\u2019aura rien gagn\u00e9 cette saison, Denzel Dumfries se veut fataliste. \u00abC\u2019est la r\u00e9alit\u00e9. C\u2019est comme les montagnes russes\u2026 On a eu une bonne p\u00e9riode et sur les derni\u00e8res semaines, on n\u2019a pas jou\u00e9 comme avant. C\u2019est dur \u00e0 encaisser\u2026 Revenir en finale de C1\u00a0? Oui, on le peut. Quand on joue pour un aussi grand club que l\u2019Inter, on doit toujours se battre. L\u00e0 tout de suite, c\u2019est dur de savoir comment, mais on a d\u00e9j\u00e0 la Coupe du monde des clubs, il faudra bien figurer. Le d\u00e9but de match\u00a0? On ne voulait pas commencer comme \u00e7a. On n\u2019a jamais eu le contr\u00f4le, on n\u2019a pas jou\u00e9 notre jeu. 5-0, c\u2019est dur, mais on n\u2019a pas m\u00e9rit\u00e9, d\u00e8s le d\u00e9but.\u00bb<\/p>\n","protected":false},"excerpt":{"rendered":"L\u2019international n\u00e9erlandais de l\u2019Inter fait le point apr\u00e8s la correction face au PSG (0-5) samedi, \u00e0 Munich, en&hellip;\n","protected":false},"author":2,"featured_media":143080,"comment_status":"","ping_status":"","sticky":false,"template":"","format":"standard","meta":{"footnotes":""},"categories":[1586],"tags":[11,4791,786,525,448,1981,1089,814,1777,674,1779,2257,63,1011,27,2705,447,1307,3490,955,12,4589,4789,93,4790,25,1980,1778,455,364],"class_list":{"0":"post-143079","1":"post","2":"type-post","3":"status-publish","4":"format-standard","5":"has-post-thumbnail","7":"category-europe","8":"tag-actualites","9":"tag-barcelone","10":"tag-c1","11":"tag-calendrier","12":"tag-champions-league","13":"tag-classement","14":"tag-coupe-deurope","15":"tag-direct","16":"tag-eu","17":"tag-europe","18":"tag-european-union","19":"tag-foot","20":"tag-football","21":"tag-fr","22":"tag-france","23":"tag-groupe","24":"tag-ligue-des-champions","25":"tag-lille","26":"tag-liverpool","27":"tag-match","28":"tag-news","29":"tag-phase-finale","30":"tag-poule","31":"tag-psg","32":"tag-real-madrid","33":"tag-republique-francaise","34":"tag-resultats","35":"tag-ue","36":"tag-uefa","37":"tag-union-europeenne"},"share_on_mastodon":{"url":"https:\/\/pubeurope.com\/@fr\/114605870537783850","error":""},"_links":{"self":[{"href":"https:\/\/www.europesays.com\/fr\/wp-json\/wp\/v2\/posts\/143079","targetHints":{"allow":["GET"]}}],"collection":[{"href":"https:\/\/www.europesays.com\/fr\/wp-json\/wp\/v2\/posts"}],"about":[{"href":"https:\/\/www.europesays.com\/fr\/wp-json\/wp\/v2\/types\/post"}],"author":[{"embeddable":true,"href":"https:\/\/www.europesays.com\/fr\/wp-json\/wp\/v2\/users\/2"}],"replies":[{"embeddable":true,"href":"https:\/\/www.europesays.com\/fr\/wp-json\/wp\/v2\/comments?post=143079"}],"version-history":[{"count":0,"href":"https:\/\/www.europesays.com\/fr\/wp-json\/wp\/v2\/posts\/143079\/revisions"}],"wp:featuredmedia":[{"embeddable":true,"href":"https:\/\/www.europesays.com\/fr\/wp-json\/wp\/v2\/media\/143080"}],"wp:attachment":[{"href":"https:\/\/www.europesays.com\/fr\/wp-json\/wp\/v2\/media?parent=143079"}],"wp:term":[{"taxonomy":"category","embeddable":true,"href":"https:\/\/www.europesays.com\/fr\/wp-json\/wp\/v2\/categories?post=143079"},{"taxonomy":"post_tag","embeddable":true,"href":"https:\/\/www.europesays.com\/fr\/wp-json\/wp\/v2\/tags?post=143079"}],"curies":[{"name":"wp","href":"https:\/\/api.w.org\/{rel}","templated":true}]}}