{"id":143097,"date":"2025-06-01T03:09:09","date_gmt":"2025-06-01T03:09:09","guid":{"rendered":"https:\/\/www.europesays.com\/fr\/143097\/"},"modified":"2025-06-01T03:09:09","modified_gmt":"2025-06-01T03:09:09","slug":"cyclisme-tour-de-norvege-matthew-brennan-jai-lance-mon-sprint-un-peu-trop-tot","status":"publish","type":"post","link":"https:\/\/www.europesays.com\/fr\/143097\/","title":{"rendered":"Cyclisme. Tour de Norv\u00e8ge &#8211; Matthew Brennan : \u00abJ&rsquo;ai lanc\u00e9 mon sprint un peu trop t\u00f4t&#8230;\u00bb"},"content":{"rendered":"<p>Ce samedi 31 mai 2025, les coureurs de la 14e \u00e9dition du <strong><a href=\"https:\/\/www.cyclismactu.net\/..\/news-cyclisme-route-tour-de-norvege-maxim-van-gils-3e-etape-en-costaud-brennan-solide-leader-88158.html\" target=\"_blank\" rel=\"noopener\">Tour de Norv\u00e8ge<\/a><\/strong> s&rsquo;\u00e9lan\u00e7aient pour une 3e \u00e9tape, longue de 141,6 km entre J\u00f8rpeland et Heia. Apr\u00e8s sa victoire hier, le jeune coureur britannique de 19 ans, <strong>Matthew Brennan<\/strong> (Visma | Lease a Bike), s&rsquo;est une nouvelle fois illustr\u00e9 sur cette 3e \u00e9tape, en prenant la deuxi\u00e8me place derri\u00e8re le solide puncheur de la formation <strong>Red Bull BORA-Hansgrohe<\/strong>, <strong>Maxim Van Gils<\/strong>. D\u00e9j\u00e0 auteur de 6 victoires cette saison, <strong>Brennan<\/strong> impressionne de jour en jour et reste leader de ce <strong>Tour de Norv\u00e8ge<\/strong>. Le coureur de 19 ans s&rsquo;est exprim\u00e9 apr\u00e8s l&rsquo;\u00e9tape dans le communiqu\u00e9 officiel de son \u00e9quipe.<\/p>\n<p>Vid\u00e9o &#8211; Brennan avait remport\u00e9 la 2e \u00e9tape de ce Tour de Norv\u00e8ge ! Lire la suite de l&rsquo;article&#13;<\/p>\n<p>\u00a0<\/p>\n<p>&#13;<br \/>\n<strong>\u00ab\u00a0Tout au long de l&rsquo;\u00e9tape, j&rsquo;ai senti que j&rsquo;avais de bonnes jambes&#8230;\u00a0\u00bb<\/strong>&#13;<\/p>\n<p><strong>Brennan<\/strong> d\u00e9clare : \u00ab\u00a0Aujourd&rsquo;hui, nos objectifs \u00e9taient clairs : nous voulions remporter l&rsquo;\u00e9tape et conserver le maillot de leader. L&rsquo;\u00e9quipe m&rsquo;a plac\u00e9 en excellente position toute la journ\u00e9e. Nous avons peut-\u00eatre manqu\u00e9 la victoire de peu, mais nous avons tout donn\u00e9. Tout le monde a contribu\u00e9, et je ne peux qu&rsquo;\u00eatre reconnaissant envers mes co\u00e9quipiers.\u00a0\u00bb Le Britannique ajoute : \u00ab\u00a0Tout au long de l&rsquo;\u00e9tape, j&rsquo;ai senti que j&rsquo;avais de nouveau de bonnes jambes. Mais il fallait voir comment les autres se comportaient. Sur le papier, ce n&rsquo;est pas une arriv\u00e9e qui me convient parfaitement. J&rsquo;ai r\u00e9pondu \u00e0 toutes les attaques et j&rsquo;ai su les couvrir. Au final, j&rsquo;ai peut-\u00eatre lanc\u00e9 mon sprint un peu trop t\u00f4t, ce qui m&rsquo;a co\u00fbt\u00e9 cher dans les derniers m\u00e8tres. C&rsquo;est comme \u00e7a que la course se d\u00e9roule parfois. Nous avons fait du bon travail pour le classement g\u00e9n\u00e9ral et nous esp\u00e9rons terminer cette course de la meilleure fa\u00e7on possible demain\u00a0\u00bb, conclut <strong>Matthew Brennan<\/strong> dans le communiqu\u00e9 officiel de la formation <strong>Visma | Lease a Bike<\/strong>.<\/p>\n<p>Tour de Norvege &#8211; Classement de la 3\u00e8 \u00e9tape Tour de Norvege &#8211; Classement g\u00e9n\u00e9ral provisoire apr\u00e8s la 3\u00e8 \u00e9tape<\/p>\n","protected":false},"excerpt":{"rendered":"Ce samedi 31 mai 2025, les coureurs de la 14e \u00e9dition du Tour de Norv\u00e8ge s&rsquo;\u00e9lan\u00e7aient pour une&hellip;\n","protected":false},"author":2,"featured_media":143098,"comment_status":"","ping_status":"","sticky":false,"template":"","format":"standard","meta":{"footnotes":""},"categories":[1411],"tags":[1154,207,211,1011,27,209,60,210,27119,212,208,213],"class_list":{"0":"post-143097","1":"post","2":"type-post","3":"status-publish","4":"format-standard","5":"has-post-thumbnail","7":"category-cyclisme","8":"tag-cycling","9":"tag-cyclisme","10":"tag-ffc","11":"tag-fr","12":"tag-france","13":"tag-route","14":"tag-sports","15":"tag-tour-de-france","16":"tag-tour-de-norvege","17":"tag-uci","18":"tag-velo","19":"tag-world-tour"},"share_on_mastodon":{"url":"https:\/\/pubeurope.com\/@fr\/114605913779674618","error":""},"_links":{"self":[{"href":"https:\/\/www.europesays.com\/fr\/wp-json\/wp\/v2\/posts\/143097","targetHints":{"allow":["GET"]}}],"collection":[{"href":"https:\/\/www.europesays.com\/fr\/wp-json\/wp\/v2\/posts"}],"about":[{"href":"https:\/\/www.europesays.com\/fr\/wp-json\/wp\/v2\/types\/post"}],"author":[{"embeddable":true,"href":"https:\/\/www.europesays.com\/fr\/wp-json\/wp\/v2\/users\/2"}],"replies":[{"embeddable":true,"href":"https:\/\/www.europesays.com\/fr\/wp-json\/wp\/v2\/comments?post=143097"}],"version-history":[{"count":0,"href":"https:\/\/www.europesays.com\/fr\/wp-json\/wp\/v2\/posts\/143097\/revisions"}],"wp:featuredmedia":[{"embeddable":true,"href":"https:\/\/www.europesays.com\/fr\/wp-json\/wp\/v2\/media\/143098"}],"wp:attachment":[{"href":"https:\/\/www.europesays.com\/fr\/wp-json\/wp\/v2\/media?parent=143097"}],"wp:term":[{"taxonomy":"category","embeddable":true,"href":"https:\/\/www.europesays.com\/fr\/wp-json\/wp\/v2\/categories?post=143097"},{"taxonomy":"post_tag","embeddable":true,"href":"https:\/\/www.europesays.com\/fr\/wp-json\/wp\/v2\/tags?post=143097"}],"curies":[{"name":"wp","href":"https:\/\/api.w.org\/{rel}","templated":true}]}}