{"id":143106,"date":"2025-06-01T03:14:13","date_gmt":"2025-06-01T03:14:13","guid":{"rendered":"https:\/\/www.europesays.com\/fr\/143106\/"},"modified":"2025-06-01T03:14:13","modified_gmt":"2025-06-01T03:14:13","slug":"les-chaines-info-en-ordre-de-bataille","status":"publish","type":"post","link":"https:\/\/www.europesays.com\/fr\/143106\/","title":{"rendered":"les cha\u00eenes info en ordre de bataille"},"content":{"rendered":"<p>L&rsquo;ancien pr\u00e9sident de l&rsquo;<a href=\"https:\/\/www.latribune.fr\/economie\/politique\/nos-informations-confidentielles-pecresse-la-preuve-par-le-ticket-ciotti-et-wauquiez-agacent-chez-lr-le-dossier-chaud-de-l-arcom-1009953.html\" target=\"_blank\" rel=\"noopener\">Arcom<\/a> Roch-\u00adOlivier Maistre avait indiqu\u00e9 ne pas vouloir faire un \u00ab\u202fgrand chamboule-\u00adtout\u202f\u00bb sur la <a href=\"https:\/\/www.latribune.fr\/technos-medias\/medias\/tnt-l-ordre-des-chaines-bouscule-ce-qui-attend-les-telespectateurs-1015810.html\" target=\"_blank\" rel=\"noopener\">TNT<\/a>. Il n&#8217;emp\u00eache, la nouvelle num\u00e9rotation d\u00e9cid\u00e9e en janvier par le r\u00e9gulateur et en vigueur d\u00e8s ce vendredi 6\u202fjuin provoque un big bang m\u00e9diatique. Lib\u00e9r\u00e9 par <a href=\"https:\/\/www.latribune.fr\/technos-medias\/medias\/audiovisuel-c8-et-nrj12-vont-s-eteindre-vendredi-pourquoi-est-ce-un-tournant-1019246.html\" target=\"_blank\" rel=\"noopener\">C8<\/a>, dont la fr\u00e9quence n&rsquo;a pas \u00e9t\u00e9 reconduite, le canal\u202f8 sera occup\u00e9 par LCP et Public S\u00e9nat, jusqu&rsquo;alors diffus\u00e9es sur la\u202f13. Sur le canal\u202f12, <a href=\"https:\/\/www.latribune.fr\/la-tribune-dimanche\/culture-et-tendances\/cinema-ecrans\/fin-de-c8-et-nrj-12-mais-ou-ira-cyril-hanouna-1018918.html\" target=\"_blank\" rel=\"noopener\">NRJ\u202f12<\/a> laisse sa place \u00e0 Gulli (ex-18).<\/p>\n<p>Mais, surtout, un nouveau bloc de cha\u00eenes info voit le jour, avec dans l&rsquo;ordre d&rsquo;apparition sur la t\u00e9l\u00e9commande\u2009 : <a href=\"https:\/\/www.latribune.fr\/technos-medias\/medias\/face-a-l-arcom-bfmtv-defend-son-independance-1002433.html\" target=\"_blank\" rel=\"noopener\">BFMTV<\/a> (13), <a href=\"https:\/\/www.latribune.fr\/technos-medias\/medias\/redaction-renforcee-pluralisme-a-l-antenne-cnews-espere-convaincre-l-arcom-de-renouveler-sa-frequence-tnt-1002353.html\" target=\"_blank\" rel=\"noopener\">CNews<\/a> (14), <a href=\"https:\/\/www.latribune.fr\/economie\/international\/la-russie-bloque-l-acces-a-81-medias-europeens-sur-son-territoire-dont-l-afp-le-monde-lci-et-cnews-1000735.html\" target=\"_blank\" rel=\"noopener\">LCI<\/a> (15) et Franceinfo (16). Dans les couloirs de LCI, qui fait un bond de onze places, on ne boude pas cette aubaine comparable \u00ab\u202fau passage de la cha\u00eene sur la TNT gratuite en 2016\u202f\u00bb, souligne Thierry Thuillier, patron de l&rsquo;information du groupe <a href=\"https:\/\/www.latribune.fr\/economie\/france\/emmanuel-macron-sur-tf1-ces-deux-propositions-plebiscitees-par-les-francais-1025123.html\" target=\"_blank\" rel=\"noopener\">TF1<\/a>\u2009: \u00ab\u202fAujourd&rsquo;hui, nous sommes \u00e0 1,8\u202f% de part d&rsquo;audience [en avril]. On a en t\u00eate l&rsquo;objectif des 2\u202f% et on aimerait l&rsquo;atteindre cette ann\u00e9e.\u202f\u00bb<\/p>\n<p>Pour se donner les meilleures chances d&rsquo;y parvenir, la cha\u00eene d\u00e9gainera d\u00e8s le 6\u202fjuin \u00e0 l&rsquo;antenne un nouvel habillage. Parmi les nouveaut\u00e9s de la grille\u2009 : une \u00e9mission diffus\u00e9e les samedis et dimanches de 15\u202fheures \u00e0 17\u202fheures et pr\u00e9sent\u00e9e par \u00c9ric Brunet, qui fait son retour sur la cha\u00eene apr\u00e8s une br\u00e8ve escale sur <a href=\"https:\/\/www.latribune.fr\/technos-medias\/medias\/audiences-tv-cnews-depasse-encore-bfmtv-pour-le-deuxieme-mois-d-affilee-1001239.html\" target=\"_blank\" rel=\"noopener\">BFMTV<\/a>.<\/p>\n<p>Nouveaux visages \u00e0 BFMTV<\/p>\n<p>\u00c0 Franceinfo, le passage du canal\u202f27 au canal\u202f16 boostera-t-il une cha\u00eene qui peine \u00e0 d\u00e9coller\u2009 ? Le mois dernier, elle affichait seulement 0,8\u202f% de part d&rsquo;audience. \u00ab\u202fJ&rsquo;ai une pr\u00e9sidente [Delphine Ernotte] qui m&rsquo;a dit que l&rsquo;audience n&rsquo;\u00e9tait pas son premier sujet\u202f\u00bb, \u00e9vacue la directrice Muriel Pleynet, pr\u00e9f\u00e9rant insister sur les \u00ab\u202f14 \u00e0 15\u202fmillions de personnes que la marque Franceinfo [t\u00e9l\u00e9, radio et num\u00e9rique] r\u00e9unit quotidiennement\u202f\u00bb. Pour accompagner ce changement de canal, une nouvelle tranche pr\u00e9sent\u00e9e par Lo\u00efc de La\u202fMornais sera propos\u00e9e entre 21\u202fheures et 23\u202fheures tandis que le 18-20 de la semaine sera d\u00e9sormais d\u00e9clin\u00e9 le week-end, avec Myriam Encaoua aux manettes.<\/p>\n<p>Le tout saupoudr\u00e9 d&rsquo;une campagne de communication au slogan affirm\u00e9 \u2009: \u00ab\u202fL&rsquo;information n&rsquo;est pas une opinion\u202f\u00bb. Une allusion \u00e0 peine masqu\u00e9e \u00e0 <a href=\"https:\/\/www.latribune.fr\/technos-medias\/medias\/audiences-tv-cnews-depasse-encore-bfmtv-pour-le-deuxieme-mois-d-affilee-1001239.html\" target=\"_blank\" rel=\"noopener\">CNews<\/a>, qui occupait jusqu&rsquo;\u00e0 pr\u00e9sent ce num\u00e9ro\u202f16 et basculera sur le 14. Du c\u00f4t\u00e9 de la cha\u00eene info du groupe <a href=\"https:\/\/www.latribune.fr\/entreprises-finance\/industrie\/automobile\/le-groupe-bollore-leve-le-voile-sur-son-projet-de-gigafactory-de-batteries-en-alsace-997773.html\" target=\"_blank\" rel=\"noopener\">Bollor\u00e9<\/a> -\u202fqui affichait 3,3\u202f% en avril\u202f- on indique \u00ab\u202fne pas craindre les effets de cette nouvelle num\u00e9rotation\u202f\u00bb. Enfin, \u00e0 BFMTV (propri\u00e9t\u00e9, comme La Tribune Dimanche, de CMA M\u00e9dia), dont l&rsquo;audience \u00e9tait de 2,7\u202f% en avril, le directeur g\u00e9n\u00e9ral Fabien Namias souligne que \u00ab\u202fla cha\u00eene sera la premi\u00e8re du \u00ab\u00a0bloc info\u00a0\u00bb\u202f\u00bb.<\/p>\n<p>[BFMTV] demeure de tr\u00e8s loin la cha\u00eene d&rsquo;information la plus regard\u00e9e [avec 12\u202fmillions de t\u00e9l\u00e9spectateurs quotidiens contre 8,5 pour CNews] et la plus performante sur les cibles actives et les jeunes.<\/p>\n<p class=\"VerbatimLT_verbatim-lt__content--author__4fH8g\">Fabien Namias<\/p>\n<p>\u00ab\u202fC&rsquo;est une sorte de symbole, un signal fort qu&rsquo;elle est une boussole pour les Fran\u00e7ais. Elle demeure de tr\u00e8s loin la cha\u00eene d&rsquo;information la plus regard\u00e9e [avec 12\u202fmillions de t\u00e9l\u00e9spectateurs quotidiens contre 8,5 pour CNews] et la plus performante sur les cibles actives et les jeunes.\u202f\u00bb<\/p>\n<p>\u00c0 l&rsquo;antenne, les grands changements auront lieu lors de la rentr\u00e9e fin ao\u00fbt. Sans certains visages familiers (Ashley Chevalier, C\u00e9dric Faiche ou Nicolas Doze), qui ont pris la clause de cession ouverte \u00e0 la suite du rachat de l&rsquo;entreprise en juillet dernier, mais avec de nouvelles figures comme Marc Fauvelle et Nicolas Poincar\u00e9. Et sans nul doute de profonds changements \u00e0 la matinale.<\/p>\n<p>Qui pour remplacer Anne-Sophie Lapix\u2009?<\/p>\n<p>La rumeur bruissait depuis d\u00e9j\u00e0 quelques semaines. Mais c&rsquo;est mardi qu&rsquo;a \u00e9t\u00e9 officialis\u00e9 le d\u00e9part d&rsquo;<a href=\"https:\/\/www.latribune.fr\/culture-lifestyle\/anne-sophie-lapix-mon-but-n-est-pas-d-etre-agressive-avec-mes-invites-999421.html\" target=\"_blank\" rel=\"noopener\">Anne-Sophie Lapix<\/a> du 20\u202fHeures de France\u202f2. La faute \u00e0 des audiences en d\u00e9crochage par rapport \u00e0 celles de TF1. \u00ab\u202fElle a aussi pay\u00e9 ses interviews muscl\u00e9es qui ont agac\u00e9 certains politiques\u202f\u00bb, glisse un membre de la r\u00e9daction. Du c\u00f4t\u00e9 de France T\u00e9l\u00e9visions, on assure \u00ab\u202ftravailler avec elle sur de nouveaux projets pour la rentr\u00e9e\u202f\u00bb, sans indiquer pour l&rsquo;heure le nom de son\u202fsuccesseur.<\/p>\n<p><img alt=\"Qui pourra remplacer Anne-Sophie Lapix\u2009?\" loading=\"lazy\" decoding=\"async\" data-nimg=\"fill\" class=\" TwicCore_img__i9TC1 undefined  undefined\" style=\"position:absolute;height:100%;width:100%;left:0;top:0;right:0;bottom:0;color:transparent;background-size:cover;background-position:50% 50%;background-repeat:no-repeat;background-image:url(&quot;data:image\/svg+xml;charset=utf-8,%3Csvg xmlns='http:\/\/www.w3.org\/2000\/svg' %3E%3Cfilter id='b' color-interpolation-filters='sRGB'%3E%3CfeGaussianBlur stdDeviation='20'\/%3E%3CfeColorMatrix values='1 0 0 0 0 0 1 0 0 0 0 0 1 0 0 0 0 0 100 -1' result='s'\/%3E%3CfeFlood x='0' y='0' width='100%25' height='100%25'\/%3E%3CfeComposite operator='out' in='s'\/%3E%3CfeComposite in2='SourceGraphic'\/%3E%3CfeGaussianBlur stdDeviation='20'\/%3E%3C\/filter%3E%3Cimage width='100%25' height='100%25' x='0' y='0' preserveAspectRatio='none' style='filter: url(%23b);' href='data:image\/png;base64,iVBORw0KGgoAAAANSUhEUgAAAT4AAAC2BAMAAACygvwCAAAAAXNSR0IArs4c6QAAACFQTFRF\/\/\/\/8\/f44+zwytrirMTUl7XIeqG5XIqqNW+XH16MD1KGr8SVvQAABu1JREFUeNrs0rtKA0EUxvFvNqu2Yxas13hrN1qonReCraJRLBVJYSWCsVcstBQEk1rR3ZfRB\/D2BCE+gJd8JKNrOkWypzi\/4uyZrf7sLJRSSimllFJKKaWUUkoppZRSWTODLRDBK5XKpbWud+uVlmVI4NfjenzZ\/S5pOZLRx5QYPwwldNGL28Nf5NszlNo3CTJS+0wE8oaF9uVCgKT2BWgrCO1zXb4V2WeKaPMikX1eiA6hfRYdIyL78uxrcAusxL4Cx6O7aXl98xwPTQDGSutzH+39+Z59RYF9vgXw8XLHvSCtzzU1mk98BAL7ihxvaPDhh+L6vGHO16moyeecuD4Tcg5VdmwvfkAfvxVYzkF3EvL9yh0WeaTlrYg+891X6L7tjPlJWmjOkh+2hPXxmHYkrG8goRrVuV0J65vlvFmkTa63wvp2Oa9BE1zjOVF9I2ec56C+hPay7quljdZoD5Q75X6MbHnltKBMEciUuK8iW7nDtDG3VBYsAJ9rdfzQOSgCWOK2hZYNbisc1ZDnaXf+Uo3+9\/+bTpzaiQX6ud3OJE493gZ2ue3jk10z9m0aiOLwM64yX0oJa2AglIn2KiqYUkBFMFEUKpGJIBFEJpIUhWYjBdV0bRxKdmLf\/ZXo3fniF3OZ2rss\/QbrnWQrn372u\/MlgazqTvH4GsevsOpJgnDkh8RV6mfY01ajgt\/Yv5\/s2fxiZskPRax+qUu\/lBX8tIg1P3niPz\/5xfhRWnl+Q+KXVP37ndv8Rvb8RMu\/38zqZ3n+kNj78yfTe7nfhPOd6bL8EFEnfuIi0lzSj\/7egdXt7PUg6CizR9rPTCAPluanlY0fzc2B3wwASja\/TSxa9vywQ\/z4YX4QWvyCprqN9v5Fc+L3jCu2nORn80sHg2942oRZ80Ni0h\/Z89d3lV+p2B+G95b119DRfoRzJ\/lxzj9jkVT+8+sDWPIz+PETUfRLInGp6CeOmMlvRX6U78aP0F91fnRxsvjZ+1ccr8DvB5QW+negTEZNkx\/12\/fvlzykfuNyef2F6u6m+eBAXdZSfnvDBT\/x8a3iqUO\/N7DgZ85Ln5g5ck3mfvUa1n7WD6mGsmv3k5sSOYDgsUTq2i888+aXHKpxXPQr70rkvkSSxn72Yq\/94B31E43nmqqL+Tno6AyK\/aEjqkhKUs38KrkfMlX8qTtZ33REXeonhJCKFM\/OmUDmB0PjR3HhN4NQf7eW+xFmwVASRnO\/mi+\/vwCd4vxMhcgYxYxfeOYrP5NFz7p+wAa5wTHM\/YKX\/vJbmy7bH40ZTiwGcZD7wS1f+dn2HxrxGyeM8NgMT4D4wdCRXxghWFWw+AkAtQhp4+F0NzKcft0CZOMTSsmLIwYA2T7NXPQholyJ3w2OzKttVOaq4shNbrjLQLO+c9huN7bVkCNsfvUdTmGwKgIAdv1Pzn\/t2sFu1EYcx\/Hv3057qZT8HYx6a2eb3VzrtNlIPWU3ITk36yznqiU8APc+QnmEigdoe67KoeEKl8ANRYBzDoongRvgAXY8SCuuFiA0H8nyePSX5qeRPDOS\/XlbHfFJ+8nwMel7DYFAgA1AdK5f6V4yLSHdbxuD6R7JjoGNA0M6ncDqgZJO8gK5+isAX\/wMqwUL0z3Yvaak1\/dg2CthcL2AqRkWSAnDadHF99\/k7TkyLRXZ31Hy\/TVkR5HtvkH2x1D2R8hWbki3hgCkBawoy28q07dVl3\/YgtxswfrKGpQ6WEO2Ib+iXeTjxX1FUHj6wHD38U3AIIu3FDn9HRYPFS4BycsTAlvBw5vw1R3IjhOQHpD9aUDUAAr8e9hJPmdBThSw\/klQsI3FYdteAXA1MwpNBViEM3yFKoCD0ARqOsjn9SyeA3AKenyEEFwouOQ2tHFOQ\/Vx1fZltFy21PH\/Bwp6rr4hgNQK9kcDyRivLuBV+g0zCo+BdIRwZplxQssmDm\/ddJLvy00LFsg3KxyQuQx0x0Ae8jUGmlslM5aZfoEjcAktl73Lp53ke\/VXhakVmlPbzp8A\/4N7+g\/eogL3ns+tcseHCAQnBInFu111ku\/l38BaBvU5OEB7AtaCNEd4jUD6\/fnc\/DVHOFYM3jlBUuE9sp29H1lPwT0DAWRZYJ47gXQPTwmEgeJVtJYSS9BVPln6A3AXBQ6Q\/wRPeoCG4TO8RENOJ6IgCjhCha3wlrWrfLg6A54UCKB1hkt+sbj8BlyMKj9ms\/AtM18X\/nYDnm1WnPUboAGeTCqwdVg0dws6kExArqRjknIwQrZhYEoYXmv338GBko4vF8juBIAFv69emo6Rjd+U9OoY1r8roX9QQLmeF8hsKzcf4vwiBMI8JVxePPNHURRFURRFURRFURRFURRFURRFURRFURTNew2yWjoowjMyqwAAAABJRU5ErkJggg=='\/%3E%3C\/svg%3E&quot;)\"   src=\"https:\/\/www.latribune.fr\/415\/2593415.jpg?twic=v1\/cover=1200x675\"\/>Qui pourra remplacer Anne-Sophie Lapix ? (Cr\u00e9dits : LTD\/Delphine GHOSAROSSIAN &#8211; FTV)<\/p>\n<p>Dans les couloirs\u00a0du groupe public, les noms de Julien Arnaud, de Maya Lauqu\u00e9 ou encore, selon nos informations, plus r\u00e9cemment d&rsquo;Aur\u00e9lie Casse ont circul\u00e9. Mais c&rsquo;est celui de Caroline Roux qui alimente toutes les discussions entre salari\u00e9s. \u00ab\u202fCe n&rsquo;est pas une \u00e9vidence pour elle, elle\u00a0a conscience qu&rsquo;elle aurait moins\u00a0de libert\u00e9 que dans <a href=\"https:\/\/www.latribune.fr\/la-tribune-dimanche\/culture-et-tendances\/cinema-ecrans\/bertrand-chameroy-aujourd-hui-je-n-ai-plus-honte-de-parler-de-depression-1023061.html\" target=\"_blank\" rel=\"noopener\">C dans l&rsquo;air<\/a>\u00a0ou dans L&rsquo;\u00c9v\u00e9nement [l&rsquo;\u00e9mission politique de France\u202f2]\u202f\u00bb, d\u00e9crypte\u00a0un visage de l&rsquo;info de France T\u00e9l\u00e9visions. La piste externe est \u00e9galement envisag\u00e9e. Avec un nom qui revient\u2009 : Anne-Claire Coudray. \u00ab\u202f\u00c7a serait malin car \u00e7a fragiliserait TF1, confie une figure du service public. Un peu comme quand TF1 avait fait venir de France\u202f2 Marie-Sophie Lacarrau.\u202f\u00bb La d\u00e9cision devrait \u00eatre annonc\u00e9e dans\u00a0le courant de la semaine.<\/p>\n<p>Une \u00e9pop\u00e9e au f\u00e9minin (3,5\u2b50\/5) <\/p>\n<p>Septembre\u202f2024. L&rsquo;entreprise am\u00e9ricaine Tupperware fait faillite, signant la fin d&rsquo;une \u00e9poque. Dans un podcast disponible sur Arte Radio, les journalistes Daphn\u00e9 Turpin et Jos\u00e9phine Duteuil se plongent dans l&rsquo;histoire de cette marque iconique lanc\u00e9e juste apr\u00e8s la Seconde Guerre mondiale. Leur ambition\u2009: montrer comment elle a permis \u00e0 de nombreuses femmes au foyer de s&rsquo;\u00e9manciper, gr\u00e2ce aux fameuses \u00ab\u202fr\u00e9unions Tupperware\u202f\u00bb, un syst\u00e8me de vente \u00e0 domicile destin\u00e9 \u00e0 remplir les carnets de commandes mais \u00e9galement \u00e0 recruter d&rsquo;autres \u00ab\u202fvendeuses\u202f\u00bb. Malicieusement baptis\u00e9 Plastic Queens, ce documentaire sonore d&rsquo;une trentaine de minutes remarquablement produit nous donne \u00e0 entendre le r\u00e9cit -\u202f\u00e9maill\u00e9 de tendres anecdotes\u202f- de Josette et Josiane, qui ont sillonn\u00e9 les routes de France pendant un demi-si\u00e8cle. Sans mettre sous le tapis les travers d&rsquo;un syst\u00e8me n\u00e9olib\u00e9ral ub\u00e9ris\u00e9 avant l&rsquo;heure, n&rsquo;offrant aucun droit \u00e0 la retraite.\u202f\u202f<\/p>\n<p><strong>Plastic Queens, disponible sur Arte Radio, l&rsquo;application Radio France ainsi que toutes les plateformes de podcasts.<\/strong><\/p>\n","protected":false},"excerpt":{"rendered":"L&rsquo;ancien pr\u00e9sident de l&rsquo;Arcom Roch-\u00adOlivier Maistre avait indiqu\u00e9 ne pas vouloir faire un \u00ab\u202fgrand chamboule-\u00adtout\u202f\u00bb sur la TNT.&hellip;\n","protected":false},"author":2,"featured_media":143107,"comment_status":"","ping_status":"","sticky":false,"template":"","format":"standard","meta":{"footnotes":""},"categories":[1356],"tags":[17,27121,27120,27122,58,59,1011,27,1922,3102,151,18842,252,3171,1364],"class_list":{"0":"post-143106","1":"post","2":"type-post","3":"status-publish","4":"format-standard","5":"has-post-thumbnail","7":"category-television","8":"tag-17","9":"tag-bang","10":"tag-big","11":"tag-chaines","12":"tag-divertissement","13":"tag-entertainment","14":"tag-fr","15":"tag-france","16":"tag-info","17":"tag-la-tribune-dimanche","18":"tag-les","19":"tag-ordre","20":"tag-television","21":"tag-tnt","22":"tag-tv"},"share_on_mastodon":{"url":"https:\/\/pubeurope.com\/@fr\/114605933430696056","error":""},"_links":{"self":[{"href":"https:\/\/www.europesays.com\/fr\/wp-json\/wp\/v2\/posts\/143106","targetHints":{"allow":["GET"]}}],"collection":[{"href":"https:\/\/www.europesays.com\/fr\/wp-json\/wp\/v2\/posts"}],"about":[{"href":"https:\/\/www.europesays.com\/fr\/wp-json\/wp\/v2\/types\/post"}],"author":[{"embeddable":true,"href":"https:\/\/www.europesays.com\/fr\/wp-json\/wp\/v2\/users\/2"}],"replies":[{"embeddable":true,"href":"https:\/\/www.europesays.com\/fr\/wp-json\/wp\/v2\/comments?post=143106"}],"version-history":[{"count":0,"href":"https:\/\/www.europesays.com\/fr\/wp-json\/wp\/v2\/posts\/143106\/revisions"}],"wp:featuredmedia":[{"embeddable":true,"href":"https:\/\/www.europesays.com\/fr\/wp-json\/wp\/v2\/media\/143107"}],"wp:attachment":[{"href":"https:\/\/www.europesays.com\/fr\/wp-json\/wp\/v2\/media?parent=143106"}],"wp:term":[{"taxonomy":"category","embeddable":true,"href":"https:\/\/www.europesays.com\/fr\/wp-json\/wp\/v2\/categories?post=143106"},{"taxonomy":"post_tag","embeddable":true,"href":"https:\/\/www.europesays.com\/fr\/wp-json\/wp\/v2\/tags?post=143106"}],"curies":[{"name":"wp","href":"https:\/\/api.w.org\/{rel}","templated":true}]}}