{"id":143120,"date":"2025-06-01T03:23:10","date_gmt":"2025-06-01T03:23:10","guid":{"rendered":"https:\/\/www.europesays.com\/fr\/143120\/"},"modified":"2025-06-01T03:23:10","modified_gmt":"2025-06-01T03:23:10","slug":"le-psg-surclasse-linter-milan-en-finale-de-la-ligue-des-champions-et-remporte-son-premier-trophee","status":"publish","type":"post","link":"https:\/\/www.europesays.com\/fr\/143120\/","title":{"rendered":"Le PSG surclasse l\u2019Inter Milan\u00a0en finale de la Ligue des champions\u00a0et remporte son premier troph\u00e9e"},"content":{"rendered":"<p>        <img decoding=\"async\" loading=\"lazy\" src=\"https:\/\/www.europesays.com\/fr\/wp-content\/uploads\/2025\/06\/3febd09_sirius-fs-upload-1-s9h4mitigiz1-1748728044571-000-48rg2nc.jpg\"  width=\"728\" height=\"409\" alt=\"Marquinhos soul\u00e8ve la Ligue des champions apr\u00e8s la victoire du PSG contre l\u2019Inter Milan.\"\/>  <\/p>\n<p>FRANCK FIFE \/ AFP<\/p>\n<p>Marquinhos soul\u00e8ve la Ligue des champions apr\u00e8s la victoire du PSG contre l\u2019Inter Milan.<\/p>\n<p class=\"asset asset-text\">FOOTBALL &#8211; \u00ab\u00a0Paris est magique.\u00a0\u00bb Jamais l\u2019expression n\u2019aura jamais aussi bien port\u00e9 son nom qu\u2019en ce soir de <a href=\"https:\/\/www.huffingtonpost.fr\/medias\/article\/sur-m6-et-canal-le-match-psg-inter-milan-promet-une-audience-record-et-un-jackpot-pour-les-chaines-clx1_249779.html\" rel=\"nofollow noopener\" target=\"_blank\">finale de Ligue des champions<\/a>. Le PSG a surclass\u00e9 l\u2019Inter Milan pour devenir le deuxi\u00e8me club fran\u00e7ais -apr\u00e8s <a href=\"https:\/\/www.huffingtonpost.fr\/sport\/article\/a-marseille-psg-inter-milan-en-finale-de-ligue-des-champions-sera-aussi-un-enjeu-de-securite_250625.html\" rel=\"nofollow noopener\" target=\"_blank\">l\u2019OM<\/a> en 1993- \u00e0 remporter cette coupe d\u2019Europe. La d\u00e9monstration des parisiens est in\u00e9dite dans l\u2019histoire de la comp\u00e9tition\u00a0; jamais une \u00e9quipe ne s\u2019est impos\u00e9e avec un tel \u00e9cart en finale.<\/p>\n<p class=\"asset asset-text\">Dans une Allianz Arena de Munich qui avait des airs de Parc des Princes ce samedi 31\u00a0mai, les joueurs de Luis Enrique n\u2019ont, en r\u00e9alit\u00e9, jamais trembl\u00e9.<\/p>\n<p class=\"asset asset-text\">M\u00eame avant la 12e minute et l\u2019ouverture du score d\u2019Achrak Hakimi, le PSG avait mis sa patte sur la finale. Ce but inscrit \u00e0 l\u2019issue d\u2019un magnifique mouvement collectif a r\u00e9compens\u00e9 une entame de match parfaite.<\/p>\n<p> La lecture de ce contenu est susceptible d\u2019entra\u00eener un d\u00e9p\u00f4t de cookies de la part de l\u2019op\u00e9rateur tiers qui l\u2019h\u00e9berge. Compte-tenu des choix que vous avez exprim\u00e9s en mati\u00e8re de d\u00e9p\u00f4t de cookies, nous avons bloqu\u00e9 l\u2019affichage de ce contenu. Si vous souhaitez y acc\u00e9der, vous devez accepter la cat\u00e9gorie de cookies \u201cContenus tiers\u201d en cliquant sur le bouton ci-dessous. <\/p>\n<p> Lire la Vid\u00e9o        <\/p>\n<p class=\"asset asset-text\">Moins de dix minutes plus tard, Desir\u00e9 Dou\u00e9 est pass\u00e9 de passeur \u00e0 buteur, \u00e0 l\u2019issue d\u2019un contre \u00e9clair men\u00e9 sur le c\u00f4t\u00e9 gauche par Ousmane Dembele.<\/p>\n<p> La lecture de ce contenu est susceptible d\u2019entra\u00eener un d\u00e9p\u00f4t de cookies de la part de l\u2019op\u00e9rateur tiers qui l\u2019h\u00e9berge. Compte-tenu des choix que vous avez exprim\u00e9s en mati\u00e8re de d\u00e9p\u00f4t de cookies, nous avons bloqu\u00e9 l\u2019affichage de ce contenu. Si vous souhaitez y acc\u00e9der, vous devez accepter la cat\u00e9gorie de cookies \u201cContenus tiers\u201d en cliquant sur le bouton ci-dessous. <\/p>\n<p> Lire la Vid\u00e9o        <\/p>\n<p class=\"asset asset-text\">\u00c0 la mi-temps, le PSG s\u2019\u00e9tait d\u00e9j\u00e0 beaucoup rapproch\u00e9 bonheur supr\u00eame, celui qui s\u2019\u00e9tait refus\u00e9 \u00e0 lui en 2000\u00a0lors de sa premi\u00e8re finale contre le Bayern Munich. 45\u00a0minutes plus tard, le score n\u2019avait fait qu\u2019enfler. C\u2019est d\u2019abord D\u00e9sir\u00e9 Dou\u00e9 qui s\u2019est offert un doubl\u00e9 \u00e0 quelques jours de son 20e anniversaire.<\/p>\n<p> La lecture de ce contenu est susceptible d\u2019entra\u00eener un d\u00e9p\u00f4t de cookies de la part de l\u2019op\u00e9rateur tiers qui l\u2019h\u00e9berge. Compte-tenu des choix que vous avez exprim\u00e9s en mati\u00e8re de d\u00e9p\u00f4t de cookies, nous avons bloqu\u00e9 l\u2019affichage de ce contenu. Si vous souhaitez y acc\u00e9der, vous devez accepter la cat\u00e9gorie de cookies \u201cContenus tiers\u201d en cliquant sur le bouton ci-dessous. <\/p>\n<p> Lire la Vid\u00e9o        <\/p>\n<p class=\"asset asset-text\">C\u2019est ensuite Khvicha Kvaratskhelia qui y est all\u00e9 de de son but.<\/p>\n<p> La lecture de ce contenu est susceptible d\u2019entra\u00eener un d\u00e9p\u00f4t de cookies de la part de l\u2019op\u00e9rateur tiers qui l\u2019h\u00e9berge. Compte-tenu des choix que vous avez exprim\u00e9s en mati\u00e8re de d\u00e9p\u00f4t de cookies, nous avons bloqu\u00e9 l\u2019affichage de ce contenu. Si vous souhaitez y acc\u00e9der, vous devez accepter la cat\u00e9gorie de cookies \u201cContenus tiers\u201d en cliquant sur le bouton ci-dessous. <\/p>\n<p> Lire la Vid\u00e9o        <\/p>\n<p class=\"asset asset-text\">Senny Mayulu s\u2019est charg\u00e9 de conclure la soir\u00e9e en beaut\u00e9 et d\u2019offrir au PSG la plus large victoire de l\u2019histoire des finales.<\/p>\n<p> La lecture de ce contenu est susceptible d\u2019entra\u00eener un d\u00e9p\u00f4t de cookies de la part de l\u2019op\u00e9rateur tiers qui l\u2019h\u00e9berge. Compte-tenu des choix que vous avez exprim\u00e9s en mati\u00e8re de d\u00e9p\u00f4t de cookies, nous avons bloqu\u00e9 l\u2019affichage de ce contenu. Si vous souhaitez y acc\u00e9der, vous devez accepter la cat\u00e9gorie de cookies \u201cContenus tiers\u201d en cliquant sur le bouton ci-dessous. <\/p>\n<p> Lire la Vid\u00e9o        <\/p>\n<p class=\"asset asset-text\">14\u00a0ans apr\u00e8s son rachat par le Qatar, 5\u00a0ans apr\u00e8s sa d\u00e9faite en finale, un an apr\u00e8s le d\u00e9part de Kylian Mbapp\u00e9, le PSG est sur le toit de l\u2019Europe. Il est le deuxi\u00e8me club fran\u00e7ais \u00e0 inscrire son nom au palmar\u00e8s de la comp\u00e9tition, le premier \u00e0 gagner (apr\u00e8s la Coupe des coupes de 1996) une deuxi\u00e8me coupe d\u2019Europe.<\/p>\n","protected":false},"excerpt":{"rendered":"FRANCK FIFE \/ AFP Marquinhos soul\u00e8ve la Ligue des champions apr\u00e8s la victoire du PSG contre l\u2019Inter Milan.&hellip;\n","protected":false},"author":2,"featured_media":143121,"comment_status":"","ping_status":"","sticky":false,"template":"","format":"standard","meta":{"footnotes":""},"categories":[4],"tags":[11,63,1011,27,447,12,2332,25,517],"class_list":{"0":"post-143120","1":"post","2":"type-post","3":"status-publish","4":"format-standard","5":"has-post-thumbnail","7":"category-france","8":"tag-actualites","9":"tag-football","10":"tag-fr","11":"tag-france","12":"tag-ligue-des-champions","13":"tag-news","14":"tag-paris-saint-germain-psg","15":"tag-republique-francaise","16":"tag-sport"},"share_on_mastodon":{"url":"https:\/\/pubeurope.com\/@fr\/114605968887590742","error":""},"_links":{"self":[{"href":"https:\/\/www.europesays.com\/fr\/wp-json\/wp\/v2\/posts\/143120","targetHints":{"allow":["GET"]}}],"collection":[{"href":"https:\/\/www.europesays.com\/fr\/wp-json\/wp\/v2\/posts"}],"about":[{"href":"https:\/\/www.europesays.com\/fr\/wp-json\/wp\/v2\/types\/post"}],"author":[{"embeddable":true,"href":"https:\/\/www.europesays.com\/fr\/wp-json\/wp\/v2\/users\/2"}],"replies":[{"embeddable":true,"href":"https:\/\/www.europesays.com\/fr\/wp-json\/wp\/v2\/comments?post=143120"}],"version-history":[{"count":0,"href":"https:\/\/www.europesays.com\/fr\/wp-json\/wp\/v2\/posts\/143120\/revisions"}],"wp:featuredmedia":[{"embeddable":true,"href":"https:\/\/www.europesays.com\/fr\/wp-json\/wp\/v2\/media\/143121"}],"wp:attachment":[{"href":"https:\/\/www.europesays.com\/fr\/wp-json\/wp\/v2\/media?parent=143120"}],"wp:term":[{"taxonomy":"category","embeddable":true,"href":"https:\/\/www.europesays.com\/fr\/wp-json\/wp\/v2\/categories?post=143120"},{"taxonomy":"post_tag","embeddable":true,"href":"https:\/\/www.europesays.com\/fr\/wp-json\/wp\/v2\/tags?post=143120"}],"curies":[{"name":"wp","href":"https:\/\/api.w.org\/{rel}","templated":true}]}}